{"id":82636,"date":"2022-06-30T08:38:48","date_gmt":"2022-06-30T11:38:48","guid":{"rendered":"https:\/\/pdt-rj.org.br\/?p=82636"},"modified":"2022-06-30T20:32:06","modified_gmt":"2022-06-30T23:32:06","slug":"pdt-vai-ao-stf-contra-atendimentos-reduzidos-de-planos-de-saude","status":"publish","type":"post","link":"https:\/\/pdt-rj.org.br\/index.php\/pdt-vai-ao-stf-contra-atendimentos-reduzidos-de-planos-de-saude\/","title":{"rendered":"PDT vai ao STF contra atendimentos reduzidos de planos de sa\u00fade"},"content":{"rendered":"<p><strong>ANS editou norma que limita o n\u00famero de procedimentos oferecidos pelas empresas<\/strong><\/p>\n<p>O PDT acaba de entrar com uma a\u00e7\u00e3o no Supremo Tribunal Federal (STF) contra a Ag\u00eancia Nacional de Sa\u00fade Suplementar (ANS). Recentemente, o \u00f3rg\u00e3o editou uma Resolu\u00e7\u00e3o Normativa em que torna taxativo o rol de procedimentos obrigat\u00f3rios em sa\u00fade. A medida restringe atendimentos e vai dificultar o acesso a tratamento por parte dos usu\u00e1rios de plano de sa\u00fade \u2013 em claro favorecimento \u00e0s empresas. O partido trabalhista defende que tal norma viola o direito a sa\u00fade, dentre outras garantias constitucionais.<\/p>\n<p>At\u00e9 a edi\u00e7\u00e3o da Resolu\u00e7\u00e3o Normativa n\u00ba 465 da ANS, o rol de procedimentos estabelecido pelo \u00f3rg\u00e3o era exemplificativo, ou seja, servia como par\u00e2metro para os planos de sa\u00fade nos atendimentos ofertados, podendo estes serem superiores ao que definia a ag\u00eancia. Agora, a lista apresentada \u00e9 taxativa \u2013 n\u00e3o mais referencial \u2013 e limita o servi\u00e7o dispon\u00edvel aos usu\u00e1rios da sa\u00fade suplementar.<\/p>\n<p>\u201cA concep\u00e7\u00e3o do Rol como taxativo conduz \u00e0 diminui\u00e7\u00e3o de coberturas dispon\u00edveis, de modo a estorvar o acesso aos servi\u00e7os necess\u00e1rios \u00e0 salvaguarda da vida e da sa\u00fade dos usu\u00e1rios. Isso porque, para al\u00e9m do processo de atualiza\u00e7\u00e3o do rol n\u00e3o ser constante e c\u00e9lere, criar\u00e1 mais entraves para que servi\u00e7os essenciais \u00e0 garantia da vida e da sa\u00fade sejam usufru\u00eddos pelos cidad\u00e3os\u201d, explica o documento enviado ao STF.<\/p>\n<p>Para o PDT, a ANS atenta contra as garantias constitucionais do direito a vida, a dignidade da pessoa humana, a sa\u00fade, a legalidade e a prote\u00e7\u00e3o econ\u00f4mica do consumidor, o que justifica a A\u00e7\u00e3o de Descumprimento de Preceito Fundamental (ADPF). Este epis\u00f3dio complementa a atua\u00e7\u00e3o pedetista nos tribunais do pa\u00eds em defesa da popula\u00e7\u00e3o brasileira.<\/p>\n<p>\u201cO PDT est\u00e1 sempre atento aos interesses do povo brasileiro. Discriminar pessoas com necessidades, em ben\u00e9ficos dos conglomerados de sa\u00fade existentes no Brasil \u00e9 um absurdo. Vamos trabalhar para derrubar isso\u201d, afirma o presidente nacional do PDT, Carlos Lupi.<\/p>\n<p>Clique abaixo e leia \u00edntegra da a\u00e7\u00e3o.<\/p>\n<p><a href=\"https:\/\/www.pdt.org.br\/wp-content\/uploads\/2022\/06\/PETICAO.INICIAL.def_..pdf\" data-wpel-link=\"internal\">PETICAO.INICIAL.def.<\/a><\/p>\n<!-- AddThis Advanced Settings generic via filter on the_content --><!-- AddThis Share Buttons generic via filter on the_content -->","protected":false},"excerpt":{"rendered":"<p>ANS editou norma que limita o n\u00famero de procedimentos oferecidos pelas empresas O PDT acaba de entrar com uma a\u00e7\u00e3o no Supremo Tribunal Federal (STF) contra a Ag\u00eancia Nacional de Sa\u00fade Suplementar (ANS). Recentemente, o \u00f3rg\u00e3o editou uma Resolu\u00e7\u00e3o Normativa em que torna taxativo o rol de procedimentos obrigat\u00f3rios em sa\u00fade. A medida restringe atendimentos&#8230;<!-- AddThis Advanced Settings generic via filter on wp_trim_excerpt --><!-- AddThis Share Buttons generic via filter on wp_trim_excerpt --><\/p>\n","protected":false},"author":17,"featured_media":82637,"comment_status":"closed","ping_status":"closed","sticky":false,"template":"","format":"standard","meta":{"_monsterinsights_skip_tracking":false,"_monsterinsights_sitenote_active":false,"_monsterinsights_sitenote_note":"","_monsterinsights_sitenote_category":0,"_uf_show_specific_survey":0,"_uf_disable_surveys":false,"footnotes":""},"categories":[1390,1401],"tags":[],"class_list":["post-82636","post","type-post","status-publish","format-standard","has-post-thumbnail","hentry","category-editorias","category-nacional"],"acf":[],"_links":{"self":[{"href":"https:\/\/pdt-rj.org.br\/index.php\/wp-json\/wp\/v2\/posts\/82636","targetHints":{"allow":["GET"]}}],"collection":[{"href":"https:\/\/pdt-rj.org.br\/index.php\/wp-json\/wp\/v2\/posts"}],"about":[{"href":"https:\/\/pdt-rj.org.br\/index.php\/wp-json\/wp\/v2\/types\/post"}],"author":[{"embeddable":true,"href":"https:\/\/pdt-rj.org.br\/index.php\/wp-json\/wp\/v2\/users\/17"}],"replies":[{"embeddable":true,"href":"https:\/\/pdt-rj.org.br\/index.php\/wp-json\/wp\/v2\/comments?post=82636"}],"version-history":[{"count":3,"href":"https:\/\/pdt-rj.org.br\/index.php\/wp-json\/wp\/v2\/posts\/82636\/revisions"}],"predecessor-version":[{"id":82653,"href":"https:\/\/pdt-rj.org.br\/index.php\/wp-json\/wp\/v2\/posts\/82636\/revisions\/82653"}],"wp:featuredmedia":[{"embeddable":true,"href":"https:\/\/pdt-rj.org.br\/index.php\/wp-json\/wp\/v2\/media\/82637"}],"wp:attachment":[{"href":"https:\/\/pdt-rj.org.br\/index.php\/wp-json\/wp\/v2\/media?parent=82636"}],"wp:term":[{"taxonomy":"category","embeddable":true,"href":"https:\/\/pdt-rj.org.br\/index.php\/wp-json\/wp\/v2\/categories?post=82636"},{"taxonomy":"post_tag","embeddable":true,"href":"https:\/\/pdt-rj.org.br\/index.php\/wp-json\/wp\/v2\/tags?post=82636"}],"curies":[{"name":"wp","href":"https:\/\/api.w.org\/{rel}","templated":true}]}}