{"id":82538,"date":"2022-06-22T10:50:34","date_gmt":"2022-06-22T13:50:34","guid":{"rendered":"https:\/\/pdt-rj.org.br\/?p=82538"},"modified":"2022-06-22T10:57:39","modified_gmt":"2022-06-22T13:57:39","slug":"empresa-fantasma-recebe-recurso-para-motociatas-de-bolsonaro","status":"publish","type":"post","link":"https:\/\/pdt-rj.org.br\/index.php\/empresa-fantasma-recebe-recurso-para-motociatas-de-bolsonaro\/","title":{"rendered":"Empresa fantasma recebe recurso para motociatas de Bolsonaro"},"content":{"rendered":"<h3>Associa\u00e7\u00e3o que vendia ingresso para os eventos n\u00e3o responde no endere\u00e7o em que est\u00e1 cadastrada<\/h3>\n<p>Ind\u00edcios apontam irregularidade no financiamento das motociatas do presidente e pr\u00e9-candidato \u00e0 reelei\u00e7\u00e3o Jair Bolsonaro, como suspeitava o PDT. Em abril, o partido entrou com uma a\u00e7\u00e3o no Tribunal Superior Eleitoral (TSE) para que houvesse publicidade do financiamento dos eventos e citou a Associa\u00e7\u00e3o Mensagem de Esperan\u00e7a Campinas (AMEC), pessoa jur\u00eddica, como recebedora dos recursos. O andamento do processo revelou que a referida empresa apresenta fortes ind\u00edcios de ser fantasma.<\/p>\n<p>A a\u00e7\u00e3o movida pelo PDT no TSE teve decis\u00e3o favor\u00e1vel do ministro Alexandre de Moraes, no dia 2 de maio. Foi ent\u00e3o que a Justi\u00e7a tentou acionar a AMEC e n\u00e3o teve sucesso. Apesar de ter o endere\u00e7o cadastrado na Receita Federal, n\u00e3o \u00e9 l\u00e1 onde a Associa\u00e7\u00e3o funciona \u2013 nem em outro lugar, como os fatos indicam. Diante da revela\u00e7\u00e3o, complemento jur\u00eddico pedetista levanta a suspeita de que se tratada de uma empresa fantasma.<\/p>\n<p>\u201cA cad\u00eancia de ind\u00edcios leva a crer que a Associa\u00e7\u00e3o Mensagem de Esperan\u00e7a Campinas (AMEC) \u00e9 uma empresa fantasma, haja vista n\u00e3o ter endere\u00e7o certo, como se pode comprovar no que fora alinhavado anteriormente\u201d, defende a a\u00e7\u00e3o pedetista.<\/p>\n<p>A motociata promovida por Bolsonaro, no dia 15 de abril, vendeu ingressos em favor da AMEC, o que pode configurar \u201ccaixa 2\u201d para campanha eleitoral. Com o andamento do processo judicial e a latente possibilidade de que a empresa seja fantasma, fica cada vez mais evidente de que n\u00e3o houve legalidade na conduta do pr\u00e9-candidato, tendo ele, portanto, transgredido as regras do TSE.<\/p>\n<p>\u201cH\u00e1, por seu turno, n\u00edtida ocorr\u00eancia de abusos de poder pol\u00edtico e econ\u00f4mico perpetrados pela pr\u00e9-campanha do candidato do PL, que a todo tempo tenta camuflar as malsinadas motociatas com ares de legalidade e de leg\u00edtima materializa\u00e7\u00e3o da liberdade de manifesta\u00e7\u00e3o\u201d, afirma o texto remedito ao TSE.<\/p>\n<!-- AddThis Advanced Settings generic via filter on the_content --><!-- AddThis Share Buttons generic via filter on the_content -->","protected":false},"excerpt":{"rendered":"<p>Associa\u00e7\u00e3o que vendia ingresso para os eventos n\u00e3o responde no endere\u00e7o em que est\u00e1 cadastrada Ind\u00edcios apontam irregularidade no financiamento das motociatas do presidente e pr\u00e9-candidato \u00e0 reelei\u00e7\u00e3o Jair Bolsonaro, como suspeitava o PDT. Em abril, o partido entrou com uma a\u00e7\u00e3o no Tribunal Superior Eleitoral (TSE) para que houvesse publicidade do financiamento dos eventos&#8230;<!-- AddThis Advanced Settings generic via filter on wp_trim_excerpt --><!-- AddThis Share Buttons generic via filter on wp_trim_excerpt --><\/p>\n","protected":false},"author":17,"featured_media":82541,"comment_status":"closed","ping_status":"closed","sticky":false,"template":"","format":"standard","meta":{"_monsterinsights_skip_tracking":false,"_monsterinsights_sitenote_active":false,"_monsterinsights_sitenote_note":"","_monsterinsights_sitenote_category":0,"_uf_show_specific_survey":0,"_uf_disable_surveys":false,"footnotes":""},"categories":[1390,1401],"tags":[],"class_list":["post-82538","post","type-post","status-publish","format-standard","has-post-thumbnail","hentry","category-editorias","category-nacional"],"acf":[],"_links":{"self":[{"href":"https:\/\/pdt-rj.org.br\/index.php\/wp-json\/wp\/v2\/posts\/82538","targetHints":{"allow":["GET"]}}],"collection":[{"href":"https:\/\/pdt-rj.org.br\/index.php\/wp-json\/wp\/v2\/posts"}],"about":[{"href":"https:\/\/pdt-rj.org.br\/index.php\/wp-json\/wp\/v2\/types\/post"}],"author":[{"embeddable":true,"href":"https:\/\/pdt-rj.org.br\/index.php\/wp-json\/wp\/v2\/users\/17"}],"replies":[{"embeddable":true,"href":"https:\/\/pdt-rj.org.br\/index.php\/wp-json\/wp\/v2\/comments?post=82538"}],"version-history":[{"count":1,"href":"https:\/\/pdt-rj.org.br\/index.php\/wp-json\/wp\/v2\/posts\/82538\/revisions"}],"predecessor-version":[{"id":82540,"href":"https:\/\/pdt-rj.org.br\/index.php\/wp-json\/wp\/v2\/posts\/82538\/revisions\/82540"}],"wp:featuredmedia":[{"embeddable":true,"href":"https:\/\/pdt-rj.org.br\/index.php\/wp-json\/wp\/v2\/media\/82541"}],"wp:attachment":[{"href":"https:\/\/pdt-rj.org.br\/index.php\/wp-json\/wp\/v2\/media?parent=82538"}],"wp:term":[{"taxonomy":"category","embeddable":true,"href":"https:\/\/pdt-rj.org.br\/index.php\/wp-json\/wp\/v2\/categories?post=82538"},{"taxonomy":"post_tag","embeddable":true,"href":"https:\/\/pdt-rj.org.br\/index.php\/wp-json\/wp\/v2\/tags?post=82538"}],"curies":[{"name":"wp","href":"https:\/\/api.w.org\/{rel}","templated":true}]}}