{"id":82511,"date":"2022-06-21T12:37:31","date_gmt":"2022-06-21T15:37:31","guid":{"rendered":"https:\/\/pdt-rj.org.br\/?p=82511"},"modified":"2022-06-23T08:50:48","modified_gmt":"2022-06-23T11:50:48","slug":"everton-gomes-valoriza-ciro-gomes-em-comissao-internacional-de-partidos-progressistas","status":"publish","type":"post","link":"https:\/\/pdt-rj.org.br\/index.php\/everton-gomes-valoriza-ciro-gomes-em-comissao-internacional-de-partidos-progressistas\/","title":{"rendered":"Everton Gomes valoriza Ciro Gomes em comiss\u00e3o internacional de partidos progressistas"},"content":{"rendered":"<p><b>No M\u00e9xico, pedetista relata enfrentamento da\u00a0\u00a0deteriora\u00e7\u00e3o pol\u00edtica gerada por Jair Bolsonaro\u00a0<\/b><\/p>\n<p>Na Comiss\u00e3o dos Partidos Pol\u00edticos Progressistas para a Am\u00e9rica Latina (COPPPAL), que ocorreu na Cidade do M\u00e9xico (M\u00e9xico), a pr\u00e9-candidatura de Ciro Gomes a presidente da Rep\u00fablica do Brasil foi colocada como uma alternativa vi\u00e1vel para o enfrentamento da deteriora\u00e7\u00e3o pol\u00edtica gerada pelo governo de Jair Bolsonaro. A posi\u00e7\u00e3o foi defendida durante a plen\u00e1ria, entre 1 e 4 de junho, pelo secret\u00e1rio nacional de Assuntos Econ\u00f4micos do PDT e de Rela\u00e7\u00f5es Internacionais da Funda\u00e7\u00e3o Leonel Brizola &#8211; Alberto Pasqualini (FLB-AP), Everton Gomes.<\/p>\n<p>Durante as reuni\u00f5es bilaterais entre os partidos, bem como em pain\u00e9is com especialistas, o pedetista debateu os processos de judicializa\u00e7\u00e3o da pol\u00edtica e dos novos meios de comunica\u00e7\u00e3o eleitoral. Na etapa final, cada representante partid\u00e1rio teve a oportunidade de apresentar um relat\u00f3rio da situa\u00e7\u00e3o pol\u00edtica local.<\/p>\n<p>Ao lado do presidente do Partido Revolucion\u00e1rio Institucional (PRI), Alejandro Moreno, que ocupa a presid\u00eancia da COPPPAL, Everton Gomes detalhou pautas priorit\u00e1rias do PDT, com destaque para o enfrentamento da deterioriza\u00e7\u00e3o das condi\u00e7\u00f5es pol\u00edticas do Brasil.<\/p>\n<p>\u201cEvidenciei a trag\u00e9dia do governo Bolsonaro e seu flerte permanente com amea\u00e7as de ruptura democr\u00e1tica; os altos \u00edndices de desemprego; o devastador quadro de fome que atinge novamente milhares de lares brasileiros e o processo nocivo de privatiza\u00e7\u00e3o na agenda do governo, especialmente da Eletrobr\u00e1s e da Petrobr\u00e1s\u201d, pontuou.<\/p>\n<p><img loading=\"lazy\" decoding=\"async\" class=\"aligncenter wp-image-82513 size-large\" src=\"https:\/\/pdt-rj.org.br\/wp-content\/uploads\/2022\/06\/b9d83fc8-2f24-4c8a-89e0-ed599fe9b38a-1024x682.jpg\" alt=\"\" width=\"640\" height=\"426\" srcset=\"https:\/\/pdt-rj.org.br\/wp-content\/uploads\/2022\/06\/b9d83fc8-2f24-4c8a-89e0-ed599fe9b38a.jpg 1024w, https:\/\/pdt-rj.org.br\/wp-content\/uploads\/2022\/06\/b9d83fc8-2f24-4c8a-89e0-ed599fe9b38a-300x200.jpg 300w, https:\/\/pdt-rj.org.br\/wp-content\/uploads\/2022\/06\/b9d83fc8-2f24-4c8a-89e0-ed599fe9b38a-100x67.jpg 100w, https:\/\/pdt-rj.org.br\/wp-content\/uploads\/2022\/06\/b9d83fc8-2f24-4c8a-89e0-ed599fe9b38a-768x511.jpg 768w, https:\/\/pdt-rj.org.br\/wp-content\/uploads\/2022\/06\/b9d83fc8-2f24-4c8a-89e0-ed599fe9b38a-135x90.jpg 135w\" sizes=\"auto, (max-width: 640px) 100vw, 640px\" \/><\/p>\n<p>Como alternativa, Gomes ratificou a pr\u00e9-candidatura pedetista de Ciro Gomes \u00e0 presid\u00eancia brasileira.<\/p>\n<p>\u201cCiro traz a proposta de recupera\u00e7\u00e3o do fio da hist\u00f3ria, ao repercutir um arrojado Projeto Nacional de Desenvolvimento, retomando as melhores tradi\u00e7\u00f5es do Trabalhismo brasileiro \u2013 de Vargas, Jango e Brizola\u201d, afirmou.<\/p>\n<p><b>Amaz\u00f4nia<\/b><\/p>\n<p>Em conjunto com representantes de pa\u00edses da Am\u00e9rica Central e Caribe, o pedetista, que foi escolhido para integrar a coordena\u00e7\u00e3o da Comiss\u00e3o de Mudan\u00e7a Clim\u00e1tica, citou a crise ambiental na Amaz\u00f4nia. A regi\u00e3o acumulou aumentos significativos do desmatamento nos \u00faltimos anos.<\/p>\n<p>\u201cA Amaz\u00f4nia se encontra em um processo galopante de devasta\u00e7\u00e3o ambiental, que \u00e9 resultado de uma pol\u00edtica omissa e predat\u00f3ria desenvolvida pelo atual governo brasileiro\u201d, relatou.<\/p>\n<p dir=\"auto\">O evento terminou momentos antes do desaparecimento e morte do indigenista Bruno Pereira e do jornalista ingl\u00eas Dom Phillips, que foi divulgado no dia 5 de junho.<\/p>\n<!-- AddThis Advanced Settings generic via filter on the_content --><!-- AddThis Share Buttons generic via filter on the_content -->","protected":false},"excerpt":{"rendered":"<p>No M\u00e9xico, pedetista relata enfrentamento da\u00a0\u00a0deteriora\u00e7\u00e3o pol\u00edtica gerada por Jair Bolsonaro\u00a0 Na Comiss\u00e3o dos Partidos Pol\u00edticos Progressistas para a Am\u00e9rica Latina (COPPPAL), que ocorreu na Cidade do M\u00e9xico (M\u00e9xico), a pr\u00e9-candidatura de Ciro Gomes a presidente da Rep\u00fablica do Brasil foi colocada como uma alternativa vi\u00e1vel para o enfrentamento da deteriora\u00e7\u00e3o pol\u00edtica gerada pelo governo&#8230;<!-- AddThis Advanced Settings generic via filter on wp_trim_excerpt --><!-- AddThis Share Buttons generic via filter on wp_trim_excerpt --><\/p>\n","protected":false},"author":17,"featured_media":82512,"comment_status":"closed","ping_status":"closed","sticky":false,"template":"","format":"standard","meta":{"_monsterinsights_skip_tracking":false,"_monsterinsights_sitenote_active":false,"_monsterinsights_sitenote_note":"","_monsterinsights_sitenote_category":0,"_uf_show_specific_survey":0,"_uf_disable_surveys":false,"footnotes":""},"categories":[1390,5416,1401],"tags":[],"class_list":["post-82511","post","type-post","status-publish","format-standard","has-post-thumbnail","hentry","category-editorias","category-ciro-gomes","category-nacional"],"acf":[],"_links":{"self":[{"href":"https:\/\/pdt-rj.org.br\/index.php\/wp-json\/wp\/v2\/posts\/82511","targetHints":{"allow":["GET"]}}],"collection":[{"href":"https:\/\/pdt-rj.org.br\/index.php\/wp-json\/wp\/v2\/posts"}],"about":[{"href":"https:\/\/pdt-rj.org.br\/index.php\/wp-json\/wp\/v2\/types\/post"}],"author":[{"embeddable":true,"href":"https:\/\/pdt-rj.org.br\/index.php\/wp-json\/wp\/v2\/users\/17"}],"replies":[{"embeddable":true,"href":"https:\/\/pdt-rj.org.br\/index.php\/wp-json\/wp\/v2\/comments?post=82511"}],"version-history":[{"count":3,"href":"https:\/\/pdt-rj.org.br\/index.php\/wp-json\/wp\/v2\/posts\/82511\/revisions"}],"predecessor-version":[{"id":82547,"href":"https:\/\/pdt-rj.org.br\/index.php\/wp-json\/wp\/v2\/posts\/82511\/revisions\/82547"}],"wp:featuredmedia":[{"embeddable":true,"href":"https:\/\/pdt-rj.org.br\/index.php\/wp-json\/wp\/v2\/media\/82512"}],"wp:attachment":[{"href":"https:\/\/pdt-rj.org.br\/index.php\/wp-json\/wp\/v2\/media?parent=82511"}],"wp:term":[{"taxonomy":"category","embeddable":true,"href":"https:\/\/pdt-rj.org.br\/index.php\/wp-json\/wp\/v2\/categories?post=82511"},{"taxonomy":"post_tag","embeddable":true,"href":"https:\/\/pdt-rj.org.br\/index.php\/wp-json\/wp\/v2\/tags?post=82511"}],"curies":[{"name":"wp","href":"https:\/\/api.w.org\/{rel}","templated":true}]}}