{"id":82507,"date":"2022-06-18T12:33:13","date_gmt":"2022-06-18T15:33:13","guid":{"rendered":"https:\/\/pdt-rj.org.br\/?p=82507"},"modified":"2022-06-21T12:38:53","modified_gmt":"2022-06-21T15:38:53","slug":"ciro-critica-pedido-de-ajuda-de-bolsonaro-a-biden-para-vencer-eleicoes","status":"publish","type":"post","link":"https:\/\/pdt-rj.org.br\/index.php\/ciro-critica-pedido-de-ajuda-de-bolsonaro-a-biden-para-vencer-eleicoes\/","title":{"rendered":"Ciro critica pedido de ajuda de Bolsonaro a Biden para vencer elei\u00e7\u00f5es"},"content":{"rendered":"<p style=\"font-weight: 400;\"><strong>Proposta dos \u201ctraidores da p\u00e1tria\u201d ao presidente dos Estados Unidos ocorre na C\u00fapula das Am\u00e9ricas<\/strong><\/p>\n<p style=\"font-weight: 400;\">O pr\u00e9-candidato do PDT ao Pal\u00e1cio do Planalto, Ciro Gomes, criticou nesta segunda-feira (13), durante\u00a0<a href=\"https:\/\/g1.globo.com\/podcast\/o-assunto\/ao-vivo\/renata-lo-prete-entrevista-ciro-gomes-g1-o-assunto.ghtml\" data-saferedirecturl=\"https:\/\/www.google.com\/url?q=https:\/\/g1.globo.com\/podcast\/o-assunto\/ao-vivo\/renata-lo-prete-entrevista-ciro-gomes-g1-o-assunto.ghtml&amp;source=gmail&amp;ust=1655902101224000&amp;usg=AOvVaw1KRwx5gnjOrqOy5pl_SvLy\">entrevista<\/a>\u00a0ao portal g1, o pedido de ajuda do presidente Jair Bolsonaro a Joe Biden para vencer as elei\u00e7\u00f5es no Brasil. Segundo a ag\u00eancia de not\u00edcias Bloomberg, a proposta foi feita ao presidente dos Estados Unidos durante reuni\u00e3o privada na C\u00fapula das Am\u00e9ricas, na cidade norte-americana de Los Angeles, na \u00faltima quinta-feira (9).<\/p>\n<p style=\"font-weight: 400;\">\u201cVoc\u00ea imagina o presidente da sua Rep\u00fablica pedir ao presidente dos Estados Unidos para ajud\u00e1-lo na elei\u00e7\u00e3o?\u201d, questionou, em di\u00e1logo com a jornalista Renata Lo Prete.<\/p>\n<p style=\"font-weight: 400;\">\u201cEsses camaradas que est\u00e3o nos governando s\u00e3o os grandes traidores da p\u00e1tria\u201d, afirmou.<\/p>\n<p style=\"font-weight: 400;\">Na \u00e1rea econ\u00f4mica, o ex-ministro da Fazenda prop\u00f4s alterar as atuais diretrizes neoliberais, conforme detalhado no Projeto Nacional de Desenvolvimento (PND). Para o pedetista, o Produto Interno Bruto (PIB) traduz a acumulada deteriora\u00e7\u00e3o do modelo replicado desde o governo de Fernando Henrique Cardoso.<\/p>\n<p style=\"font-weight: 400;\">\u201cO PIB brasileiro est\u00e1 estagnado e n\u00e3o por causa do Bolsonaro, que \u00e9 um desastre. Est\u00e1 estagnado porque o modelo econ\u00f4mico \u2013 c\u00e2mbio flutuante, super\u00e1vit prim\u00e1rio, meta de infla\u00e7\u00e3o \u2013 e o teto de gastos agravam tudo isso, pro\u00edbem o Brasil de crescer\u201d, detalhou.<\/p>\n<p style=\"font-weight: 400;\">Sobre as tentativas do governo bolsonarista de reduzir, antes da elei\u00e7\u00e3o, os pre\u00e7os dos combust\u00edveis, Ciro denuncia que o uso de verba de \u00e1reas essenciais s\u00f3 beneficiar\u00e1 a rentabilidade dos acionistas da Petrobras.<\/p>\n<p style=\"font-weight: 400;\">\u201cO que o governo Bolsonaro est\u00e1 propondo \u00e9 tirar dinheiro da educa\u00e7\u00e3o e da sa\u00fade, que \u00e9 basicamente provida pelos estados e munic\u00edpios, para financiar o lucro exorbitante do acionista minorit\u00e1rio da Petrobras. E n\u00e3o \u00e9 para resolver o problema, \u00e9 para atravessar o per\u00edodo eleitoral\u201d, condenou.<\/p>\n<p style=\"font-weight: 400;\">Diante do genoc\u00eddio liderado por Bolsonaro desde o come\u00e7o da pandemia de Covid-19, o pedetista enfatizou a necessidade de responsabiliza\u00e7\u00e3o dos membros do governo federal.<\/p>\n<p style=\"font-weight: 400;\">\u201cO Brasil tem 3% da popula\u00e7\u00e3o mundial e aqui morreram, na pandemia, 11% das pessoas que morreram no mundo. Esse crime foi cometido por Bolsonaro e pelos canalhas que o cercam. O que lasca o Brasil \u00e9 a impunidade. Se um dia eu tiver a honra de servir esse pa\u00eds, isso vai acabar\u201d, garantiu.<\/p>\n<p style=\"font-weight: 400;\"><strong>Alternativa<\/strong><\/p>\n<p style=\"font-weight: 400;\">Almejando a \u201ccumplicidade com o povo\u201d para fortalecer as transforma\u00e7\u00f5es nacionais que julga necess\u00e1rias, o ex-governador do Cear\u00e1 ratificou a import\u00e2ncia do debate entre os pr\u00e9-candidatos para aprofundar as propostas de cada plano de governo.<\/p>\n<p style=\"font-weight: 400;\">\u201cO debate n\u00e3o \u00e9 uma ocasi\u00e3o de esgrima, de argumentos, \u00e9 a \u00fanica chance que o pa\u00eds tem de conhecer com profundidade os problemas e tirar da\u00ed a solu\u00e7\u00e3o para mudar o modelo econ\u00f4mico\u201d, disse.<\/p>\n<p style=\"font-weight: 400;\">\u201cSe antes eu queria ser presidente, agora eu preciso oferecer ao povo brasileiro uma alternativa \u00e0 destrui\u00e7\u00e3o do Brasil\u201d, acrescentou.<\/p>\n<p style=\"font-weight: 400;\">Ao avaliar o impacto da reelei\u00e7\u00e3o, Ciro negou o interesse de ocupar o poss\u00edvel cargo de chefe da Uni\u00e3o por oito anos. Para ele, a prioridade \u00e9 concretizar as reformas de base.<\/p>\n<p style=\"font-weight: 400;\">\u201cSe eu for eleito, eu n\u00e3o quero reelei\u00e7\u00e3o. Vou trocar a minha reelei\u00e7\u00e3o, come\u00e7ando com o meu exemplo, em troca das reformas que o Brasil precisa\u201d, salientou.<\/p>\n<!-- AddThis Advanced Settings generic via filter on the_content --><!-- AddThis Share Buttons generic via filter on the_content -->","protected":false},"excerpt":{"rendered":"<p>Proposta dos \u201ctraidores da p\u00e1tria\u201d ao presidente dos Estados Unidos ocorre na C\u00fapula das Am\u00e9ricas O pr\u00e9-candidato do PDT ao Pal\u00e1cio do Planalto, Ciro Gomes, criticou nesta segunda-feira (13), durante\u00a0entrevista\u00a0ao portal g1, o pedido de ajuda do presidente Jair Bolsonaro a Joe Biden para vencer as elei\u00e7\u00f5es no Brasil. Segundo a ag\u00eancia de not\u00edcias Bloomberg,&#8230;<!-- AddThis Advanced Settings generic via filter on wp_trim_excerpt --><!-- AddThis Share Buttons generic via filter on wp_trim_excerpt --><\/p>\n","protected":false},"author":17,"featured_media":82508,"comment_status":"closed","ping_status":"closed","sticky":false,"template":"","format":"standard","meta":{"_monsterinsights_skip_tracking":false,"_monsterinsights_sitenote_active":false,"_monsterinsights_sitenote_note":"","_monsterinsights_sitenote_category":0,"_uf_show_specific_survey":0,"_uf_disable_surveys":false,"footnotes":""},"categories":[1390,5416,1401],"tags":[],"class_list":["post-82507","post","type-post","status-publish","format-standard","has-post-thumbnail","hentry","category-editorias","category-ciro-gomes","category-nacional"],"acf":[],"_links":{"self":[{"href":"https:\/\/pdt-rj.org.br\/index.php\/wp-json\/wp\/v2\/posts\/82507","targetHints":{"allow":["GET"]}}],"collection":[{"href":"https:\/\/pdt-rj.org.br\/index.php\/wp-json\/wp\/v2\/posts"}],"about":[{"href":"https:\/\/pdt-rj.org.br\/index.php\/wp-json\/wp\/v2\/types\/post"}],"author":[{"embeddable":true,"href":"https:\/\/pdt-rj.org.br\/index.php\/wp-json\/wp\/v2\/users\/17"}],"replies":[{"embeddable":true,"href":"https:\/\/pdt-rj.org.br\/index.php\/wp-json\/wp\/v2\/comments?post=82507"}],"version-history":[{"count":3,"href":"https:\/\/pdt-rj.org.br\/index.php\/wp-json\/wp\/v2\/posts\/82507\/revisions"}],"predecessor-version":[{"id":82515,"href":"https:\/\/pdt-rj.org.br\/index.php\/wp-json\/wp\/v2\/posts\/82507\/revisions\/82515"}],"wp:featuredmedia":[{"embeddable":true,"href":"https:\/\/pdt-rj.org.br\/index.php\/wp-json\/wp\/v2\/media\/82508"}],"wp:attachment":[{"href":"https:\/\/pdt-rj.org.br\/index.php\/wp-json\/wp\/v2\/media?parent=82507"}],"wp:term":[{"taxonomy":"category","embeddable":true,"href":"https:\/\/pdt-rj.org.br\/index.php\/wp-json\/wp\/v2\/categories?post=82507"},{"taxonomy":"post_tag","embeddable":true,"href":"https:\/\/pdt-rj.org.br\/index.php\/wp-json\/wp\/v2\/tags?post=82507"}],"curies":[{"name":"wp","href":"https:\/\/api.w.org\/{rel}","templated":true}]}}