{"id":82490,"date":"2022-06-21T12:14:53","date_gmt":"2022-06-21T15:14:53","guid":{"rendered":"https:\/\/pdt-rj.org.br\/?p=82490"},"modified":"2022-06-27T15:28:51","modified_gmt":"2022-06-27T18:28:51","slug":"ciro-e-lupi-enaltecem-brizola-ao-fortalecer-projeto-nacional-trabalhista","status":"publish","type":"post","link":"https:\/\/pdt-rj.org.br\/index.php\/ciro-e-lupi-enaltecem-brizola-ao-fortalecer-projeto-nacional-trabalhista\/","title":{"rendered":"Ciro e Lupi enaltecem Brizola ao fortalecer projeto nacional trabalhista"},"content":{"rendered":"<p><strong>Pedetistas prestam homenagens ao fundador do partido e her\u00f3i da p\u00e1tria, que faleceu h\u00e1 18 anos<\/strong><\/p>\n<p>\u201cA sua lembran\u00e7a est\u00e1 nas nossas falas por onde caminhamos, todos os dias, no Brasil\u201d, disse o pr\u00e9-candidato a presidente da Rep\u00fablica, Ciro Gomes, ao enaltecer a representatividade do fundador do PDT, Leonel Brizola, no Projeto Nacional de Desenvolvimento (PND). Com o presidente nacional do partido, Carlos Lupi, e lideran\u00e7as trabalhistas, o ex-governador do Cear\u00e1 prestou homenagens nesta ter\u00e7a-feira (21), em S\u00e3o Borja (RS), pelos 18 anos de falecimento do her\u00f3i da p\u00e1tria.<\/p>\n<p>Ao contar, com orgulho, o recebimento do \u00faltimo voto de Brizola para presidente, em 2002, Ciro citou a necessidade de reverberar, a partir do plano de governo, as bandeiras do trabalhismo, que refletem ainda os ex-presidentes da Rep\u00fablica Get\u00falio Vargas e Jo\u00e3o Goulart. Ambos tamb\u00e9m foram sepultados na mesma cidade ga\u00facha.<\/p>\n<p>\u201c18 anos da perda f\u00edsica do meu colega, meu amigo, de quem tive, n\u00e3o cansarei nunca de repetir, essa minha medalha, meu galard\u00e3o, do \u00faltimo voto em vida para presid\u00eancia da Rep\u00fablica do Brasil\u201d, disse, citando a coragem e o amor brizolista pela na\u00e7\u00e3o e pelos interesses populares.<\/p>\n<p>\u201cQuem conhece a biografia do Brizola h\u00e1 de saber quanta gratid\u00e3o a nossa p\u00e1tria deve a esse homem. Se mais n\u00e3o foram as raz\u00f5es, o homem que construiu 6.302 escolas. [&#8230;] Introduziu o conceito [da educa\u00e7\u00e3o de tempo integral], que \u00e9 pac\u00edfico hoje. \u00c9 o \u00fanico caminho para liberta\u00e7\u00e3o dos nossos jovens das terr\u00edveis amea\u00e7as que as periferias imp\u00f5em hoje\u201d, completou.<\/p>\n<p>Sobre a vertente pol\u00edtica sustentada pelo PDT, Ciro ratificou a determinante contribui\u00e7\u00e3o para os per\u00edodos de efetivo progresso brasileiro, como a Era Vargas, a partir da d\u00e9cada de 30.<\/p>\n<p>\u201cO trabalhismo foi a fecunda resposta brasileira que se produziu para se conciliar as virtudes da iniciativa privada com o imperativo de justi\u00e7a social e promo\u00e7\u00e3o da igualdade e supera\u00e7\u00e3o da mis\u00e9ria e da concentra\u00e7\u00e3o de renda\u201d, relatou.<\/p>\n<p><strong>Import\u00e2ncia<\/strong><\/p>\n<p>Diante do t\u00famulo, que \u00e9 visitado anualmente, Lupi garantiu o compromisso de seguir preservando e valorizando os princ\u00edpios que forjaram a cria\u00e7\u00e3o do partido, em 1980, bem como possibilitar a retomada dos avan\u00e7os alcan\u00e7ados, com gest\u00f5es trabalhistas, no governo federal.<\/p>\n<p>\u201cA sua vida foi um misto de coragem, comprometimento, lealdade e amor profundo ao povo brasileiro. Lembrar de Brizola \u00e9 lembrar dos nossos compromissos, da nossa hist\u00f3ria e seguir a coer\u00eancia em defesa da nossa p\u00e1tria\u201d, comentou.<\/p>\n<p>\u201cVale para que a gente consiga com essa energia, diante do corpo depositado de Leonel Brizola, ter a luz para iluminar esse pa\u00eds\u201d, acrescentou.<\/p>\n<p>Para a deputada estadual Juliana Brizola, os \u201censinamentos, exemplo e amor\u201d do av\u00f4 seguem norteando a milit\u00e2ncia pedetista por um Brasil mais justo, igual e democr\u00e1tico.<\/p>\n<p>\u201cTodo dia 21 de junho eu venho, aqui, para te deixar uma rosa e conversar um pouquinho, assim como o senhor fazia com doutor Get\u00falio\u201d, afirmou.<\/p>\n<p>\u201cQueria te dizer que estamos bem, sempre lutando e mantendo vivo o teu legado. Trabalhamos muito por um pa\u00eds melhor, aquele que o senhor queria para todos os trabalhadores e todas as crian\u00e7as. Obrigada por tudo. Siga nos iluminando a\u00ed de cima. Te amo para sempre e sinto saudades\u201d, finalizou.<\/p>\n<p style=\"text-align: center;\"><iframe loading=\"lazy\" style=\"border: none; overflow: hidden;\" src=\"https:\/\/www.facebook.com\/plugins\/video.php?height=314&amp;href=https%3A%2F%2Fwww.facebook.com%2Fcirogomesoficial%2Fvideos%2F538463471150693%2F&amp;show_text=false&amp;width=560&amp;t=0\" width=\"560\" height=\"314\" frameborder=\"0\" scrolling=\"no\" allowfullscreen=\"allowfullscreen\"><\/iframe><\/p>\n<!-- AddThis Advanced Settings generic via filter on the_content --><!-- AddThis Share Buttons generic via filter on the_content -->","protected":false},"excerpt":{"rendered":"<p>Pedetistas prestam homenagens ao fundador do partido e her\u00f3i da p\u00e1tria, que faleceu h\u00e1 18 anos \u201cA sua lembran\u00e7a est\u00e1 nas nossas falas por onde caminhamos, todos os dias, no Brasil\u201d, disse o pr\u00e9-candidato a presidente da Rep\u00fablica, Ciro Gomes, ao enaltecer a representatividade do fundador do PDT, Leonel Brizola, no Projeto Nacional de Desenvolvimento&#8230;<!-- AddThis Advanced Settings generic via filter on wp_trim_excerpt --><!-- AddThis Share Buttons generic via filter on wp_trim_excerpt --><\/p>\n","protected":false},"author":17,"featured_media":82493,"comment_status":"closed","ping_status":"closed","sticky":false,"template":"","format":"standard","meta":{"_monsterinsights_skip_tracking":false,"_monsterinsights_sitenote_active":false,"_monsterinsights_sitenote_note":"","_monsterinsights_sitenote_category":0,"_uf_show_specific_survey":0,"_uf_disable_surveys":false,"footnotes":""},"categories":[1390,5417,5416],"tags":[],"class_list":["post-82490","post","type-post","status-publish","format-standard","has-post-thumbnail","hentry","category-editorias","category-carlos-lupi","category-ciro-gomes"],"acf":[],"_links":{"self":[{"href":"https:\/\/pdt-rj.org.br\/index.php\/wp-json\/wp\/v2\/posts\/82490","targetHints":{"allow":["GET"]}}],"collection":[{"href":"https:\/\/pdt-rj.org.br\/index.php\/wp-json\/wp\/v2\/posts"}],"about":[{"href":"https:\/\/pdt-rj.org.br\/index.php\/wp-json\/wp\/v2\/types\/post"}],"author":[{"embeddable":true,"href":"https:\/\/pdt-rj.org.br\/index.php\/wp-json\/wp\/v2\/users\/17"}],"replies":[{"embeddable":true,"href":"https:\/\/pdt-rj.org.br\/index.php\/wp-json\/wp\/v2\/comments?post=82490"}],"version-history":[{"count":7,"href":"https:\/\/pdt-rj.org.br\/index.php\/wp-json\/wp\/v2\/posts\/82490\/revisions"}],"predecessor-version":[{"id":82618,"href":"https:\/\/pdt-rj.org.br\/index.php\/wp-json\/wp\/v2\/posts\/82490\/revisions\/82618"}],"wp:featuredmedia":[{"embeddable":true,"href":"https:\/\/pdt-rj.org.br\/index.php\/wp-json\/wp\/v2\/media\/82493"}],"wp:attachment":[{"href":"https:\/\/pdt-rj.org.br\/index.php\/wp-json\/wp\/v2\/media?parent=82490"}],"wp:term":[{"taxonomy":"category","embeddable":true,"href":"https:\/\/pdt-rj.org.br\/index.php\/wp-json\/wp\/v2\/categories?post=82490"},{"taxonomy":"post_tag","embeddable":true,"href":"https:\/\/pdt-rj.org.br\/index.php\/wp-json\/wp\/v2\/tags?post=82490"}],"curies":[{"name":"wp","href":"https:\/\/api.w.org\/{rel}","templated":true}]}}