{"id":82485,"date":"2022-06-21T12:26:54","date_gmt":"2022-06-21T15:26:54","guid":{"rendered":"https:\/\/pdt-rj.org.br\/?p=82485"},"modified":"2022-06-24T14:57:00","modified_gmt":"2022-06-24T17:57:00","slug":"rodrigo-neves-participa-de-seminario-do-cidadania","status":"publish","type":"post","link":"https:\/\/pdt-rj.org.br\/index.php\/rodrigo-neves-participa-de-seminario-do-cidadania\/","title":{"rendered":"Rodrigo Neves participa de semin\u00e1rio do Cidadania"},"content":{"rendered":"<p style=\"font-weight: 400;\"><strong>Diret\u00f3rio estadual do partido confirma apoio \u00e0 pr\u00e9-candidatura do pedetista ao Governo do Estado<\/strong><\/p>\n<p style=\"font-weight: 400;\">No in\u00edcio da noite desta segunda-feira, 20, o pr\u00e9-candidato a governador do estado do Rio de Janeiro pelo PDT, Rodrigo Neves, participou do encerramento do semin\u00e1rio realizado pelo Cidadania para seus pr\u00e9-candidatos a deputado estadual e federal, no Centro do Rio. O presidente estadual do Cidadania, Comte Bittencourt, recepcionou o ex-prefeito de Niter\u00f3i e falou sobre a decis\u00e3o de apoiar a pr\u00e9-candidatura de Rodrigo Neves.<\/p>\n<p style=\"font-weight: 400;\">\u201cOs companheiros acompanharam as decis\u00f5es internas do partido, democraticamente, tanto na inst\u00e2ncia executiva quanto no diret\u00f3rio, e a gente achou que o primeiro momento bom com Rodrigo Neves seria com nossos pr\u00e9-candidatos. \u00c9 um prazer t\u00ea-lo conosco nesta jornada e \u00e9 importante ouvi-lo neste momento pr\u00e9-eleitoral\u201d, afirmou Comte Bittencourt.<\/p>\n<p style=\"font-weight: 400;\">Em sua fala, o pedetista agradeceu a decis\u00e3o do Cidadania em apoi\u00e1-lo, se mostrou animado com a proximidade do per\u00edodo eleitoral e tra\u00e7ou um breve panorama sobre a campanha que vir\u00e1 pela frente.<\/p>\n<p style=\"font-weight: 400;\">\u201c\u00c9 um prazer estar com o Cidadania sob a dire\u00e7\u00e3o do Comte Bittencourt. Quero agradecer a decis\u00e3o da Executiva e do Diret\u00f3rio Estadual em apoiar a minha pr\u00e9-candidatura. Estou bastante animado. Vamos reconstruir o estado do Rio de Janeiro e para isso conto com a futura bancada do Cidadania, tanto na Assembleia Legislativa quanto no Congresso Nacional\u201d, disse Rodrigo Neves aos pr\u00e9-candidatos do Cidadania.<\/p>\n<p style=\"font-weight: 400;\">Por fim, Rodrigo Neves mostrou-se confiante no caminho que tem a percorrer. \u201cTemos realiza\u00e7\u00f5es importantes a mostrar em todas as \u00e1reas, na Seguran\u00e7a P\u00fablica, na Sa\u00fade, na Educa\u00e7\u00e3o, Gest\u00e3o Fiscal e muito mais. Temos um projeto s\u00f3lido constru\u00eddo junto com os melhores especialistas, temos boa gest\u00e3o e sobretudo temos compromisso com o povo\u201d.<\/p>\n<!-- AddThis Advanced Settings generic via filter on the_content --><!-- AddThis Share Buttons generic via filter on the_content -->","protected":false},"excerpt":{"rendered":"<p>Diret\u00f3rio estadual do partido confirma apoio \u00e0 pr\u00e9-candidatura do pedetista ao Governo do Estado No in\u00edcio da noite desta segunda-feira, 20, o pr\u00e9-candidato a governador do estado do Rio de Janeiro pelo PDT, Rodrigo Neves, participou do encerramento do semin\u00e1rio realizado pelo Cidadania para seus pr\u00e9-candidatos a deputado estadual e federal, no Centro do Rio&#8230;.<!-- AddThis Advanced Settings generic via filter on wp_trim_excerpt --><!-- AddThis Share Buttons generic via filter on wp_trim_excerpt --><\/p>\n","protected":false},"author":17,"featured_media":82486,"comment_status":"closed","ping_status":"closed","sticky":false,"template":"","format":"standard","meta":{"_monsterinsights_skip_tracking":false,"_monsterinsights_sitenote_active":false,"_monsterinsights_sitenote_note":"","_monsterinsights_sitenote_category":0,"_uf_show_specific_survey":0,"_uf_disable_surveys":false,"footnotes":""},"categories":[1390,5414,5415],"tags":[],"class_list":["post-82485","post","type-post","status-publish","format-standard","has-post-thumbnail","hentry","category-editorias","category-estado","category-rodrigo-neves"],"acf":[],"_links":{"self":[{"href":"https:\/\/pdt-rj.org.br\/index.php\/wp-json\/wp\/v2\/posts\/82485","targetHints":{"allow":["GET"]}}],"collection":[{"href":"https:\/\/pdt-rj.org.br\/index.php\/wp-json\/wp\/v2\/posts"}],"about":[{"href":"https:\/\/pdt-rj.org.br\/index.php\/wp-json\/wp\/v2\/types\/post"}],"author":[{"embeddable":true,"href":"https:\/\/pdt-rj.org.br\/index.php\/wp-json\/wp\/v2\/users\/17"}],"replies":[{"embeddable":true,"href":"https:\/\/pdt-rj.org.br\/index.php\/wp-json\/wp\/v2\/comments?post=82485"}],"version-history":[{"count":2,"href":"https:\/\/pdt-rj.org.br\/index.php\/wp-json\/wp\/v2\/posts\/82485\/revisions"}],"predecessor-version":[{"id":82571,"href":"https:\/\/pdt-rj.org.br\/index.php\/wp-json\/wp\/v2\/posts\/82485\/revisions\/82571"}],"wp:featuredmedia":[{"embeddable":true,"href":"https:\/\/pdt-rj.org.br\/index.php\/wp-json\/wp\/v2\/media\/82486"}],"wp:attachment":[{"href":"https:\/\/pdt-rj.org.br\/index.php\/wp-json\/wp\/v2\/media?parent=82485"}],"wp:term":[{"taxonomy":"category","embeddable":true,"href":"https:\/\/pdt-rj.org.br\/index.php\/wp-json\/wp\/v2\/categories?post=82485"},{"taxonomy":"post_tag","embeddable":true,"href":"https:\/\/pdt-rj.org.br\/index.php\/wp-json\/wp\/v2\/tags?post=82485"}],"curies":[{"name":"wp","href":"https:\/\/api.w.org\/{rel}","templated":true}]}}