{"id":82481,"date":"2022-06-20T14:34:07","date_gmt":"2022-06-20T17:34:07","guid":{"rendered":"https:\/\/pdt-rj.org.br\/?p=82481"},"modified":"2022-06-20T14:34:07","modified_gmt":"2022-06-20T17:34:07","slug":"projeto-de-chico-dangelo-aumenta-pena-para-crime-contra-ambientalista","status":"publish","type":"post","link":"https:\/\/pdt-rj.org.br\/index.php\/projeto-de-chico-dangelo-aumenta-pena-para-crime-contra-ambientalista\/","title":{"rendered":"Projeto de Chico D\u2019Angelo aumenta pena para crime contra ambientalista"},"content":{"rendered":"<p><strong>\u201cEntre os dez pa\u00edses mais letais, tr\u00eas t\u00eam \u00e1reas da Amaz\u00f4nia\u201d, aponta o deputado<\/strong><\/p>\n<p>Proposto pelo\u00a0pedetista Chico D\u2019Angelo (RJ), o Projeto de Lei\u00a01518\/22\u00a0altera o C\u00f3digo Penal para aumentar a pena de homic\u00eddios e les\u00f5es corporais cometidos contra ambientalistas ligados aos movimentos ecol\u00f3gicos, que estejam em pleno exerc\u00edcio da profiss\u00e3o ou mesmo em raz\u00e3o dela. O texto prev\u00ea o amento da pena de um a dois ter\u00e7os pelo crime praticado.<\/p>\n<p>Para justificar a proposta, Chico D\u2019Angelo relata que \u201centre os dez pa\u00edses mais letais, tr\u00eas t\u00eam \u00e1reas da Amaz\u00f4nia\u201d. Cita ainda, que em 2020, as principais atividades econ\u00f4micas ligadas aos crimes registrados foram extra\u00e7\u00e3o de madeira, conflitos por \u00e1gua e constru\u00e7\u00e3o de barragens, minera\u00e7\u00e3o e agroneg\u00f3cio.<\/p>\n<p>Recentemente, o indigenista\u00a0Bruno Ara\u00fajo Pereirae o jornalista ingl\u00eas Dom Phillips\u00a0foram mortos a tiros, em uma viagem na terra ind\u00edgena do Vale do Javari, no Amazonas. O motivo ainda \u00e9 incerto, mas h\u00e1 a possibilidade de ter rela\u00e7\u00e3o com a pesca ilegal e o tr\u00e1fico de drogas na regi\u00e3o. \u201cSegunda maior terra ind\u00edgena do pa\u00eds, o Vale do Javari \u00e9 palco de conflitos t\u00edpicos da Amaz\u00f4nia: desmatamento e avan\u00e7o do garimpo\u201d.<\/p>\n<p>O projeto tramita em conjunto com outras propostas de igual teor.<\/p>\n<!-- AddThis Advanced Settings generic via filter on the_content --><!-- AddThis Share Buttons generic via filter on the_content -->","protected":false},"excerpt":{"rendered":"<p>\u201cEntre os dez pa\u00edses mais letais, tr\u00eas t\u00eam \u00e1reas da Amaz\u00f4nia\u201d, aponta o deputado Proposto pelo\u00a0pedetista Chico D\u2019Angelo (RJ), o Projeto de Lei\u00a01518\/22\u00a0altera o C\u00f3digo Penal para aumentar a pena de homic\u00eddios e les\u00f5es corporais cometidos contra ambientalistas ligados aos movimentos ecol\u00f3gicos, que estejam em pleno exerc\u00edcio da profiss\u00e3o ou mesmo em raz\u00e3o dela. O&#8230;<!-- AddThis Advanced Settings generic via filter on wp_trim_excerpt --><!-- AddThis Share Buttons generic via filter on wp_trim_excerpt --><\/p>\n","protected":false},"author":17,"featured_media":82482,"comment_status":"closed","ping_status":"closed","sticky":false,"template":"","format":"standard","meta":{"_monsterinsights_skip_tracking":false,"_monsterinsights_sitenote_active":false,"_monsterinsights_sitenote_note":"","_monsterinsights_sitenote_category":0,"_uf_show_specific_survey":0,"_uf_disable_surveys":false,"footnotes":""},"categories":[1390,1401],"tags":[],"class_list":["post-82481","post","type-post","status-publish","format-standard","has-post-thumbnail","hentry","category-editorias","category-nacional"],"acf":[],"_links":{"self":[{"href":"https:\/\/pdt-rj.org.br\/index.php\/wp-json\/wp\/v2\/posts\/82481","targetHints":{"allow":["GET"]}}],"collection":[{"href":"https:\/\/pdt-rj.org.br\/index.php\/wp-json\/wp\/v2\/posts"}],"about":[{"href":"https:\/\/pdt-rj.org.br\/index.php\/wp-json\/wp\/v2\/types\/post"}],"author":[{"embeddable":true,"href":"https:\/\/pdt-rj.org.br\/index.php\/wp-json\/wp\/v2\/users\/17"}],"replies":[{"embeddable":true,"href":"https:\/\/pdt-rj.org.br\/index.php\/wp-json\/wp\/v2\/comments?post=82481"}],"version-history":[{"count":1,"href":"https:\/\/pdt-rj.org.br\/index.php\/wp-json\/wp\/v2\/posts\/82481\/revisions"}],"predecessor-version":[{"id":82484,"href":"https:\/\/pdt-rj.org.br\/index.php\/wp-json\/wp\/v2\/posts\/82481\/revisions\/82484"}],"wp:featuredmedia":[{"embeddable":true,"href":"https:\/\/pdt-rj.org.br\/index.php\/wp-json\/wp\/v2\/media\/82482"}],"wp:attachment":[{"href":"https:\/\/pdt-rj.org.br\/index.php\/wp-json\/wp\/v2\/media?parent=82481"}],"wp:term":[{"taxonomy":"category","embeddable":true,"href":"https:\/\/pdt-rj.org.br\/index.php\/wp-json\/wp\/v2\/categories?post=82481"},{"taxonomy":"post_tag","embeddable":true,"href":"https:\/\/pdt-rj.org.br\/index.php\/wp-json\/wp\/v2\/tags?post=82481"}],"curies":[{"name":"wp","href":"https:\/\/api.w.org\/{rel}","templated":true}]}}