{"id":82475,"date":"2022-06-19T08:55:50","date_gmt":"2022-06-19T11:55:50","guid":{"rendered":"https:\/\/pdt-rj.org.br\/?p=82475"},"modified":"2022-06-20T12:59:09","modified_gmt":"2022-06-20T15:59:09","slug":"um-brasil-que-nao-reconheco","status":"publish","type":"post","link":"https:\/\/pdt-rj.org.br\/index.php\/um-brasil-que-nao-reconheco\/","title":{"rendered":"Um Brasil que n\u00e3o reconhe\u00e7o"},"content":{"rendered":"<p class=\"x_MsoNormal\"><strong>&#8220;Toda vez que um justo grita, um carrasco o vem calar, quem n\u00e3o presta fica vivo, quem \u00e9 bom, mandam matar&#8221;, dizia Cec\u00edlia Meireles<\/strong><\/p>\n<p class=\"x_MsoNormal\">Os covardes e b\u00e1rbaros assassinatos do indigenista Bruno Pereira e do jornalista Dom Phillips, em plena floresta amaz\u00f4nica, \u00e9 o retrato de um Brasil que nos envergonha. S\u00e3o como as mortes dos negros nas favelas cariocas pela mil\u00edcia e pelo tr\u00e1fico. S\u00e3o como as mortes das crian\u00e7as no Brasil todo, onde 33 milh\u00f5es de brasileiros vivem o flagelo da fome. S\u00e3o o retrato de um governo fascista que loteou e entregou a Amaz\u00f4nia para o garimpo, para os desmatadores, para o tr\u00e1fico. Um governo que incentiva e promove a barb\u00e1rie nas florestas, no campo, nas periferias das cidades.<\/p>\n<p class=\"x_MsoNormal\">N\u00f3s, brasileiros, j\u00e1 n\u00e3o reconhecemos o Brasil. A estupidez personificada na pessoa do Presidente da Rep\u00fablica afasta de cada um de n\u00f3s qualquer hip\u00f3tese de identifica\u00e7\u00e3o. O fascismo \u00e9 como um \u00e1cido, que destr\u00f3i tudo e corr\u00f3i qualquer hip\u00f3tese de esperan\u00e7a. Bestificaram o combate \u00e0 pandemia, vulgarizaram a cultura, a ci\u00eancia. At\u00e9 mesmo as cores verde e amarela foram usurpadas como forma de nos afastar de uma ideia de na\u00e7\u00e3o.<\/p>\n<p class=\"x_MsoNormal\">A pol\u00edtica do entreguismo e de degrada\u00e7\u00e3o precisa de terra arrasada. Segue rigorosamente uma estrat\u00e9gia. O ideal para esse governo \u00e9 ter o n\u00e3o debate, a n\u00e3o pol\u00edtica, a ciz\u00e2nia como mote no dia a dia, a impregna\u00e7\u00e3o das not\u00edcias falsas e as ininterruptas tentativas de ruptura institucional. A fragiliza\u00e7\u00e3o dos poderes constitu\u00eddos, a afronta ao Poder Judici\u00e1rio e a submiss\u00e3o do Poder Legislativo que, com os cofres abertos, abre m\u00e3o do seu papel constitucional. Enquanto isso, a popula\u00e7\u00e3o vai tendo acesso a uma pol\u00edtica insana de armamento e o fim das pol\u00edticas sociais \u00e9 maquiado com a ind\u00fastria de fake news. O Brasil vive um caos.<\/p>\n<p class=\"x_MsoNormal\">Nesse caos, o Presidente da Rep\u00fablica, que foi insens\u00edvel e s\u00e1dico com os 660 mil mortos pelo Coronav\u00edrus, que desdenhou da dor dos que perderam seus entes queridos, se d\u00e1 o direito de dizer que o jornalista ingl\u00eas e o maior indigenista brasileiro foram &#8220;imprudentes&#8221; ao sa\u00edrem para fazer seus trabalhos numa floresta que deveria ser nossa. Na verdade, o que esses respons\u00e1veis diretos pela destrui\u00e7\u00e3o da Amaz\u00f4nia mais querem \u00e9 exatamente calar a imprensa independente e afastar das florestas os indigenistas que conhecem os dramas da regi\u00e3o.<\/p>\n<p class=\"x_MsoNormal\">Uma pergunta que n\u00e3o quer calar: por que o Bruno Pereira foi demitido da Funai na gest\u00e3o do Moro enquanto Ministro da Justi\u00e7a? Era uma op\u00e7\u00e3o de esvaziamento das lideran\u00e7as que realmente conheciam a quest\u00e3o ind\u00edgena na Amaz\u00f4nia? Era um seguimento da pol\u00edtica de &#8220;passar a boiada&#8221; anunciada pelo ent\u00e3o Ministro Salles? N\u00e3o seria hora de convocar no Congresso Nacional o ex-tudo S\u00e9rgio Moro para explicar? Agora que ele anda rompido com o governo e desmoralizado, talvez resolva falar e fazer algo \u00fatil.<\/p>\n<p class=\"x_MsoNormal\">Mais uma vez o Brasil estar\u00e1 exposto ao rid\u00edculo mundo afora. A imagem do pa\u00eds nos foros internacionais \u00e9 constrangedora. O Brasil virou um pa\u00eds pequeno, t\u00e3o rid\u00edculo, que o Presidente da Rep\u00fablica vai lamber as botas do Presidente dos EUA para pedir ajuda nas elei\u00e7\u00f5es. E anuncia dia ap\u00f3s dia a hip\u00f3tese de uma ruptura institucional. Um golpe. Uma vergonha que s\u00f3 n\u00e3o constrange os bolsonaristas por n\u00e3o terem eles senso do rid\u00edculo.<\/p>\n<p class=\"x_MsoNormal\">As mortes de Dom Phillips e de Bruno Pereira est\u00e3o tendo uma grande repercuss\u00e3o internacional, pois o jornalista \u00e9 ingl\u00eas e trabalhava no jornal brit\u00e2nico The Guardian. No Brasil, o exterm\u00ednio de 25 brasileiros negros numa a\u00e7\u00e3o policial na favela sequer ocupa o notici\u00e1rio. A morte do pobre e invis\u00edvel foi banalizada. A morte de brasileiros pela pol\u00edcia, pela mil\u00edcia, pelos garimpeiros, pelo tr\u00e1fico n\u00e3o \u00e9 not\u00edcia que mere\u00e7a destaque na imprensa e n\u00e3o ocupa espa\u00e7o na agenda governamental. Mas, como em todo pa\u00eds que tem complexo de vira-lata, o assassinato de um grande jornalista, branco, de um respeitado jornal ingl\u00eas, vai dar voz ao desespero dos brasileiros que sentem que est\u00e3o perdendo sua p\u00e1tria para esse bando de milicianos que j\u00e1 se infiltrou at\u00e9 nas For\u00e7as Armadas.<\/p>\n<p class=\"x_MsoNormal\">Que as mortes dos dois profissionais joguem luz neste pa\u00eds que se encontra \u00e0 deriva, \u00e0s cegas, onde o compromisso com a dignidade e com a vida humana n\u00e3o \u00e9 sequer colocado na mesa como op\u00e7\u00e3o. O governo optou pela barb\u00e1rie e se orgulha disto. Vamos resistir e lutar para ter o Brasil de volta.<\/p>\n<p class=\"x_MsoNormal\">Lembro-me de Jo\u00e3o Cabral de Melo Neto, em Morte e Vida Severina: &#8220;E se somos Severinos, iguais em tudo na vida, morremos de morte igual, mesma morte severina: que \u00e9 a morte de que se morre, de velhice antes dos trinta, de emboscada antes dos vinte, de fome um pouco por dia (de fraqueza e de doen\u00e7a, \u00e9 que a morte severina ataca em qualquer idade, e at\u00e9 gente n\u00e3o nascida).<\/p>\n<p class=\"x_MsoNormal\"><strong>(*) Ant\u00f4nio Carlos de Almeida Castro, Kakay, \u00e9 advogado.<\/strong><\/p>\n<!-- AddThis Advanced Settings generic via filter on the_content --><!-- AddThis Share Buttons generic via filter on the_content -->","protected":false},"excerpt":{"rendered":"<p>&#8220;Toda vez que um justo grita, um carrasco o vem calar, quem n\u00e3o presta fica vivo, quem \u00e9 bom, mandam matar&#8221;, dizia Cec\u00edlia Meireles Os covardes e b\u00e1rbaros assassinatos do indigenista Bruno Pereira e do jornalista Dom Phillips, em plena floresta amaz\u00f4nica, \u00e9 o retrato de um Brasil que nos envergonha. S\u00e3o como as mortes&#8230;<!-- AddThis Advanced Settings generic via filter on wp_trim_excerpt --><!-- AddThis Share Buttons generic via filter on wp_trim_excerpt --><\/p>\n","protected":false},"author":17,"featured_media":82476,"comment_status":"closed","ping_status":"closed","sticky":false,"template":"","format":"standard","meta":{"_monsterinsights_skip_tracking":false,"_monsterinsights_sitenote_active":false,"_monsterinsights_sitenote_note":"","_monsterinsights_sitenote_category":0,"_uf_show_specific_survey":0,"_uf_disable_surveys":false,"footnotes":""},"categories":[1584,1390,1401],"tags":[],"class_list":["post-82475","post","type-post","status-publish","format-standard","has-post-thumbnail","hentry","category-artigos","category-editorias","category-nacional"],"acf":[],"_links":{"self":[{"href":"https:\/\/pdt-rj.org.br\/index.php\/wp-json\/wp\/v2\/posts\/82475","targetHints":{"allow":["GET"]}}],"collection":[{"href":"https:\/\/pdt-rj.org.br\/index.php\/wp-json\/wp\/v2\/posts"}],"about":[{"href":"https:\/\/pdt-rj.org.br\/index.php\/wp-json\/wp\/v2\/types\/post"}],"author":[{"embeddable":true,"href":"https:\/\/pdt-rj.org.br\/index.php\/wp-json\/wp\/v2\/users\/17"}],"replies":[{"embeddable":true,"href":"https:\/\/pdt-rj.org.br\/index.php\/wp-json\/wp\/v2\/comments?post=82475"}],"version-history":[{"count":1,"href":"https:\/\/pdt-rj.org.br\/index.php\/wp-json\/wp\/v2\/posts\/82475\/revisions"}],"predecessor-version":[{"id":82477,"href":"https:\/\/pdt-rj.org.br\/index.php\/wp-json\/wp\/v2\/posts\/82475\/revisions\/82477"}],"wp:featuredmedia":[{"embeddable":true,"href":"https:\/\/pdt-rj.org.br\/index.php\/wp-json\/wp\/v2\/media\/82476"}],"wp:attachment":[{"href":"https:\/\/pdt-rj.org.br\/index.php\/wp-json\/wp\/v2\/media?parent=82475"}],"wp:term":[{"taxonomy":"category","embeddable":true,"href":"https:\/\/pdt-rj.org.br\/index.php\/wp-json\/wp\/v2\/categories?post=82475"},{"taxonomy":"post_tag","embeddable":true,"href":"https:\/\/pdt-rj.org.br\/index.php\/wp-json\/wp\/v2\/tags?post=82475"}],"curies":[{"name":"wp","href":"https:\/\/api.w.org\/{rel}","templated":true}]}}