{"id":82464,"date":"2022-06-20T12:43:42","date_gmt":"2022-06-20T15:43:42","guid":{"rendered":"https:\/\/pdt-rj.org.br\/?p=82464"},"modified":"2022-06-21T14:01:50","modified_gmt":"2022-06-21T17:01:50","slug":"pdt-vai-ao-stf-para-defender-a-politica-de-cotas","status":"publish","type":"post","link":"https:\/\/pdt-rj.org.br\/index.php\/pdt-vai-ao-stf-para-defender-a-politica-de-cotas\/","title":{"rendered":"PDT vai ao STF para defender a pol\u00edtica de cotas"},"content":{"rendered":"<h3><strong>Lei que abrange acesso \u00e0 educa\u00e7\u00e3o superior deve ser revisada este ano e pode sofrer retrocesso<\/strong><\/h3>\n<p><em>\u00a0<\/em>O PDT se antecipou na defesa da Educa\u00e7\u00e3o e moveu uma a\u00e7\u00e3o no Supremo Tribunal Federal (STF), nesta segunda-feira (20), para impedir que o Governo Federal extinga a pol\u00edtica de cotas em vigor desde 2012. A A\u00e7\u00e3o Direta de Inconstitucionalidade (ADPF) pedetista levanta as quest\u00f5es da pol\u00edtica afirmativa, seus efeitos ao longo da \u00faltima d\u00e9cada, e exp\u00f5e o risco que o avan\u00e7o social corre frente governo Bolsonaro.<\/p>\n<p>A Lei n\u00ba 12.711\/2012, que criou a pol\u00edtica de cotas na educa\u00e7\u00e3o superior, prev\u00ea que 50% das vagas em universidades e institutos federais sejam direcionadas para pessoas que estudaram em escolas p\u00fablicas. De acordo com o seu texto, ela deve ser revisada 10 anos depois de publicada, ou seja, no pr\u00f3ximo m\u00eas de agosto. Isso gera grande inseguran\u00e7a social, uma vez que o governo revisor \u00e9 o mesmo que se posiciona contra esta a\u00e7\u00e3o afirmativa.<\/p>\n<p>\u201cA Lei de Cotas ser\u00e1 revisada em agosto deste ano, especificamente durante o per\u00edodo eleitoral, oportunidade na qual as alas que s\u00e3o contra a pol\u00edtica de cotas certamente ir\u00e3o aproveitar o momento para reduzir ou at\u00e9 mesmo extinguir esta a\u00e7\u00e3o afirmativa salutar para a sociedade brasileira\u201d, alerta a a\u00e7\u00e3o pedetista encaminhada ao Supremo.<\/p>\n<p>O documento jur\u00eddico sustenta que houve significativo avan\u00e7o social ap\u00f3s a edi\u00e7\u00e3o da Lei n\u00ba 12.711\/2012. Entre 2012 e 2016, a participa\u00e7\u00e3o de estudantes oriundos do ensino m\u00e9dio em escolas p\u00fablicas nas institui\u00e7\u00f5es federais de ensino superior passou de 55,4% para 63,6% (um crescimento de 15%), ao passo que a participa\u00e7\u00e3o de estudantes pardos, pretos e ind\u00edgenas egressos de escolas p\u00fablicas passou de 27,7% para 38,4%.<\/p>\n<p>O PDT sustenta ainda que o princ\u00edpio da igualdade n\u00e3o \u00e9 ferido por pol\u00edticas sociais como essa. Pelo contr\u00e1rio, \u00e9 por meio delas que o Estado procura nivelar as desigualdades, dando a todos a mesma oportunidade de modo equ\u00e2nime. Por fim, rememora a necessidade que sociedades com desigualdades hist\u00f3ricas t\u00eam de se valer de a\u00e7\u00f5es afirmativas.<\/p>\n<p>\u201cUma forma de consagrar a isonomia, no plano material, \u00e9 a consecu\u00e7\u00e3o de a\u00e7\u00f5es afirmativas. As a\u00e7\u00f5es afirmativas ou\u00a0<em>affirmative actions<\/em>\u00a0da doutrina americana s\u00e3o rem\u00e9dio processuais para amparar direitos dos hipossuficientes. Sua finalidade \u00e9 concretizar a isonomia e fortalecer a democracia, impedindo que a maioria possa prejudicar direitos da minoria\u201d, explica a a\u00e7\u00e3o.<\/p>\n<p>Clique no link abaixo e veja a \u00edntegra da a\u00e7\u00e3o.<\/p>\n<p><a href=\"https:\/\/www.pdt.org.br\/wp-content\/uploads\/2022\/06\/PETICAO.INICIAL-3.pdf\" data-wpel-link=\"internal\">ADPF<\/a><\/p>\n<!-- AddThis Advanced Settings generic via filter on the_content --><!-- AddThis Share Buttons generic via filter on the_content -->","protected":false},"excerpt":{"rendered":"<p>Lei que abrange acesso \u00e0 educa\u00e7\u00e3o superior deve ser revisada este ano e pode sofrer retrocesso \u00a0O PDT se antecipou na defesa da Educa\u00e7\u00e3o e moveu uma a\u00e7\u00e3o no Supremo Tribunal Federal (STF), nesta segunda-feira (20), para impedir que o Governo Federal extinga a pol\u00edtica de cotas em vigor desde 2012. A A\u00e7\u00e3o Direta de&#8230;<!-- AddThis Advanced Settings generic via filter on wp_trim_excerpt --><!-- AddThis Share Buttons generic via filter on wp_trim_excerpt --><\/p>\n","protected":false},"author":17,"featured_media":82465,"comment_status":"closed","ping_status":"closed","sticky":false,"template":"","format":"standard","meta":{"_monsterinsights_skip_tracking":false,"_monsterinsights_sitenote_active":false,"_monsterinsights_sitenote_note":"","_monsterinsights_sitenote_category":0,"_uf_show_specific_survey":0,"_uf_disable_surveys":false,"footnotes":""},"categories":[1390,1401],"tags":[],"class_list":["post-82464","post","type-post","status-publish","format-standard","has-post-thumbnail","hentry","category-editorias","category-nacional"],"acf":[],"_links":{"self":[{"href":"https:\/\/pdt-rj.org.br\/index.php\/wp-json\/wp\/v2\/posts\/82464","targetHints":{"allow":["GET"]}}],"collection":[{"href":"https:\/\/pdt-rj.org.br\/index.php\/wp-json\/wp\/v2\/posts"}],"about":[{"href":"https:\/\/pdt-rj.org.br\/index.php\/wp-json\/wp\/v2\/types\/post"}],"author":[{"embeddable":true,"href":"https:\/\/pdt-rj.org.br\/index.php\/wp-json\/wp\/v2\/users\/17"}],"replies":[{"embeddable":true,"href":"https:\/\/pdt-rj.org.br\/index.php\/wp-json\/wp\/v2\/comments?post=82464"}],"version-history":[{"count":2,"href":"https:\/\/pdt-rj.org.br\/index.php\/wp-json\/wp\/v2\/posts\/82464\/revisions"}],"predecessor-version":[{"id":82522,"href":"https:\/\/pdt-rj.org.br\/index.php\/wp-json\/wp\/v2\/posts\/82464\/revisions\/82522"}],"wp:featuredmedia":[{"embeddable":true,"href":"https:\/\/pdt-rj.org.br\/index.php\/wp-json\/wp\/v2\/media\/82465"}],"wp:attachment":[{"href":"https:\/\/pdt-rj.org.br\/index.php\/wp-json\/wp\/v2\/media?parent=82464"}],"wp:term":[{"taxonomy":"category","embeddable":true,"href":"https:\/\/pdt-rj.org.br\/index.php\/wp-json\/wp\/v2\/categories?post=82464"},{"taxonomy":"post_tag","embeddable":true,"href":"https:\/\/pdt-rj.org.br\/index.php\/wp-json\/wp\/v2\/tags?post=82464"}],"curies":[{"name":"wp","href":"https:\/\/api.w.org\/{rel}","templated":true}]}}