{"id":82459,"date":"2022-06-20T12:36:07","date_gmt":"2022-06-20T15:36:07","guid":{"rendered":"https:\/\/pdt-rj.org.br\/?p=82459"},"modified":"2022-06-21T12:41:07","modified_gmt":"2022-06-21T15:41:07","slug":"david-miranda-pede-informacao-ao-ministro-da-justica-sobre-moatociata-com-o-blogueiro-allan-dos-santos","status":"publish","type":"post","link":"https:\/\/pdt-rj.org.br\/index.php\/david-miranda-pede-informacao-ao-ministro-da-justica-sobre-moatociata-com-o-blogueiro-allan-dos-santos\/","title":{"rendered":"David Miranda pede informa\u00e7\u00e3o ao ministro da Justi\u00e7a sobre moatociata com Allan dos Santos"},"content":{"rendered":"<p><strong>Parlamentar questiona o motivo de o ministro n\u00e3o ter informado \u00e0 pol\u00edcia internacional sobre a presen\u00e7a do bloqueiro<\/strong><\/p>\n<p>Requerimento de Informa\u00e7\u00e3o (RIC 439\/22) do deputado\u00a0David Miranda (PDT-RJ)\u00a0pede explica\u00e7\u00e3o ao ministro da Justi\u00e7a, Anderson Torres, sobre participa\u00e7\u00e3o do blogueiro Allan dos Santos em motociata, em 11\/06, organizada por apoiadores do presidente Jair Bolsonaro, em Orlando, na Fl\u00f3rida, Estados Unidos.<\/p>\n<p>No documento, o parlamentar questiona o motivo de o ministro n\u00e3o ter informado \u00e0 pol\u00edcia internacional, a Interpol, a localiza\u00e7\u00e3o de Allan dos Santos, procurado pela Justi\u00e7a brasileira.<\/p>\n<p>\u201cSem o m\u00ednimo constrangimento, ao mesmo tempo em que tenta criar dificuldades ao processo de extradi\u00e7\u00e3o, o presidente Bolsonaro prestigia o seu assecla e parece valer-se de sua atua\u00e7\u00e3o e servi\u00e7os em territ\u00f3rio estadunidense. N\u00e3o \u00e9 poss\u00edvel ficar indiferente ao ultraje \u00e0s institui\u00e7\u00f5es brasileiras que representou a participa\u00e7\u00e3o ostensiva do senhor Allan dos Santos numa motociata em Orlando, organizada por simpatizantes do governo, no \u00faltimo dia 11 de junho\u201d, diz o parlamentar no pedido.<\/p>\n<p>Em outubro do ano passado, o ministro Alexandre de Moraes\u00a0atendeu a pedido da Pol\u00edcia Federal e determinou a pris\u00e3o de Allan dos Santos. Ele \u00e9 investigado em dois inqu\u00e9ritos: o das Fake News e sobre participa\u00e7\u00e3o em mil\u00edcias digitais que amea\u00e7ariam a democracia brasileira.<\/p>\n<p>Em audi\u00eancia p\u00fablica na Comiss\u00e3o de Direitos Humanos da C\u00e2mara, o ministro da Justi\u00e7a negou que tenha visto Allan dos Santos e se negou a dar mais explica\u00e7\u00f5es. \u201cEu n\u00e3o estive com esse cidad\u00e3o, eu n\u00e3o vi esse cidad\u00e3o nos Estados Unidos. N\u00e3o tenho o que responder a respeito disso\u201d, disse Torres<\/p>\n<p>\u201cDiante da coniv\u00eancia do Governo brasileiro com a atua\u00e7\u00e3o ilegal e mesmo afrontosa do Senhor Allan dos Santos \u00e9 imperativo que o Ministro da Justi\u00e7a preste esclarecimentos quanto ao processo de extradi\u00e7\u00e3o e explique, adicionalmente, o estado de aparente abandono a que foi relegado o Departamento de Recupera\u00e7\u00e3o de Ativos e Coopera\u00e7\u00e3o Jur\u00eddica Internacional na estrutura do seu Minist\u00e9rio, depois dos epis\u00f3dios envolvendo o referido processo de extradi\u00e7\u00e3o\u201d, justifica David Miranda.<\/p>\n<!-- AddThis Advanced Settings generic via filter on the_content --><!-- AddThis Share Buttons generic via filter on the_content -->","protected":false},"excerpt":{"rendered":"<p>Parlamentar questiona o motivo de o ministro n\u00e3o ter informado \u00e0 pol\u00edcia internacional sobre a presen\u00e7a do bloqueiro Requerimento de Informa\u00e7\u00e3o (RIC 439\/22) do deputado\u00a0David Miranda (PDT-RJ)\u00a0pede explica\u00e7\u00e3o ao ministro da Justi\u00e7a, Anderson Torres, sobre participa\u00e7\u00e3o do blogueiro Allan dos Santos em motociata, em 11\/06, organizada por apoiadores do presidente Jair Bolsonaro, em Orlando, na&#8230;<!-- AddThis Advanced Settings generic via filter on wp_trim_excerpt --><!-- AddThis Share Buttons generic via filter on wp_trim_excerpt --><\/p>\n","protected":false},"author":17,"featured_media":82460,"comment_status":"closed","ping_status":"closed","sticky":false,"template":"","format":"standard","meta":{"_monsterinsights_skip_tracking":false,"_monsterinsights_sitenote_active":false,"_monsterinsights_sitenote_note":"","_monsterinsights_sitenote_category":0,"_uf_show_specific_survey":0,"_uf_disable_surveys":false,"footnotes":""},"categories":[1390,1401],"tags":[],"class_list":["post-82459","post","type-post","status-publish","format-standard","has-post-thumbnail","hentry","category-editorias","category-nacional"],"acf":[],"_links":{"self":[{"href":"https:\/\/pdt-rj.org.br\/index.php\/wp-json\/wp\/v2\/posts\/82459","targetHints":{"allow":["GET"]}}],"collection":[{"href":"https:\/\/pdt-rj.org.br\/index.php\/wp-json\/wp\/v2\/posts"}],"about":[{"href":"https:\/\/pdt-rj.org.br\/index.php\/wp-json\/wp\/v2\/types\/post"}],"author":[{"embeddable":true,"href":"https:\/\/pdt-rj.org.br\/index.php\/wp-json\/wp\/v2\/users\/17"}],"replies":[{"embeddable":true,"href":"https:\/\/pdt-rj.org.br\/index.php\/wp-json\/wp\/v2\/comments?post=82459"}],"version-history":[{"count":3,"href":"https:\/\/pdt-rj.org.br\/index.php\/wp-json\/wp\/v2\/posts\/82459\/revisions"}],"predecessor-version":[{"id":82517,"href":"https:\/\/pdt-rj.org.br\/index.php\/wp-json\/wp\/v2\/posts\/82459\/revisions\/82517"}],"wp:featuredmedia":[{"embeddable":true,"href":"https:\/\/pdt-rj.org.br\/index.php\/wp-json\/wp\/v2\/media\/82460"}],"wp:attachment":[{"href":"https:\/\/pdt-rj.org.br\/index.php\/wp-json\/wp\/v2\/media?parent=82459"}],"wp:term":[{"taxonomy":"category","embeddable":true,"href":"https:\/\/pdt-rj.org.br\/index.php\/wp-json\/wp\/v2\/categories?post=82459"},{"taxonomy":"post_tag","embeddable":true,"href":"https:\/\/pdt-rj.org.br\/index.php\/wp-json\/wp\/v2\/tags?post=82459"}],"curies":[{"name":"wp","href":"https:\/\/api.w.org\/{rel}","templated":true}]}}