{"id":82452,"date":"2022-06-20T12:26:05","date_gmt":"2022-06-20T15:26:05","guid":{"rendered":"https:\/\/pdt-rj.org.br\/?p=82452"},"modified":"2022-06-21T12:28:14","modified_gmt":"2022-06-21T15:28:14","slug":"ciro-falta-inteligencia-e-coragem-para-bolsonaro-mudar-precos-da-petrobras","status":"publish","type":"post","link":"https:\/\/pdt-rj.org.br\/index.php\/ciro-falta-inteligencia-e-coragem-para-bolsonaro-mudar-precos-da-petrobras\/","title":{"rendered":"Ciro: &#8220;Falta intelig\u00eancia e coragem para Bolsonaro mudar pre\u00e7os da Petrobr\u00e1s&#8221;"},"content":{"rendered":"<p><strong>Simples reajuste decretado pela empresa derruba os supostos efeitos positivos da redu\u00e7\u00e3o do ICMS<\/strong><\/p>\n<p class=\"x_gmail-MsoNoSpacing\">O pr\u00e9-candidato \u00e0 presid\u00eancia do PDT, Ciro Gomes, sobre a decis\u00e3o da Petrobr\u00e1s de aumentar mais uma vez o pre\u00e7o dos combust\u00edveis no mercado interno, afirmou nesta sexta-feira (17\/6) pelo Twitter que Bolsonaro, Guedes e\u00a0\u00a0equipe n\u00e3o t\u00eam &#8220;intelig\u00eancia nem coragem&#8221; para mudar pol\u00edtica de pre\u00e7os da Petrobras e, agora, &#8220;fazem teatrinho de briga e xingamentos&#8221;.<\/p>\n<p class=\"x_gmail-MsoNoSpacing\">Na opini\u00e3o de Ciro, \u00a0tudo n\u00e3o passa de \u00a0&#8220;pura demagogia eleitoreira e muito desespero&#8221;. Ele tamb\u00e9m frisou: &#8220;Deixaram a absurda pol\u00edtica de pre\u00e7os (de paridade do pre\u00e7o dos derivados com o d\u00f3lar) \u00a0correr solta durante todo governo, come\u00e7aram a tomar medidas paliativas \u2014 e erradas \u2014 nas v\u00e9speras das elei\u00e7\u00f5es e agora perderam totalmente o controle da situa\u00e7\u00e3o.&#8221;<\/p>\n<p class=\"x_gmail-MsoNoSpacing\">Neste s\u00e1bado, por conta da pol\u00edtica de Pre\u00e7o de Paridade Internacional (PPI) iniciada em 2016 por Pedro Parente, no governo do ex-presidente Michel Temer (MDB),\u00a0 a Petrobr\u00e1s reajustou o pre\u00e7o dos combust\u00edveis \u00a0ap\u00f3s 99 dias, passando a gasolina a custar nas refinarias R$ 4,06 o litro \u2013 um \u00a0aumento de 5,2%; e o diesel \u2013 que est\u00e1 h\u00e1 39 dias sem aumento \u2013 passa a custar R$ 5,61 o litro, alta de 14,2%.<\/p>\n<p class=\"x_gmail-MsoNoSpacing\">O aumento atrapalha o projeto de reelei\u00e7\u00e3o de Bolsonaro que, como t\u00e1tica de campanha, decidiu p\u00f4r a culpa nos dirigentes da principal e maior empresa brasileira, como se ele, Bolsonaro, n\u00e3o os tivesse nomeado. Posi\u00e7\u00e3o seguida pelo seu fiel aliado Arthur Lira, presidente da C\u00e2mara, \u00a0que tamb\u00e9m fez cr\u00edticas a Petrobr\u00e1s e amea\u00e7ou criar uma CPI.<\/p>\n<p class=\"x_gmail-MsoNoSpacing\">Mas esses dois n\u00e3o enganam Ciro que, fez quest\u00e3o de destacar em seu Twitter que &#8220;o desespero \u00e9 total (no governo Bolsonaro) porque eles sabem que um simples reajuste decretado pela empresa derruba os supostos efeitos positivos da redu\u00e7\u00e3o do ICMS&#8221;, \u00a0projeto de lei rec\u00e9m aprovado na C\u00e2mara que fixa o teto de 17% para o Imposto sobre Circula\u00e7\u00e3o de Mercadorias e Servi\u00e7os (ICMS) sobre combust\u00edveis. O texto ainda \u00a0vai \u00e0 san\u00e7\u00e3o presidencial.<\/p>\n<p class=\"x_gmail-MsoNoSpacing\">&#8220;Ou seja: a popula\u00e7\u00e3o ser\u00e1 duplamente punida porque ter\u00e1 menos verba para educa\u00e7\u00e3o e sa\u00fade junto com pre\u00e7os altos de gasolina, diesel e g\u00e1s. Tempestade perfeita&#8221;, acrescentou Ciro Gomes que explicou que Bolsonaro, ao vender e paralisar as refinarias da Petrobr\u00e1s para importar dos Estados Unidos derivados de petr\u00f3leo em d\u00f3lar, na pr\u00e1tica, comete um crime contra o bolso dos brasileiros.<\/p>\n<p class=\"x_gmail-MsoNoSpacing\">&#8220;A mentira de Bolsonaro foi desmascarada: ICMS n\u00e3o aumenta pre\u00e7os dos combust\u00edveis. Sua frouxid\u00e3o tamb\u00e9m: se esconde, tremendo, atr\u00e1s de Lira para tentar resolver a crise da Petrobras. Fora, seu frouxo&#8221;, atacou Ciro.<\/p>\n<p class=\"x_gmail-MsoNoSpacing\">Fontes: m\u00eddia e redes sociais<\/p>\n<!-- AddThis Advanced Settings generic via filter on the_content --><!-- AddThis Share Buttons generic via filter on the_content -->","protected":false},"excerpt":{"rendered":"<p>Simples reajuste decretado pela empresa derruba os supostos efeitos positivos da redu\u00e7\u00e3o do ICMS O pr\u00e9-candidato \u00e0 presid\u00eancia do PDT, Ciro Gomes, sobre a decis\u00e3o da Petrobr\u00e1s de aumentar mais uma vez o pre\u00e7o dos combust\u00edveis no mercado interno, afirmou nesta sexta-feira (17\/6) pelo Twitter que Bolsonaro, Guedes e\u00a0\u00a0equipe n\u00e3o t\u00eam &#8220;intelig\u00eancia nem coragem&#8221; para&#8230;<!-- AddThis Advanced Settings generic via filter on wp_trim_excerpt --><!-- AddThis Share Buttons generic via filter on wp_trim_excerpt --><\/p>\n","protected":false},"author":17,"featured_media":82453,"comment_status":"closed","ping_status":"closed","sticky":false,"template":"","format":"standard","meta":{"_monsterinsights_skip_tracking":false,"_monsterinsights_sitenote_active":false,"_monsterinsights_sitenote_note":"","_monsterinsights_sitenote_category":0,"_uf_show_specific_survey":0,"_uf_disable_surveys":false,"footnotes":""},"categories":[1390,5416,1401],"tags":[],"class_list":["post-82452","post","type-post","status-publish","format-standard","has-post-thumbnail","hentry","category-editorias","category-ciro-gomes","category-nacional"],"acf":[],"_links":{"self":[{"href":"https:\/\/pdt-rj.org.br\/index.php\/wp-json\/wp\/v2\/posts\/82452","targetHints":{"allow":["GET"]}}],"collection":[{"href":"https:\/\/pdt-rj.org.br\/index.php\/wp-json\/wp\/v2\/posts"}],"about":[{"href":"https:\/\/pdt-rj.org.br\/index.php\/wp-json\/wp\/v2\/types\/post"}],"author":[{"embeddable":true,"href":"https:\/\/pdt-rj.org.br\/index.php\/wp-json\/wp\/v2\/users\/17"}],"replies":[{"embeddable":true,"href":"https:\/\/pdt-rj.org.br\/index.php\/wp-json\/wp\/v2\/comments?post=82452"}],"version-history":[{"count":2,"href":"https:\/\/pdt-rj.org.br\/index.php\/wp-json\/wp\/v2\/posts\/82452\/revisions"}],"predecessor-version":[{"id":82500,"href":"https:\/\/pdt-rj.org.br\/index.php\/wp-json\/wp\/v2\/posts\/82452\/revisions\/82500"}],"wp:featuredmedia":[{"embeddable":true,"href":"https:\/\/pdt-rj.org.br\/index.php\/wp-json\/wp\/v2\/media\/82453"}],"wp:attachment":[{"href":"https:\/\/pdt-rj.org.br\/index.php\/wp-json\/wp\/v2\/media?parent=82452"}],"wp:term":[{"taxonomy":"category","embeddable":true,"href":"https:\/\/pdt-rj.org.br\/index.php\/wp-json\/wp\/v2\/categories?post=82452"},{"taxonomy":"post_tag","embeddable":true,"href":"https:\/\/pdt-rj.org.br\/index.php\/wp-json\/wp\/v2\/tags?post=82452"}],"curies":[{"name":"wp","href":"https:\/\/api.w.org\/{rel}","templated":true}]}}