{"id":82438,"date":"2022-06-16T10:26:52","date_gmt":"2022-06-16T13:26:52","guid":{"rendered":"https:\/\/pdt-rj.org.br\/?p=82438"},"modified":"2022-06-20T12:41:48","modified_gmt":"2022-06-20T15:41:48","slug":"paridade-de-genero-na-politica-o-ole-da-espanha-por-juliana-brizola","status":"publish","type":"post","link":"https:\/\/pdt-rj.org.br\/index.php\/paridade-de-genero-na-politica-o-ole-da-espanha-por-juliana-brizola\/","title":{"rendered":"\u201cParidade de g\u00eanero na pol\u00edtica: o ol\u00e9 da Espanha\u201c, por Juliana Brizola"},"content":{"rendered":"<p class=\"p1\"><strong><span class=\"s1\">Mulheres, as elei\u00e7\u00f5es est\u00e3o chegando, e \u00e9 uma oportunidade hist\u00f3rica de revertermos esse monop\u00f3lio masculino nos espa\u00e7os de poder. Se n\u00f3s somos a maioria e representamos 52% do eleitorado nacional, s\u00e3o as mulheres que decidir\u00e3o o futuro do Brasil<\/span><\/strong><\/p>\n<div class=\"texto\">O n\u00famero insignificante de mulheres ministras no atual governo brasileiro vai no sentido contr\u00e1rio \u00e0 tend\u00eancia internacional. O Brasil tem apenas duas mulheres em minist\u00e9rios, o que representa 9,1% em um total de 23 pastas. No ranking mundial est\u00e1 em 16\u00ba lugar entre os pa\u00edses com menor n\u00famero de mulheres em minist\u00e9rios, de acordo com a lista divulgada pela ONU Mulheres e pela Uni\u00e3o Interparlamentar, em 2019. Nessa lista o Brasil est\u00e1 abaixo do Paquist\u00e3o, que tem 12% dos cargos ministeriais ocupados por mulheres.<\/div>\n<div class=\"texto\">Os \u00edndices de representatividade feminina colocam o Brasil atr\u00e1s de pa\u00edses que est\u00e3o passando por crises pol\u00edticas e humanit\u00e1rias, como a S\u00edria, que tem 13,3% de suas 30 pastas ocupadas por mulheres, e a Venezuela, com 29,4% de seus 34 minist\u00e9rios conduzidos por elas. Na \u00faltima cerim\u00f4nia para celebrar o Dia Internacional da Mulher, o atual presidente da Rep\u00fablica do Brasil afirmou que as mulheres est\u00e3o &#8220;praticamente integradas \u00e0 sociedade, pela primeira vez o n\u00famero de ministros e ministras est\u00e1 equilibrado num governo. Cada uma das duas mulheres ministras, equivale por dez homens\u201d, o que soou como um deboche, desagradando as institui\u00e7\u00f5es que defendem os Direitos Humanos e os direitos das mulheres.<\/div>\n<div><\/div>\n<div>\n<p>De acordo com a ONU, a participa\u00e7\u00e3o de mulheres em postos ministeriais no mundo \u00e9 a maior j\u00e1 registrada. E o bom exemplo vem da Espanha, onde a participa\u00e7\u00e3o feminina \u00e9 de 64%, no Governo do primeiro-ministro Pedro S\u00e1nchez, que nomeou 11 ministras em um gabinete de 17, representando 64,7% dos membros. Esse fato faz com que a Espanha tenha hoje o Executivo com mais mulheres do mundo e da hist\u00f3ria da Europa.<\/p>\n<div class=\"texto\">Anteriormente, a lideran\u00e7a era da Finl\u00e2ndia, que em 2007 nomeou 12 ministras em um total de 19, 63,1% dos integrantes. Apesar desse importante avan\u00e7o, a Espanha ainda n\u00e3o conseguiu eleger uma presidente mulher, o que j\u00e1 aconteceu no Brasil com a elei\u00e7\u00e3o de Dilma Rousseff, em 2010.<\/div>\n<div><\/div>\n<div class=\"texto\">\u00c9 imprescind\u00edvel ter mais mulheres nos Governos, principalmente nos processos de elabora\u00e7\u00e3o de pol\u00edticas p\u00fablicas direcionadas \u00e0 melhoria das condi\u00e7\u00f5es de vida dos cidad\u00e3os. Nesse sentido, aumentar a representa\u00e7\u00e3o feminina no parlamento fortifica a democracia Se elas s\u00e3o exclu\u00eddas do Governo, h\u00e1 que se questionar a igualdade de oportunidades, pois est\u00e1 comprovado que h\u00e1 mulheres t\u00e3o ou mais competentes que os homens.<\/div>\n<\/div>\n<div>\n<div class=\"texto\">\n<p>A amplia\u00e7\u00e3o da participa\u00e7\u00e3o das mulheres na pol\u00edtica depende de v\u00e1rios fatores, como a permanente luta feminista e o acesso \u00e0 Educa\u00e7\u00e3o p\u00fablica de qualidade. Outro fator importante \u00e9 que h\u00e1 uma tend\u00eancia a aumentar a participa\u00e7\u00e3o das mulheres quando o governo eleito \u00e9 progressista.<\/p>\n<p>Mulheres, as elei\u00e7\u00f5es est\u00e3o chegando, e \u00e9 uma oportunidade hist\u00f3rica de revertermos esse monop\u00f3lio masculino nos espa\u00e7os de poder. Se n\u00f3s somos a maioria e representamos 52% do eleitorado nacional, s\u00e3o as mulheres que decidir\u00e3o o futuro do Brasil.<\/p>\n<\/div>\n<div class=\"texto\"><strong><br \/>\n*Juliana Brizola \u00e9 neta de Leonel Brizola e deputada estadual pelo PDT no Rio Grande do Sul.\u00a0<\/strong><\/div>\n<\/div>\n<!-- AddThis Advanced Settings generic via filter on the_content --><!-- AddThis Share Buttons generic via filter on the_content -->","protected":false},"excerpt":{"rendered":"<p>Mulheres, as elei\u00e7\u00f5es est\u00e3o chegando, e \u00e9 uma oportunidade hist\u00f3rica de revertermos esse monop\u00f3lio masculino nos espa\u00e7os de poder. Se n\u00f3s somos a maioria e representamos 52% do eleitorado nacional, s\u00e3o as mulheres que decidir\u00e3o o futuro do Brasil O n\u00famero insignificante de mulheres ministras no atual governo brasileiro vai no sentido contr\u00e1rio \u00e0 tend\u00eancia&#8230;<!-- AddThis Advanced Settings generic via filter on wp_trim_excerpt --><!-- AddThis Share Buttons generic via filter on wp_trim_excerpt --><\/p>\n","protected":false},"author":17,"featured_media":82439,"comment_status":"closed","ping_status":"closed","sticky":false,"template":"","format":"standard","meta":{"_monsterinsights_skip_tracking":false,"_monsterinsights_sitenote_active":false,"_monsterinsights_sitenote_note":"","_monsterinsights_sitenote_category":0,"_uf_show_specific_survey":0,"_uf_disable_surveys":false,"footnotes":""},"categories":[1584,1390,1401],"tags":[],"class_list":["post-82438","post","type-post","status-publish","format-standard","has-post-thumbnail","hentry","category-artigos","category-editorias","category-nacional"],"acf":[],"_links":{"self":[{"href":"https:\/\/pdt-rj.org.br\/index.php\/wp-json\/wp\/v2\/posts\/82438","targetHints":{"allow":["GET"]}}],"collection":[{"href":"https:\/\/pdt-rj.org.br\/index.php\/wp-json\/wp\/v2\/posts"}],"about":[{"href":"https:\/\/pdt-rj.org.br\/index.php\/wp-json\/wp\/v2\/types\/post"}],"author":[{"embeddable":true,"href":"https:\/\/pdt-rj.org.br\/index.php\/wp-json\/wp\/v2\/users\/17"}],"replies":[{"embeddable":true,"href":"https:\/\/pdt-rj.org.br\/index.php\/wp-json\/wp\/v2\/comments?post=82438"}],"version-history":[{"count":2,"href":"https:\/\/pdt-rj.org.br\/index.php\/wp-json\/wp\/v2\/posts\/82438\/revisions"}],"predecessor-version":[{"id":82463,"href":"https:\/\/pdt-rj.org.br\/index.php\/wp-json\/wp\/v2\/posts\/82438\/revisions\/82463"}],"wp:featuredmedia":[{"embeddable":true,"href":"https:\/\/pdt-rj.org.br\/index.php\/wp-json\/wp\/v2\/media\/82439"}],"wp:attachment":[{"href":"https:\/\/pdt-rj.org.br\/index.php\/wp-json\/wp\/v2\/media?parent=82438"}],"wp:term":[{"taxonomy":"category","embeddable":true,"href":"https:\/\/pdt-rj.org.br\/index.php\/wp-json\/wp\/v2\/categories?post=82438"},{"taxonomy":"post_tag","embeddable":true,"href":"https:\/\/pdt-rj.org.br\/index.php\/wp-json\/wp\/v2\/tags?post=82438"}],"curies":[{"name":"wp","href":"https:\/\/api.w.org\/{rel}","templated":true}]}}