{"id":82435,"date":"2022-06-15T14:06:45","date_gmt":"2022-06-15T17:06:45","guid":{"rendered":"https:\/\/pdt-rj.org.br\/?p=82435"},"modified":"2022-06-15T14:06:45","modified_gmt":"2022-06-15T17:06:45","slug":"comissao-de-cultura-da-camara-aprova-pareceres-de-chico-dangelo","status":"publish","type":"post","link":"https:\/\/pdt-rj.org.br\/index.php\/comissao-de-cultura-da-camara-aprova-pareceres-de-chico-dangelo\/","title":{"rendered":"Comiss\u00e3o de Cultura da C\u00e2mara aprova pareceres de Chico D\u2019Angelo"},"content":{"rendered":"<p><strong>Deputado pedetista busca beneficiar Nova Frigurgo e criar Semana Nacional do Artesanato<\/strong><\/p>\n<p>A Comiss\u00e3o de Cultura aprovou, nesta ter\u00e7a-feira (14), dois pareceres &#8211; a projetos distintos &#8211; do deputado pedetista pelo estado do Rio de Janeiro, Chico D\u2019Angelo.<\/p>\n<p>O primeiro projeto (PL 10706\/18) declara o munic\u00edpio fluminense de Nova Friburgo como a \u201cSu\u00ed\u00e7a brasileira&#8221;.<\/p>\n<p>Nova Friburgo foi fundada por imigrantes su\u00ed\u00e7os, em 1819-1820, vindos em sua grande maioria do Cant\u00e3o de Fribourg, em busca de uma vida melhor no Novo Mundo. Nesta \u00e9poca, grande parte da Europa estava em crise devido \u00e0 Revolu\u00e7\u00e3o Industrial e \u00e0 explos\u00e3o do vulc\u00e3o Tambora.<\/p>\n<p>Em 4 de julho de 1819, dois mil e seis imigrantes su\u00ed\u00e7os embarcaram em viagem ao Brasil. Desse total, 1631 chegaram a Nova Friburgo, perfazendo, durante o percurso, 389 \u00f3bitos e 14 nascimentos. No fim do s\u00e9culo XIX, Nova Friburgo j\u00e1 havia se tornado a principal produtora de alimentos da regi\u00e3o oriental do Vale do Para\u00edba do Sul. Em 1890, foi elevada \u00e0 categoria de Munic\u00edpio; e<\/p>\n<p>J\u00e1 o segundo projeto (PL 2995\/21) cria a Semana Nacional do Artesanato, a ser comemorada anualmente de 19 a 26 de mar\u00e7o em todo o territ\u00f3rio nacional, com os seguintes objetivos: contribuir com a difus\u00e3o da cultura local e regional atrav\u00e9s do artesanato; valorizar os profissionais artes\u00e3os em suas respectivas comunidades e regi\u00f5es; estimular o empreendedorismo e capacita\u00e7\u00e3o dos artes\u00e3os para o mercado competitivo; e impulsionar a comercializa\u00e7\u00e3o dos produtos artesanais, em n\u00edvel nacional e internacional.<\/p>\n<p>A semana de comemora\u00e7\u00e3o e conscientiza\u00e7\u00e3o sobre a cultura do artesanato passa a fazer parte do calend\u00e1rio oficial de eventos do governo federal.<\/p>\n<!-- AddThis Advanced Settings generic via filter on the_content --><!-- AddThis Share Buttons generic via filter on the_content -->","protected":false},"excerpt":{"rendered":"<p>Deputado pedetista busca beneficiar Nova Frigurgo e criar Semana Nacional do Artesanato A Comiss\u00e3o de Cultura aprovou, nesta ter\u00e7a-feira (14), dois pareceres &#8211; a projetos distintos &#8211; do deputado pedetista pelo estado do Rio de Janeiro, Chico D\u2019Angelo. O primeiro projeto (PL 10706\/18) declara o munic\u00edpio fluminense de Nova Friburgo como a \u201cSu\u00ed\u00e7a brasileira&#8221;. Nova&#8230;<!-- AddThis Advanced Settings generic via filter on wp_trim_excerpt --><!-- AddThis Share Buttons generic via filter on wp_trim_excerpt --><\/p>\n","protected":false},"author":17,"featured_media":82436,"comment_status":"closed","ping_status":"closed","sticky":false,"template":"","format":"standard","meta":{"_monsterinsights_skip_tracking":false,"_monsterinsights_sitenote_active":false,"_monsterinsights_sitenote_note":"","_monsterinsights_sitenote_category":0,"_uf_show_specific_survey":0,"_uf_disable_surveys":false,"footnotes":""},"categories":[1390,1401],"tags":[],"class_list":["post-82435","post","type-post","status-publish","format-standard","has-post-thumbnail","hentry","category-editorias","category-nacional"],"acf":[],"_links":{"self":[{"href":"https:\/\/pdt-rj.org.br\/index.php\/wp-json\/wp\/v2\/posts\/82435","targetHints":{"allow":["GET"]}}],"collection":[{"href":"https:\/\/pdt-rj.org.br\/index.php\/wp-json\/wp\/v2\/posts"}],"about":[{"href":"https:\/\/pdt-rj.org.br\/index.php\/wp-json\/wp\/v2\/types\/post"}],"author":[{"embeddable":true,"href":"https:\/\/pdt-rj.org.br\/index.php\/wp-json\/wp\/v2\/users\/17"}],"replies":[{"embeddable":true,"href":"https:\/\/pdt-rj.org.br\/index.php\/wp-json\/wp\/v2\/comments?post=82435"}],"version-history":[{"count":1,"href":"https:\/\/pdt-rj.org.br\/index.php\/wp-json\/wp\/v2\/posts\/82435\/revisions"}],"predecessor-version":[{"id":82437,"href":"https:\/\/pdt-rj.org.br\/index.php\/wp-json\/wp\/v2\/posts\/82435\/revisions\/82437"}],"wp:featuredmedia":[{"embeddable":true,"href":"https:\/\/pdt-rj.org.br\/index.php\/wp-json\/wp\/v2\/media\/82436"}],"wp:attachment":[{"href":"https:\/\/pdt-rj.org.br\/index.php\/wp-json\/wp\/v2\/media?parent=82435"}],"wp:term":[{"taxonomy":"category","embeddable":true,"href":"https:\/\/pdt-rj.org.br\/index.php\/wp-json\/wp\/v2\/categories?post=82435"},{"taxonomy":"post_tag","embeddable":true,"href":"https:\/\/pdt-rj.org.br\/index.php\/wp-json\/wp\/v2\/tags?post=82435"}],"curies":[{"name":"wp","href":"https:\/\/api.w.org\/{rel}","templated":true}]}}