{"id":82432,"date":"2022-06-17T18:28:06","date_gmt":"2022-06-17T21:28:06","guid":{"rendered":"https:\/\/pdt-rj.org.br\/?p=82432"},"modified":"2022-06-18T13:15:17","modified_gmt":"2022-06-18T16:15:17","slug":"eduardo-costa-avalia-que-trabalhismo-possibilitou-ao-brasil-superar-o-atraso","status":"publish","type":"post","link":"https:\/\/pdt-rj.org.br\/index.php\/eduardo-costa-avalia-que-trabalhismo-possibilitou-ao-brasil-superar-o-atraso\/","title":{"rendered":"Eduardo Costa avalia que trabalhismo possibilitou ao Brasil superar o atraso"},"content":{"rendered":"<p style=\"font-weight: 400;\"><strong>Per\u00edodo de desenvolvimento foi interrompido pelo golpe militar de 1964, que dep\u00f4s Jo\u00e3o Goulart<\/strong><\/p>\n<p style=\"font-weight: 400;\">Na nova edi\u00e7\u00e3o do\u00a0<a href=\"https:\/\/www.youtube.com\/watch?v=KGvmKl4GIVg\" data-saferedirecturl=\"https:\/\/www.google.com\/url?q=https:\/\/www.youtube.com\/watch?v%3DKGvmKl4GIVg&amp;source=gmail&amp;ust=1655397472118000&amp;usg=AOvVaw1QEWxacgXZKQZFTxjwIsn9\">programa<\/a>\u00a0\u201cTrabalhismo na Hist\u00f3ria\u201d, do Centro de Mem\u00f3ria Trabalhista (CMT), que foi lan\u00e7ada nesta sexta-feira (17), o m\u00e9dico Eduardo de Azeredo Costa avalia que o trabalhismo possibilitou ao Brasil superar o atraso. O per\u00edodo de progresso, desde a Era Vargas na d\u00e9cada de 30, foi interrompido\u00a0pelo golpe militar de 1964, que dep\u00f4s o presidente da Rep\u00fablica Jo\u00e3o Goulart.<\/p>\n<p style=\"font-weight: 400;\">Lideran\u00e7a do movimento estudantil, o militante ga\u00facho contou, na entrevista para Henrique Matthiesen, coordenador do CMT, a sua intr\u00ednseca rela\u00e7\u00e3o com a vertente pol\u00edtica do PDT, a partir do apoio a Leonel Brizola na Campanha da Legalidade e na Carta de Lisboa, que tamb\u00e9m foi signat\u00e1rio.<\/p>\n<p style=\"font-weight: 400;\">\u201cDe 61 a 64, [o trabalhismo] impactou muito a vida do Brasil. Foi uma mexida geral. E, especialmente, com a posse de Jango, tivemos um ambiente de desenvolvimento de tudo, inclusive da cultura. Inacredit\u00e1vel ver a riqueza daquele momento\u201d, disse, citando a relev\u00e2ncia das Reformas de Base.<\/p>\n<p style=\"font-weight: 400;\">\u201cO Brasil fez um caminho poss\u00edvel de superar seu atraso, especialmente a partir de 30. Fez um caminho vi\u00e1vel, rico para acontecer, mas que foi abortado em 64\u201d, acrescentou.<\/p>\n<p style=\"font-weight: 400;\">Com a manuten\u00e7\u00e3o do governo militar, Eduardo Costa direcionou sua carreira para a atua\u00e7\u00e3o no ambiente popular, refor\u00e7ando o interesse pelo ativismo social. Radicado no Rio de Janeiro, se especializou, com mestrado, na Escola Nacional de Sa\u00fade P\u00fablica.<\/p>\n<p style=\"font-weight: 400;\">\u201cFirmei minha decis\u00e3o pela sa\u00fade p\u00fablica, que n\u00e3o era muito prestigiada pela medicina. Perspectiva popular da sa\u00fade que fosse abrangente, nacional, ao inv\u00e9s de ir para o consult\u00f3rio e fazer uma pr\u00e1tica cl\u00ednica\u201d, explicou.<\/p>\n<p style=\"font-weight: 400;\"><strong>Resist\u00eancia brizolista<\/strong><\/p>\n<p style=\"font-weight: 400;\">Sobre a retomada democr\u00e1tica, a partir da Constitui\u00e7\u00e3o de 1988, Costa relatou a interven\u00e7\u00e3o de setores neoliberais da sociedade para conter o retorno do projeto trabalhista ao governo federal. Apesar da resist\u00eancia, Leonel Brizola ainda venceu as elei\u00e7\u00f5es para governador do Rio em duas oportunidades: 1983 e 1990.<\/p>\n<p style=\"font-weight: 400;\">\u201cUniram-se muitas for\u00e7as para impedir que voltasse Brizola e se retomasse um fio da hist\u00f3ria do \u00faltimo presidente trabalhista. [&#8230;] N\u00f3s tivemos um momento \u00fanico, de novo, com Brizola no Rio de Janeiro, mas todas as elites se organizaram para que ele n\u00e3o chegasse ao poder\u201d, evidenciou o ex-secret\u00e1rio de Sa\u00fade do governo fluminense de Brizola, entre 1983 e 1986.<\/p>\n<p style=\"font-weight: 400;\">\u201cS\u00e3o elites que s\u00f3 ganham dinheiro, com resqu\u00edcio do Imp\u00e9rio. Usam a popula\u00e7\u00e3o em nome da sua pr\u00f3pria riqueza. O Darcy falava muito isso. [&#8230;] \u00c9 um pa\u00eds que n\u00e3o se interessou por educa\u00e7\u00e3o. A popula\u00e7\u00e3o com um racismo muito estruturado, com domina\u00e7\u00e3o interna sobre classes\u201d, completou, ao mencionar a hist\u00f3rica falta de investimento em educa\u00e7\u00e3o p\u00fablica.<\/p>\n<!-- AddThis Advanced Settings generic via filter on the_content --><!-- AddThis Share Buttons generic via filter on the_content -->","protected":false},"excerpt":{"rendered":"<p>Per\u00edodo de desenvolvimento foi interrompido pelo golpe militar de 1964, que dep\u00f4s Jo\u00e3o Goulart Na nova edi\u00e7\u00e3o do\u00a0programa\u00a0\u201cTrabalhismo na Hist\u00f3ria\u201d, do Centro de Mem\u00f3ria Trabalhista (CMT), que foi lan\u00e7ada nesta sexta-feira (17), o m\u00e9dico Eduardo de Azeredo Costa avalia que o trabalhismo possibilitou ao Brasil superar o atraso. O per\u00edodo de progresso, desde a Era&#8230;<!-- AddThis Advanced Settings generic via filter on wp_trim_excerpt --><!-- AddThis Share Buttons generic via filter on wp_trim_excerpt --><\/p>\n","protected":false},"author":17,"featured_media":82433,"comment_status":"closed","ping_status":"closed","sticky":false,"template":"","format":"standard","meta":{"_monsterinsights_skip_tracking":false,"_monsterinsights_sitenote_active":false,"_monsterinsights_sitenote_note":"","_monsterinsights_sitenote_category":0,"_uf_show_specific_survey":0,"_uf_disable_surveys":false,"footnotes":""},"categories":[1390,1401],"tags":[],"class_list":["post-82432","post","type-post","status-publish","format-standard","has-post-thumbnail","hentry","category-editorias","category-nacional"],"acf":[],"_links":{"self":[{"href":"https:\/\/pdt-rj.org.br\/index.php\/wp-json\/wp\/v2\/posts\/82432","targetHints":{"allow":["GET"]}}],"collection":[{"href":"https:\/\/pdt-rj.org.br\/index.php\/wp-json\/wp\/v2\/posts"}],"about":[{"href":"https:\/\/pdt-rj.org.br\/index.php\/wp-json\/wp\/v2\/types\/post"}],"author":[{"embeddable":true,"href":"https:\/\/pdt-rj.org.br\/index.php\/wp-json\/wp\/v2\/users\/17"}],"replies":[{"embeddable":true,"href":"https:\/\/pdt-rj.org.br\/index.php\/wp-json\/wp\/v2\/comments?post=82432"}],"version-history":[{"count":2,"href":"https:\/\/pdt-rj.org.br\/index.php\/wp-json\/wp\/v2\/posts\/82432\/revisions"}],"predecessor-version":[{"id":82451,"href":"https:\/\/pdt-rj.org.br\/index.php\/wp-json\/wp\/v2\/posts\/82432\/revisions\/82451"}],"wp:featuredmedia":[{"embeddable":true,"href":"https:\/\/pdt-rj.org.br\/index.php\/wp-json\/wp\/v2\/media\/82433"}],"wp:attachment":[{"href":"https:\/\/pdt-rj.org.br\/index.php\/wp-json\/wp\/v2\/media?parent=82432"}],"wp:term":[{"taxonomy":"category","embeddable":true,"href":"https:\/\/pdt-rj.org.br\/index.php\/wp-json\/wp\/v2\/categories?post=82432"},{"taxonomy":"post_tag","embeddable":true,"href":"https:\/\/pdt-rj.org.br\/index.php\/wp-json\/wp\/v2\/tags?post=82432"}],"curies":[{"name":"wp","href":"https:\/\/api.w.org\/{rel}","templated":true}]}}