{"id":82423,"date":"2022-06-15T13:47:23","date_gmt":"2022-06-15T16:47:23","guid":{"rendered":"https:\/\/pdt-rj.org.br\/?p=82423"},"modified":"2022-06-15T13:48:03","modified_gmt":"2022-06-15T16:48:03","slug":"prefeitura-de-japeri-realiza-campanha-de-conscientizacao-no-combate-a-violencia-contra-idosos","status":"publish","type":"post","link":"https:\/\/pdt-rj.org.br\/index.php\/prefeitura-de-japeri-realiza-campanha-de-conscientizacao-no-combate-a-violencia-contra-idosos\/","title":{"rendered":"Prefeitura de Japeri realiza campanha de conscientiza\u00e7\u00e3o no combate \u00e0 viol\u00eancia contra idosos"},"content":{"rendered":"<p><strong>Em junho, prefeitura promove atividades tem\u00e1ticas em toda a cidade<\/strong><\/p>\n<p class=\"has-text-align-justify\">A prefeitura de Japeri, administrada pelo PDT, lan\u00e7ou a campanha Junho Violeta de combate \u00e0 viol\u00eancia contra a pessoa idosa. Ao longo do m\u00eas, ser\u00e3o promovidas atividades de conscientiza\u00e7\u00e3o e sensibiliza\u00e7\u00e3o sobre o tema. Para abrir a s\u00e9rie de a\u00e7\u00f5es, ser\u00e1 celebrado o II F\u00f3rum do Programa Sa\u00fade da Pessoa Idosa, que ir\u00e1 abordar, al\u00e9m dos tipos de viol\u00eancia, os direitos do idoso e suas condi\u00e7\u00f5es psicol\u00f3gicas.<\/p>\n<p class=\"has-text-align-justify\">O evento ser\u00e1 realizado nesta quarta-feira (15), no Audit\u00f3rio da UMEP, em Engenheiro Pedreira, das 13h \u00e0s 17h. Com o tema \u201cViver sem viol\u00eancia \u00e9 um direito de todos\u201d, o f\u00f3rum tem por objetivo orientar a popula\u00e7\u00e3o sobre os direitos da pessoa idosa e abrir o di\u00e1logo com este p\u00fablico para que entendam quais s\u00e3o os tipos de injusti\u00e7as, onde e como denunciar. A palestra ser\u00e1 ministrada pela assistente social especializada em sa\u00fade mental e gerontologia, Silvana Alfena. Al\u00e9m disso, profissionais da \u00e1rea da sa\u00fade tamb\u00e9m participar\u00e3o de uma mesa de debate mediada pela enfermeira Daniela Miranda.<\/p>\n<p class=\"has-text-align-justify\">A coordenadora do Programa Sa\u00fade do Idoso, \u00c9rica Helena dos Santos, \u00e9 a respons\u00e1vel por dar as boas-vindas a turma\u00a0da terceira idade e aos convidados. Para \u00c9rica, o Junho Violeta representa a manifesta\u00e7\u00e3o da sociedade em oposi\u00e7\u00e3o aos abusos contra as gera\u00e7\u00f5es mais velhas. \u201cA campanha \u00e9 de extrema import\u00e2ncia para a conscientiza\u00e7\u00e3o de todos. Nossos idosos s\u00e3o afligidos por diversos tipos de viol\u00eancias e por vezes s\u00e3o encarcerados dentro de si por medo. Com atividades e palestras conseguimos mostrar que existe uma solu\u00e7\u00e3o para os problemas\u201d, conta.<\/p>\n<p class=\"has-text-align-justify\">Segundo a Secret\u00e1ria de Sa\u00fade, Dr\u00aa Ana Luiza Affonso, a popula\u00e7\u00e3o idosa est\u00e1 crescendo e \u00e9 preciso valorizar, acolher e refor\u00e7ar a mensagem contra os abusos. \u201cGarantir a qualidade de vida da terceira idade \u00e9 a forma mais eficaz de contribuir para um envelhecimento saud\u00e1vel e ativo. Conseguiremos evitar a exposi\u00e7\u00e3o dessas pessoas \u00e0 viol\u00eancia quando os mesmos se tornarem conscientes de seus direitos\u201d, destaca.<\/p>\n<p class=\"has-text-align-justify\">As demais atividades com palestras, ainda previstas para o m\u00eas de junho, ir\u00e3o acontecer nas UBS dos bairros Nova Bel\u00e9m, Lagoa do Sapo, Chacrinha, Guandu, Marab\u00e1, Vila Central, Delamare, Centro, S\u00e3o Sebasti\u00e3o, Alecrim, Santa Am\u00e9lia e Rio D\u2019Ouro.<\/p>\n<p class=\"has-text-align-justify\">A Secretaria da Sa\u00fade informa que o Disque 100 fica ativo 24h para receber den\u00fancias de situa\u00e7\u00f5es que colocam em risco a integridade f\u00edsica e emocional da pessoa idosa. Entre as viol\u00eancias mais comuns est\u00e3o o abandono, amea\u00e7a e agress\u00e3o.<\/p>\n<!-- AddThis Advanced Settings generic via filter on the_content --><!-- AddThis Share Buttons generic via filter on the_content -->","protected":false},"excerpt":{"rendered":"<p>Em junho, prefeitura promove atividades tem\u00e1ticas em toda a cidade A prefeitura de Japeri, administrada pelo PDT, lan\u00e7ou a campanha Junho Violeta de combate \u00e0 viol\u00eancia contra a pessoa idosa. Ao longo do m\u00eas, ser\u00e3o promovidas atividades de conscientiza\u00e7\u00e3o e sensibiliza\u00e7\u00e3o sobre o tema. Para abrir a s\u00e9rie de a\u00e7\u00f5es, ser\u00e1 celebrado o II F\u00f3rum&#8230;<!-- AddThis Advanced Settings generic via filter on wp_trim_excerpt --><!-- AddThis Share Buttons generic via filter on wp_trim_excerpt --><\/p>\n","protected":false},"author":17,"featured_media":82424,"comment_status":"closed","ping_status":"closed","sticky":false,"template":"","format":"standard","meta":{"_monsterinsights_skip_tracking":false,"_monsterinsights_sitenote_active":false,"_monsterinsights_sitenote_note":"","_monsterinsights_sitenote_category":0,"_uf_show_specific_survey":0,"_uf_disable_surveys":false,"footnotes":""},"categories":[1390,1402],"tags":[],"class_list":["post-82423","post","type-post","status-publish","format-standard","has-post-thumbnail","hentry","category-editorias","category-cidades"],"acf":[],"_links":{"self":[{"href":"https:\/\/pdt-rj.org.br\/index.php\/wp-json\/wp\/v2\/posts\/82423","targetHints":{"allow":["GET"]}}],"collection":[{"href":"https:\/\/pdt-rj.org.br\/index.php\/wp-json\/wp\/v2\/posts"}],"about":[{"href":"https:\/\/pdt-rj.org.br\/index.php\/wp-json\/wp\/v2\/types\/post"}],"author":[{"embeddable":true,"href":"https:\/\/pdt-rj.org.br\/index.php\/wp-json\/wp\/v2\/users\/17"}],"replies":[{"embeddable":true,"href":"https:\/\/pdt-rj.org.br\/index.php\/wp-json\/wp\/v2\/comments?post=82423"}],"version-history":[{"count":2,"href":"https:\/\/pdt-rj.org.br\/index.php\/wp-json\/wp\/v2\/posts\/82423\/revisions"}],"predecessor-version":[{"id":82426,"href":"https:\/\/pdt-rj.org.br\/index.php\/wp-json\/wp\/v2\/posts\/82423\/revisions\/82426"}],"wp:featuredmedia":[{"embeddable":true,"href":"https:\/\/pdt-rj.org.br\/index.php\/wp-json\/wp\/v2\/media\/82424"}],"wp:attachment":[{"href":"https:\/\/pdt-rj.org.br\/index.php\/wp-json\/wp\/v2\/media?parent=82423"}],"wp:term":[{"taxonomy":"category","embeddable":true,"href":"https:\/\/pdt-rj.org.br\/index.php\/wp-json\/wp\/v2\/categories?post=82423"},{"taxonomy":"post_tag","embeddable":true,"href":"https:\/\/pdt-rj.org.br\/index.php\/wp-json\/wp\/v2\/tags?post=82423"}],"curies":[{"name":"wp","href":"https:\/\/api.w.org\/{rel}","templated":true}]}}