{"id":82420,"date":"2022-06-15T13:42:28","date_gmt":"2022-06-15T16:42:28","guid":{"rendered":"https:\/\/pdt-rj.org.br\/?p=82420"},"modified":"2022-06-20T12:28:44","modified_gmt":"2022-06-20T15:28:44","slug":"axel-grael-vai-a-portugal-em-busca-de-investimentos-para-niteroi","status":"publish","type":"post","link":"https:\/\/pdt-rj.org.br\/index.php\/axel-grael-vai-a-portugal-em-busca-de-investimentos-para-niteroi\/","title":{"rendered":"Axel Grael vai a Portugal em busca de investimentos para Niter\u00f3i"},"content":{"rendered":"<p><strong>Empres\u00e1rios portugueses conhecem o potencial da cidade fluminense para o desenvolvimento de neg\u00f3cios<\/strong><\/p>\n<p>O prefeito de Niter\u00f3i, Axel Grael (PDT), deu in\u00edcio nesta ter\u00e7a-feira (14), em Portugal, a uma s\u00e9rie de compromissos com objetivo de atrair investimentos e impulsionar neg\u00f3cios na cidade. Na Associa\u00e7\u00e3o Comercial de Braga, ele apresentou o potencial do munic\u00edpio e as a\u00e7\u00f5es da Prefeitura de Niter\u00f3i para a retomada da economia. Ao longo do dia, o prefeito visitou tamb\u00e9m a Startup Braga, bra\u00e7o da InvestBraga, que atua na cria\u00e7\u00e3o, acelera\u00e7\u00e3o e incuba\u00e7\u00e3o de startups.<\/p>\n<p>Os empres\u00e1rios portugueses conheceram o potencial de Niter\u00f3i para o desenvolvimento de neg\u00f3cios em diferentes setores. O prefeito fez uma apresenta\u00e7\u00e3o detalhada sobre as caracter\u00edsticas geogr\u00e1ficas e econ\u00f4micas da cidade considerada a sexta melhor do Pa\u00eds para investimentos (Urban Systems). Ele tamb\u00e9m falou sobre as a\u00e7\u00f5es da administra\u00e7\u00e3o municipal para intensificar a gera\u00e7\u00e3o de emprego e renda.<\/p>\n<p>\u201cBeleza exuberante, patrim\u00f4nio arquitet\u00f4nico de tirar o f\u00f4lego e \u00edndices \u00a0invej\u00e1veis de educa\u00e7\u00e3o s\u00e3o apenas alguns dos atrativos de Niter\u00f3i para o desenvolvimento de neg\u00f3cios em diferentes setores da economia. A Prefeitura de Niter\u00f3i n\u00e3o est\u00e1 medindo esfor\u00e7os para garantir uma retomada econ\u00f4mica pujante, com oportunidades e empregos para todos os cidad\u00e3os\u201d, disse Grael, que ainda falou sobre o Plano Niter\u00f3i 450, em que a Prefeitura de Niter\u00f3i investir\u00e1 mais de R$ 2 bilh\u00f5es em infraestrutura para abrir postos de trabalho imediatos e deixar a cidade ainda mais atraente para investidores.<\/p>\n<p>O presidente da Associa\u00e7\u00e3o Empresarial de Braga, Daniel Vila\u00e7a, disse ter ficado impressionado com Niter\u00f3i.<\/p>\n<p>\u201cTivemos um encontro muito produtivo, porque s\u00e3o duas cidades com v\u00e1rias semelhan\u00e7as. Me agradou, especialmente, a plataforma Novos Neg\u00f3cios, as funcionalidades s\u00e3o interessantes para estudar mais a fundo op\u00e7\u00f5es de neg\u00f3cio no munic\u00edpio\u201d, comentou.<\/p>\n<p>Acompanhado do secret\u00e1rio municipal de Desenvolvimento Econ\u00f4mico, Luiz Paulino Moreira Leite, do subsecret\u00e1rio Igor Baldez e da secret\u00e1ria do Escrit\u00f3rio de Gest\u00e3o de Projetos, Katherine Azevedo, nos pr\u00f3ximos dias o prefeito se reunir\u00e1 com empres\u00e1rios das \u00e1reas de hotelaria e turismo.<\/p>\n<!-- AddThis Advanced Settings generic via filter on the_content --><!-- AddThis Share Buttons generic via filter on the_content -->","protected":false},"excerpt":{"rendered":"<p>Empres\u00e1rios portugueses conhecem o potencial da cidade fluminense para o desenvolvimento de neg\u00f3cios O prefeito de Niter\u00f3i, Axel Grael (PDT), deu in\u00edcio nesta ter\u00e7a-feira (14), em Portugal, a uma s\u00e9rie de compromissos com objetivo de atrair investimentos e impulsionar neg\u00f3cios na cidade. Na Associa\u00e7\u00e3o Comercial de Braga, ele apresentou o potencial do munic\u00edpio e as&#8230;<!-- AddThis Advanced Settings generic via filter on wp_trim_excerpt --><!-- AddThis Share Buttons generic via filter on wp_trim_excerpt --><\/p>\n","protected":false},"author":17,"featured_media":82421,"comment_status":"closed","ping_status":"closed","sticky":false,"template":"","format":"standard","meta":{"_monsterinsights_skip_tracking":false,"_monsterinsights_sitenote_active":false,"_monsterinsights_sitenote_note":"","_monsterinsights_sitenote_category":0,"_uf_show_specific_survey":0,"_uf_disable_surveys":false,"footnotes":""},"categories":[1390,1402],"tags":[],"class_list":["post-82420","post","type-post","status-publish","format-standard","has-post-thumbnail","hentry","category-editorias","category-cidades"],"acf":[],"_links":{"self":[{"href":"https:\/\/pdt-rj.org.br\/index.php\/wp-json\/wp\/v2\/posts\/82420","targetHints":{"allow":["GET"]}}],"collection":[{"href":"https:\/\/pdt-rj.org.br\/index.php\/wp-json\/wp\/v2\/posts"}],"about":[{"href":"https:\/\/pdt-rj.org.br\/index.php\/wp-json\/wp\/v2\/types\/post"}],"author":[{"embeddable":true,"href":"https:\/\/pdt-rj.org.br\/index.php\/wp-json\/wp\/v2\/users\/17"}],"replies":[{"embeddable":true,"href":"https:\/\/pdt-rj.org.br\/index.php\/wp-json\/wp\/v2\/comments?post=82420"}],"version-history":[{"count":2,"href":"https:\/\/pdt-rj.org.br\/index.php\/wp-json\/wp\/v2\/posts\/82420\/revisions"}],"predecessor-version":[{"id":82427,"href":"https:\/\/pdt-rj.org.br\/index.php\/wp-json\/wp\/v2\/posts\/82420\/revisions\/82427"}],"wp:featuredmedia":[{"embeddable":true,"href":"https:\/\/pdt-rj.org.br\/index.php\/wp-json\/wp\/v2\/media\/82421"}],"wp:attachment":[{"href":"https:\/\/pdt-rj.org.br\/index.php\/wp-json\/wp\/v2\/media?parent=82420"}],"wp:term":[{"taxonomy":"category","embeddable":true,"href":"https:\/\/pdt-rj.org.br\/index.php\/wp-json\/wp\/v2\/categories?post=82420"},{"taxonomy":"post_tag","embeddable":true,"href":"https:\/\/pdt-rj.org.br\/index.php\/wp-json\/wp\/v2\/tags?post=82420"}],"curies":[{"name":"wp","href":"https:\/\/api.w.org\/{rel}","templated":true}]}}