{"id":82416,"date":"2022-06-15T13:31:30","date_gmt":"2022-06-15T16:31:30","guid":{"rendered":"https:\/\/pdt-rj.org.br\/?p=82416"},"modified":"2022-06-21T12:30:31","modified_gmt":"2022-06-21T15:30:31","slug":"em-macae-rodrigo-neves-tem-grande-encontro-com-apoiadores","status":"publish","type":"post","link":"https:\/\/pdt-rj.org.br\/index.php\/em-macae-rodrigo-neves-tem-grande-encontro-com-apoiadores\/","title":{"rendered":"Em Maca\u00e9, Rodrigo Neves tem grande encontro com apoiadores"},"content":{"rendered":"<p style=\"font-weight: 400;\"><strong>Pr\u00e9-candidato a governador pelo PDT \u00e9 recebido por mil pessoas na cidade<\/strong><\/p>\n<p style=\"font-weight: 400;\">Uma grande recep\u00e7\u00e3o com mais de mil militantes e apoiadores foi preparada pelo PDT em Maca\u00e9 para receber o pr\u00e9-candidato a Governador do Rio de Janeiro pelo partido, Rodrigo Neves, na noite desta ter\u00e7a-feira, 14. Antes de participar da reuni\u00e3o plen\u00e1ria no Clube Flamenguinho, Rodrigo Neves percorreu as ruas do bairro Miramar e conversou com moradores e comerciantes, acompanhado pelos pr\u00e9-candidatos a deputado federal e estadual Riverton &#8211; ex-prefeito de Maca\u00e9 &#8211; e Paulo Antunes.<\/p>\n<p style=\"font-weight: 400;\">Lideran\u00e7as pol\u00edticas de todo o Norte Fluminense participaram do evento, regi\u00e3o historicamente carente de equipamentos p\u00fablicos de Educa\u00e7\u00e3o, tema abordado pelo ex-prefeito niteroiense em sua fala. \u201cEu sou Soci\u00f3logo e gestor p\u00fablico, minha mulher \u00e9 pedagoga, sou irm\u00e3o de professor, filho de professor, e vou falar pra voc\u00eas: se n\u00e3o tivessem acabado com os CIEPs criados por Brizola e Darcy, n\u00e3o estar\u00edamos perdendo tantos jovens para a criminalidade em nosso Estado. Maca\u00e9 precisa de uma grande escola t\u00e9cnica para formar a juventude e qualificar a m\u00e3o-de-obra da regi\u00e3o\u201d, comentou Neves.<\/p>\n<p style=\"font-weight: 400;\">Durante a conversa com a popula\u00e7\u00e3o, Rodrigo Neves falou sobre a import\u00e2ncia da a\u00e7\u00e3o do poder p\u00fablico na gera\u00e7\u00e3o de empregos e renda a partir da contrata\u00e7\u00e3o de obras de infraestrutura. \u201cA RJ-106 tem que ser duplicada entre Rio das Ostras e Maca\u00e9, para que haja mais seguran\u00e7a vi\u00e1ria para as pessoas que transitam neste trecho, para que os produtos da regi\u00e3o cheguem com mais facilidade a outros lugares do estado\u201d, avaliou.<\/p>\n<p style=\"font-weight: 400;\">O pr\u00e9-candidato do PDT citou ainda a necessidade de cria\u00e7\u00e3o de frentes de trabalho para que as pessoas tenham acesso a saneamento b\u00e1sico. \u201cHoje, 80% da popula\u00e7\u00e3o do nosso estado n\u00e3o tem acesso a \u00e1gua e esgoto tratado; \u00e9 urgente que o pr\u00f3ximo governador tenha um plano para coletar e tratar o esgoto e fornecer \u00e1gua de qualidade para o povo\u201d, afirmou o pedetista.<\/p>\n<p style=\"font-weight: 400;\">A habita\u00e7\u00e3o tamb\u00e9m foi tema da reuni\u00e3o, e Rodrigo Neves avaliou que construir casas populares deva ser prioridade no pr\u00f3ximo ciclo de gest\u00e3o estadual. \u201cNingu\u00e9m quer morar em beira de rio, ningu\u00e9m quer morar em pirambeira. Isso acontece porque h\u00e1 muitos anos o Rio de Janeiro n\u00e3o tem pol\u00edtica de habita\u00e7\u00e3o popular\u201d.<\/p>\n<!-- AddThis Advanced Settings generic via filter on the_content --><!-- AddThis Share Buttons generic via filter on the_content -->","protected":false},"excerpt":{"rendered":"<p>Pr\u00e9-candidato a governador pelo PDT \u00e9 recebido por mil pessoas na cidade Uma grande recep\u00e7\u00e3o com mais de mil militantes e apoiadores foi preparada pelo PDT em Maca\u00e9 para receber o pr\u00e9-candidato a Governador do Rio de Janeiro pelo partido, Rodrigo Neves, na noite desta ter\u00e7a-feira, 14. Antes de participar da reuni\u00e3o plen\u00e1ria no Clube&#8230;<!-- AddThis Advanced Settings generic via filter on wp_trim_excerpt --><!-- AddThis Share Buttons generic via filter on wp_trim_excerpt --><\/p>\n","protected":false},"author":17,"featured_media":82408,"comment_status":"closed","ping_status":"closed","sticky":false,"template":"","format":"standard","meta":{"_monsterinsights_skip_tracking":false,"_monsterinsights_sitenote_active":false,"_monsterinsights_sitenote_note":"","_monsterinsights_sitenote_category":0,"_uf_show_specific_survey":0,"_uf_disable_surveys":false,"footnotes":""},"categories":[1390,5414,5415],"tags":[],"class_list":["post-82416","post","type-post","status-publish","format-standard","has-post-thumbnail","hentry","category-editorias","category-estado","category-rodrigo-neves"],"acf":[],"_links":{"self":[{"href":"https:\/\/pdt-rj.org.br\/index.php\/wp-json\/wp\/v2\/posts\/82416","targetHints":{"allow":["GET"]}}],"collection":[{"href":"https:\/\/pdt-rj.org.br\/index.php\/wp-json\/wp\/v2\/posts"}],"about":[{"href":"https:\/\/pdt-rj.org.br\/index.php\/wp-json\/wp\/v2\/types\/post"}],"author":[{"embeddable":true,"href":"https:\/\/pdt-rj.org.br\/index.php\/wp-json\/wp\/v2\/users\/17"}],"replies":[{"embeddable":true,"href":"https:\/\/pdt-rj.org.br\/index.php\/wp-json\/wp\/v2\/comments?post=82416"}],"version-history":[{"count":4,"href":"https:\/\/pdt-rj.org.br\/index.php\/wp-json\/wp\/v2\/posts\/82416\/revisions"}],"predecessor-version":[{"id":82502,"href":"https:\/\/pdt-rj.org.br\/index.php\/wp-json\/wp\/v2\/posts\/82416\/revisions\/82502"}],"wp:featuredmedia":[{"embeddable":true,"href":"https:\/\/pdt-rj.org.br\/index.php\/wp-json\/wp\/v2\/media\/82408"}],"wp:attachment":[{"href":"https:\/\/pdt-rj.org.br\/index.php\/wp-json\/wp\/v2\/media?parent=82416"}],"wp:term":[{"taxonomy":"category","embeddable":true,"href":"https:\/\/pdt-rj.org.br\/index.php\/wp-json\/wp\/v2\/categories?post=82416"},{"taxonomy":"post_tag","embeddable":true,"href":"https:\/\/pdt-rj.org.br\/index.php\/wp-json\/wp\/v2\/tags?post=82416"}],"curies":[{"name":"wp","href":"https:\/\/api.w.org\/{rel}","templated":true}]}}