{"id":82375,"date":"2022-06-14T12:35:52","date_gmt":"2022-06-14T15:35:52","guid":{"rendered":"https:\/\/pdt-rj.org.br\/?p=82375"},"modified":"2022-08-09T09:14:27","modified_gmt":"2022-08-09T12:14:27","slug":"edward-snowden-elogia-coragem-do-deputado-david-miranda-pdt-rj","status":"publish","type":"post","link":"https:\/\/pdt-rj.org.br\/index.php\/edward-snowden-elogia-coragem-do-deputado-david-miranda-pdt-rj\/","title":{"rendered":"Edward Snowden elogia coragem do deputado David Miranda"},"content":{"rendered":"<p><strong>&#8220;Precisamos de pessoas que n\u00e3o tem medo de autoridades&#8221;, disse ex-analista da CIA<\/strong><\/p>\n<p class=\"x_MsoNormal\">O ex-analista da CIA Edward Snowden, que em 2013 protagonizou um esc\u00e2ndalo internacional ao revelar que o governo norte-americano atrav\u00e9s da NSA (Ag\u00eancia Nacional de Seguran\u00e7a) espionava governos e lideran\u00e7as no mundo inteiro, gravou depoimento em favor do jornalista David Miranda, companheiro do tamb\u00e9m jornalista Green Grennwald, que \u00e9 candidato a reelei\u00e7\u00e3o pelo PDT ao seu mandato de deputado federal nas elei\u00e7\u00f5es de outubro pr\u00f3ximo.<\/p>\n<p class=\"x_MsoNormal\">Segundo Snowden, que hoje vive exilado na R\u00fassia, os direitos civis correm riscono mundo inteiro e diante dessa dificuldade, que tamb\u00e9m afetam o povo brasileiro, \u00e9 importante apoiar pessoas como David Miranda &#8220;um homem que se prontificou a ajudar para que a verdade chegasse \u00e0 opini\u00e3o p\u00fablica mundial&#8221; sem ganhar nada, apesar dos riscos concretos de pris\u00e3o que correu, como o pr\u00f3prio Green Greenwald.\u00a0 David Miranda foi um dos respons\u00e1veis\u00a0 pelo sucesso da den\u00fancia de Snowden contra a CIA e a NSA, ag\u00eancias nas quais trabalhou.<\/p>\n<p class=\"x_MsoNormal\">Criado na favela do Jacarezinho, no Rio de Janeiro, David Miranda, destacou Edward Snowden, &#8220;aprendeu cedo que h\u00e1 direitos pelos quais lutar para ter o futuro que voc\u00ea quer (&#8230;)\u00a0 porque h\u00e1 coisas mais importantes do que o dinheiro&#8221;.<\/p>\n<p class=\"x_MsoNormal\">No depoimento Snowden comentou que &#8220;hoje o Brasil vive uma crise democr\u00e1tica, com o pa\u00eds sofrendo press\u00f5es sobre sua democracia de v\u00e1rias formas&#8221; e se \u00e9 para as coisas melhorarem (&#8230;)\u00a0 Precisamos de pessoas que n\u00e3o tem medo de autoridades&#8221; como David Miranda, candidato a reelei\u00e7\u00e3o para a C\u00e2mara dos Deputados do Brasil, pelo PDT.<\/p>\n<p class=\"x_MsoNormal\">Sobre o depoimento do amigo, Miranda comentou:<\/p>\n<p class=\"x_MsoNormal\">&#8220;Este \u00e9 um depoimento muito especial pra mim (&#8230;) Trabalhei nesse caso e passamos por momentos bem dif\u00edceis e desafiadores. Ouvir essas palavras de algu\u00e9m como o Snowden, que \u00e9 um exemplo de desprendimento e coragem &#8211; \u00e9 um orgulho pra mim&#8221;.<\/p>\n<p class=\"x_MsoNormal\">Snowden, ex-administrador de sistemas da CIA e da NSA, por discordar e saber serem ilegais os programas que usava para espionar cidad\u00e3os no mundo inteiro, denunciou o fato aos jornais &#8220;The Guardian&#8221; e &#8220;The Washington Post&#8221;, fornecendo detalhes da vigil\u00e2ncia global de comunica\u00e7\u00f5es e tr\u00e1fego de informa\u00e7\u00f5es executada pelos Estados Unidos atrav\u00e9s da internet \u2013 provocando um esc\u00e2ndalo internacional. \u00a0\u00a0Em rea\u00e7\u00e3o \u00e0s revela\u00e7\u00f5es, o Governo dos EUA o acusou de espionagem, roubo de propriedade, comunica\u00e7\u00e3o n\u00e3o autorizada de informa\u00e7\u00f5es de defesa nacional e comunica\u00e7\u00e3o intencional de informa\u00e7\u00f5es classificadas.<\/p>\n<p class=\"x_MsoNormal\">Se voltar para os Estados Unidos Snowden passar\u00e1 o resto de seus dias na pris\u00e3o.<\/p>\n<p class=\"x_MsoNormal\">Veja a \u00edntegra do depoimento de Snowden sobre \u00a0Miranda:<\/p>\n<p class=\"x_MsoNormal\"><a href=\"https:\/\/youtu.be\/OcuAOj1VGLs\" target=\"_blank\" rel=\"noopener noreferrer\">https:\/\/youtu.be\/OcuAOj1VGLs<\/a><\/p>\n<!-- AddThis Advanced Settings generic via filter on the_content --><!-- AddThis Share Buttons generic via filter on the_content -->","protected":false},"excerpt":{"rendered":"<p>No depoimento Snowden comentou que &#8220;hoje o Brasil vive uma crise democr\u00e1tica, com o pa\u00eds sofrendo press\u00f5es sobre sua democracia de v\u00e1rias formas&#8221; e se \u00e9 para as coisas melhorarem (&#8230;)  Precisamos de pessoas que n\u00e3o tem medo de autoridades&#8221; como David Miranda, candidato a reelei\u00e7\u00e3o para a C\u00e2mara dos Deputados do Brasil, pelo PDT.<!-- AddThis Advanced Settings generic via filter on wp_trim_excerpt --><!-- AddThis Share Buttons generic via filter on wp_trim_excerpt --><\/p>\n","protected":false},"author":17,"featured_media":82431,"comment_status":"closed","ping_status":"closed","sticky":false,"template":"","format":"standard","meta":{"_monsterinsights_skip_tracking":false,"_monsterinsights_sitenote_active":false,"_monsterinsights_sitenote_note":"","_monsterinsights_sitenote_category":0,"_uf_show_specific_survey":0,"_uf_disable_surveys":false,"footnotes":""},"categories":[1390,5414],"tags":[],"class_list":["post-82375","post","type-post","status-publish","format-standard","has-post-thumbnail","hentry","category-editorias","category-estado"],"acf":[],"_links":{"self":[{"href":"https:\/\/pdt-rj.org.br\/index.php\/wp-json\/wp\/v2\/posts\/82375","targetHints":{"allow":["GET"]}}],"collection":[{"href":"https:\/\/pdt-rj.org.br\/index.php\/wp-json\/wp\/v2\/posts"}],"about":[{"href":"https:\/\/pdt-rj.org.br\/index.php\/wp-json\/wp\/v2\/types\/post"}],"author":[{"embeddable":true,"href":"https:\/\/pdt-rj.org.br\/index.php\/wp-json\/wp\/v2\/users\/17"}],"replies":[{"embeddable":true,"href":"https:\/\/pdt-rj.org.br\/index.php\/wp-json\/wp\/v2\/comments?post=82375"}],"version-history":[{"count":14,"href":"https:\/\/pdt-rj.org.br\/index.php\/wp-json\/wp\/v2\/posts\/82375\/revisions"}],"predecessor-version":[{"id":83107,"href":"https:\/\/pdt-rj.org.br\/index.php\/wp-json\/wp\/v2\/posts\/82375\/revisions\/83107"}],"wp:featuredmedia":[{"embeddable":true,"href":"https:\/\/pdt-rj.org.br\/index.php\/wp-json\/wp\/v2\/media\/82431"}],"wp:attachment":[{"href":"https:\/\/pdt-rj.org.br\/index.php\/wp-json\/wp\/v2\/media?parent=82375"}],"wp:term":[{"taxonomy":"category","embeddable":true,"href":"https:\/\/pdt-rj.org.br\/index.php\/wp-json\/wp\/v2\/categories?post=82375"},{"taxonomy":"post_tag","embeddable":true,"href":"https:\/\/pdt-rj.org.br\/index.php\/wp-json\/wp\/v2\/tags?post=82375"}],"curies":[{"name":"wp","href":"https:\/\/api.w.org\/{rel}","templated":true}]}}