{"id":82367,"date":"2022-06-14T12:02:37","date_gmt":"2022-06-14T15:02:37","guid":{"rendered":"https:\/\/pdt-rj.org.br\/?p=82367"},"modified":"2022-06-20T12:38:55","modified_gmt":"2022-06-20T15:38:55","slug":"entrevista-ciro-ao-g1","status":"publish","type":"post","link":"https:\/\/pdt-rj.org.br\/index.php\/entrevista-ciro-ao-g1\/","title":{"rendered":"Ciro acusa  Bolsonaro de praticar \u201ctruque eleitoreiro criminoso\u201d com redu\u00e7\u00e3o do ICMS"},"content":{"rendered":"<p><strong>&#8220;Quer tirar da sa\u00fade e da educa\u00e7\u00e3o dos estados para financiar o lucro da Petrobr\u00e1s&#8221;, disse o pedetista<\/strong><\/p>\n<p>O pr\u00e9-candidato do PDT \u00e0 presid\u00eancia, Ciro Gomes, em entrevista nesta segunda (13\/6) ao podcast \u201cO Assunto\u201d, do G1, acusou\u00a0 Bolsonaro de praticar \u201cum truque eleitoreiro criminoso\u201d ao tentar impor aos governos estaduais do pa\u00eds a redu\u00e7\u00e3o do ICMS sobre os combust\u00edveis \u201cn\u00e3o para resolver o problema de forma definitiva, mas para atravessar o per\u00edodo eleitoral\u201d.<\/p>\n<p>\u201cO que o governo Bolsonaro est\u00e1 propondo: tirar da sa\u00fade e da educa\u00e7\u00e3o para financiar o lucro exorbitante do acionista minorit\u00e1rio (da Petrobr\u00e1s), isto \u00e9 um crime\u201d, afirmou.\u00a0 Ciro disse que usaria o 1\u00ba dia de mandato para revogar o PPI (pre\u00e7o de paridade internacional) adotado pela Petrobras. No lugar, a estatal passaria a realizar o que chamou de PPE (pol\u00edtica de paridade de exporta\u00e7\u00e3o), passando a repassar os custos de produ\u00e7\u00e3o ao consumidor em real.<\/p>\n<p>Disse tamb\u00e9m que publicar\u00e1 edital para recomprar t\u00edtulos da estatal no mercado internacional em leil\u00e3o reverso at\u00e9 reintegralizar 60% do controle sobre as a\u00e7\u00f5es.<\/p>\n<p>\u201cVou reconvert\u00ea-la na maior empresa de energia limpa do mundo: hidrog\u00eanio verde, e\u00f3lica, solar, porque ela tem a capacita\u00e7\u00e3o de capital, de engenharia e de lideran\u00e7a tecnol\u00f3gica que o Brasil precisa despertar\u201d, afirmou.<\/p>\n<p>Na entrevista Ciro voltou a criticar os dois principais advers\u00e1rios.<\/p>\n<p>Sobre Lula, Ciro disse que o pr\u00e9-candidato do PT foi um &#8220;bom presidente&#8221;, mas se &#8220;corrompeu&#8221;.\u00a0 Em rela\u00e7\u00e3o a Bolsonaro,\u00a0 fez cr\u00edticas inclusive a participa\u00e7\u00e3o de militares da ativa\u00a0 no governo. Afirmou que, se eleito, ir\u00e1 proibir a participa\u00e7\u00e3o de militares da ativa em cargos pol\u00edticos que s\u00f3 poder\u00e3o assumir fun\u00e7\u00f5es civis se antes forem para a reserva.<\/p>\n<p>&#8220;O que est\u00e1 acontecendo? Tem 3,8 mil militares da ativa dobrando sal\u00e1rio em cargos pol\u00edticos. No meu governo, primeiro dia: &#8216;est\u00e1 proibido militar participar de cargo pol\u00edtico&#8217;. \u00c9 um cidad\u00e3o como qualquer outro, mas deixe de ser militar e venha. Pode baixar para a reserva. Na ativa, voc\u00ea estar em cargo pol\u00edtico? Sabe? \u00c9 um neg\u00f3cio de doido. Est\u00e3o transformado o Brasil em rep\u00fablica de bananas&#8221;, disse Ciro.<\/p>\n<p>Na entrevista disse tamb\u00e9m que o ministro do Supremo Tribunal Federal (STF) Lu\u00eds Roberto Barroso errou ao convidar as For\u00e7as Armadas para participar do processo eleitoral deste ano \u2014 por meio da Comiss\u00e3o de Transpar\u00eancia Eleitoral (CTE), liderada pelo Tribunal Superior Eleitoral (TSE) \u2014, por conta das declara\u00e7\u00f5es de Bolsonaro contra urnas eletr\u00f4nicas.<\/p>\n<p>Na opini\u00e3o de Ciro, n\u00e3o cabe \u00e0s For\u00e7as Armadas opinar sobre elei\u00e7\u00f5es.<\/p>\n<p>\u201cO que n\u00e3o \u00e9 razo\u00e1vel \u00e9 envolver militar no processo eleitoral. Erro grave do ministro Barroso, erro do ministro da Defesa [\u2026]. De boa f\u00e9, ele cometeu um dos erros graves neste momento, ao convidar o Ex\u00e9rcito para entrar no processo eleitoral\u201d, porque j\u00e1 cabe as For\u00e7as Armadas, no dia do pleito, garantir a seguran\u00e7a do pleito.<\/p>\n<p>\u201cAs For\u00e7as Armadas participam dos pleitos como sempre fizeram, sob ordem da Justi\u00e7a, em determinados lugares, onde se pede muita aten\u00e7\u00e3o. Eles s\u00e3o ali o fator de ordem para que a elei\u00e7\u00e3o ocorra com tranquilidade. Chamar o Ex\u00e9rcito para dar opini\u00e3o sobre o processo eleitoral n\u00e3o tem nada a ver com as For\u00e7as Armadas. Isso \u00e9 coisa de rep\u00fablica da bananas.\u201d<\/p>\n<p>Ciro comparou uma poss\u00edvel vit\u00f3ria do ex-presidente\u00a0Lula (PT) na elei\u00e7\u00e3o com a crise que culminou no suic\u00eddio de Get\u00falio Vargas em 1954. Na conversa, disse que Lula \u201cest\u00e1 longe de entender que o Brasil \u00e9 outro\u201d quando comparado ao Pa\u00eds que ele encontrou em 2003, quando assumiu o seu primeiro mandato. Ciro tamb\u00e9m criticou as alian\u00e7as do petista.<\/p>\n<p>Perguntado sobre a criminalidade na Amaz\u00f4nia, depois do desaparecimento do jornalista ingl\u00eas Dom Philipps e do indigenista brasileiro Bruno Pereira, disse que a regi\u00e3o virou uma \u201cterra sem dono\u201d e acusou as For\u00e7as Armadas de fazerem \u201cvista grossa\u201d.<\/p>\n<p>Pr\u00e9-candidato \u00e0 presid\u00eancia da Rep\u00fablica, Ciro Gomes (PDT) declarou que a morte de Genivaldo de Jesus Santos, v\u00edtima de asfixia durante uma abordagem da Pol\u00edcia Rodovi\u00e1ria Federal, \u00e9 consequ\u00eancia de uma \u201cbolsonariza\u00e7\u00e3o de uma parte importante das pol\u00edcias\u201d.<\/p>\n<p>Questionado sobre o que faria com os agentes respons\u00e1veis pela morte de Genivaldo, Ciro Gomes declarou que os policiais seriam \u201cimediatamente afastados das suas fun\u00e7\u00f5es, responderiam um inqu\u00e9rito administrativo para serem demitidos e tem que responder a j\u00fari. Porque cometeram crime doloso contra a vida\u201d.\u00a0 Ciro Gomes ainda disse que demitiria o superintendente da Pol\u00edcia Rodovi\u00e1ria Federal e o Ministro da Justi\u00e7a. Na sua opini\u00e3o, \u00e9 preciso criar uma cultura de exemplaridade e de tens\u00e3o das institui\u00e7\u00f5es, para que o sistema funcione.<\/p>\n<p>\u201cBolsonaro \u00e9 organicamente ligado com as mil\u00edcias do Rio de Janeiro. O Bolsonaro vai votar no impeachment e vota em um torturador b\u00e1rbaro, o \u00fanico que foi condenado pela Justi\u00e7a. Se o presidente \u00e9 assim, o que aconteceu com as pol\u00edcias? Acontece isso, a bolsonariza\u00e7\u00e3o de uma parte importante das pol\u00edcias\u201d, declarou.<\/p>\n<p>Veja a \u00edntegra da entrevista:<\/p>\n<p>https:\/\/g1.globo.com\/podcast\/o-assunto\/noticia\/2022\/06\/14\/em-entrevista-ao-g1-ciro-gomes-fala-sobre-preco-da-gasolina-militares-no-governo-e-relacao-com-o-congresso-veja-todos-os-trechos.ghtml<\/p>\n<!-- AddThis Advanced Settings generic via filter on the_content --><!-- AddThis Share Buttons generic via filter on the_content -->","protected":false},"excerpt":{"rendered":"<p>&#8220;Quer tirar da sa\u00fade e da educa\u00e7\u00e3o dos estados para financiar o lucro da Petrobr\u00e1s&#8221;, disse o pedetista O pr\u00e9-candidato do PDT \u00e0 presid\u00eancia, Ciro Gomes, em entrevista nesta segunda (13\/6) ao podcast \u201cO Assunto\u201d, do G1, acusou\u00a0 Bolsonaro de praticar \u201cum truque eleitoreiro criminoso\u201d ao tentar impor aos governos estaduais do pa\u00eds a redu\u00e7\u00e3o&#8230;<!-- AddThis Advanced Settings generic via filter on wp_trim_excerpt --><!-- AddThis Share Buttons generic via filter on wp_trim_excerpt --><\/p>\n","protected":false},"author":17,"featured_media":82369,"comment_status":"closed","ping_status":"closed","sticky":false,"template":"","format":"standard","meta":{"_monsterinsights_skip_tracking":false,"_monsterinsights_sitenote_active":false,"_monsterinsights_sitenote_note":"","_monsterinsights_sitenote_category":0,"_uf_show_specific_survey":0,"_uf_disable_surveys":false,"footnotes":""},"categories":[1390,1401],"tags":[],"class_list":["post-82367","post","type-post","status-publish","format-standard","has-post-thumbnail","hentry","category-editorias","category-nacional"],"acf":[],"_links":{"self":[{"href":"https:\/\/pdt-rj.org.br\/index.php\/wp-json\/wp\/v2\/posts\/82367","targetHints":{"allow":["GET"]}}],"collection":[{"href":"https:\/\/pdt-rj.org.br\/index.php\/wp-json\/wp\/v2\/posts"}],"about":[{"href":"https:\/\/pdt-rj.org.br\/index.php\/wp-json\/wp\/v2\/types\/post"}],"author":[{"embeddable":true,"href":"https:\/\/pdt-rj.org.br\/index.php\/wp-json\/wp\/v2\/users\/17"}],"replies":[{"embeddable":true,"href":"https:\/\/pdt-rj.org.br\/index.php\/wp-json\/wp\/v2\/comments?post=82367"}],"version-history":[{"count":13,"href":"https:\/\/pdt-rj.org.br\/index.php\/wp-json\/wp\/v2\/posts\/82367\/revisions"}],"predecessor-version":[{"id":82462,"href":"https:\/\/pdt-rj.org.br\/index.php\/wp-json\/wp\/v2\/posts\/82367\/revisions\/82462"}],"wp:featuredmedia":[{"embeddable":true,"href":"https:\/\/pdt-rj.org.br\/index.php\/wp-json\/wp\/v2\/media\/82369"}],"wp:attachment":[{"href":"https:\/\/pdt-rj.org.br\/index.php\/wp-json\/wp\/v2\/media?parent=82367"}],"wp:term":[{"taxonomy":"category","embeddable":true,"href":"https:\/\/pdt-rj.org.br\/index.php\/wp-json\/wp\/v2\/categories?post=82367"},{"taxonomy":"post_tag","embeddable":true,"href":"https:\/\/pdt-rj.org.br\/index.php\/wp-json\/wp\/v2\/tags?post=82367"}],"curies":[{"name":"wp","href":"https:\/\/api.w.org\/{rel}","templated":true}]}}