{"id":82357,"date":"2022-06-13T21:53:21","date_gmt":"2022-06-14T00:53:21","guid":{"rendered":"https:\/\/pdt-rj.org.br\/?p=82357"},"modified":"2022-06-21T12:30:43","modified_gmt":"2022-06-21T15:30:43","slug":"rodrigo-neves-debate-desenvolvimento-economico-em-petropolis","status":"publish","type":"post","link":"https:\/\/pdt-rj.org.br\/index.php\/rodrigo-neves-debate-desenvolvimento-economico-em-petropolis\/","title":{"rendered":"Rodrigo Neves debate desenvolvimento econ\u00f4mico em Petr\u00f3polis"},"content":{"rendered":"<p><strong>Ex-prefeito de Niter\u00f3i destaca estrutura respons\u00e1vel e sustent\u00e1vel do projeto de governo trabalhista<\/strong><\/p>\n<p>O pr\u00e9-candidato a governador do Rio de Janeiro pelo PDT, Rodrigo Neves, participou nesta segunda-feira (13) de um encontro com empres\u00e1rios, em Petr\u00f3polis, sobre o desenvolvimento da cidade e a reconstru\u00e7\u00e3o econ\u00f4mica e social do estado.<\/p>\n<p>O pedetista foi recebido pelo presidente da C\u00e2mara de Dirigentes Lojistas (CDL), Cl\u00e1udio Ferreira Mohammad, e o presidente da Associa\u00e7\u00e3o Comercial de Petr\u00f3polis, Alney Antunes, e tra\u00e7ou um panorama sobre o caminho rumo ao desenvolvimento econ\u00f4mico respons\u00e1vel e sustent\u00e1vel.<\/p>\n<p>&#8220;Petr\u00f3polis \u00e9 uma cidade incr\u00edvel, com boa qualidade de vida, profissionais com alta qualifica\u00e7\u00e3o, com Mestrado e Doutorado. A Regi\u00e3o Serrana, como um todo, tem um enorme potencial de desenvolvimento. \u00c9 preciso investir na cidade como um polo de Ci\u00eancia, Tecnologia e Inova\u00e7\u00e3o, investir na ind\u00fastria de bebidas e na ind\u00fastria t\u00eaxtil, que s\u00e3o voca\u00e7\u00f5es do munic\u00edpio&#8221;, avaliou o pedetista.<\/p>\n<p>Ao contar sobre o programa que implementou durante a pandemia em Niter\u00f3i, quando prestou aux\u00edlio financeiro \u00e0s pequenas e m\u00e9dias empresas da cidade, o ex-prefeito niteroiense falou sobre a necessidade de trabalho conjunto entre poder p\u00fablico e iniciativa privada.<\/p>\n<p>&#8220;\u00c9 inconceb\u00edvel que o governo do estado n\u00e3o tenha um plano para socorrer os empres\u00e1rios que sofreram durante a pandemia e est\u00e3o com dificuldade de retomar seus neg\u00f3cios. O poder p\u00fablico precisa estar de m\u00e3os dadas com o setor produtivo para reerguer Petr\u00f3polis e reconstruir o estado do Rio de Janeiro&#8221;, afirmou Neves.<\/p>\n<!-- AddThis Advanced Settings generic via filter on the_content --><!-- AddThis Share Buttons generic via filter on the_content -->","protected":false},"excerpt":{"rendered":"<p>Ex-prefeito de Niter\u00f3i destaca estrutura respons\u00e1vel e sustent\u00e1vel do projeto de governo trabalhista O pr\u00e9-candidato a governador do Rio de Janeiro pelo PDT, Rodrigo Neves, participou nesta segunda-feira (13) de um encontro com empres\u00e1rios, em Petr\u00f3polis, sobre o desenvolvimento da cidade e a reconstru\u00e7\u00e3o econ\u00f4mica e social do estado. O pedetista foi recebido pelo presidente&#8230;<!-- AddThis Advanced Settings generic via filter on wp_trim_excerpt --><!-- AddThis Share Buttons generic via filter on wp_trim_excerpt --><\/p>\n","protected":false},"author":17,"featured_media":82358,"comment_status":"closed","ping_status":"closed","sticky":false,"template":"","format":"standard","meta":{"_monsterinsights_skip_tracking":false,"_monsterinsights_sitenote_active":false,"_monsterinsights_sitenote_note":"","_monsterinsights_sitenote_category":0,"_uf_show_specific_survey":0,"_uf_disable_surveys":false,"footnotes":""},"categories":[1390,5414,5415],"tags":[],"class_list":["post-82357","post","type-post","status-publish","format-standard","has-post-thumbnail","hentry","category-editorias","category-estado","category-rodrigo-neves"],"acf":[],"_links":{"self":[{"href":"https:\/\/pdt-rj.org.br\/index.php\/wp-json\/wp\/v2\/posts\/82357","targetHints":{"allow":["GET"]}}],"collection":[{"href":"https:\/\/pdt-rj.org.br\/index.php\/wp-json\/wp\/v2\/posts"}],"about":[{"href":"https:\/\/pdt-rj.org.br\/index.php\/wp-json\/wp\/v2\/types\/post"}],"author":[{"embeddable":true,"href":"https:\/\/pdt-rj.org.br\/index.php\/wp-json\/wp\/v2\/users\/17"}],"replies":[{"embeddable":true,"href":"https:\/\/pdt-rj.org.br\/index.php\/wp-json\/wp\/v2\/comments?post=82357"}],"version-history":[{"count":6,"href":"https:\/\/pdt-rj.org.br\/index.php\/wp-json\/wp\/v2\/posts\/82357\/revisions"}],"predecessor-version":[{"id":82503,"href":"https:\/\/pdt-rj.org.br\/index.php\/wp-json\/wp\/v2\/posts\/82357\/revisions\/82503"}],"wp:featuredmedia":[{"embeddable":true,"href":"https:\/\/pdt-rj.org.br\/index.php\/wp-json\/wp\/v2\/media\/82358"}],"wp:attachment":[{"href":"https:\/\/pdt-rj.org.br\/index.php\/wp-json\/wp\/v2\/media?parent=82357"}],"wp:term":[{"taxonomy":"category","embeddable":true,"href":"https:\/\/pdt-rj.org.br\/index.php\/wp-json\/wp\/v2\/categories?post=82357"},{"taxonomy":"post_tag","embeddable":true,"href":"https:\/\/pdt-rj.org.br\/index.php\/wp-json\/wp\/v2\/tags?post=82357"}],"curies":[{"name":"wp","href":"https:\/\/api.w.org\/{rel}","templated":true}]}}