{"id":82344,"date":"2022-06-13T09:40:49","date_gmt":"2022-06-13T12:40:49","guid":{"rendered":"https:\/\/pdt-rj.org.br\/?p=82344"},"modified":"2022-06-16T10:31:37","modified_gmt":"2022-06-16T13:31:37","slug":"ecotrabalhismo-realizacoes-e-desafios","status":"publish","type":"post","link":"https:\/\/pdt-rj.org.br\/index.php\/ecotrabalhismo-realizacoes-e-desafios\/","title":{"rendered":"Ecotrabalhismo: realiza\u00e7\u00f5es e desafios"},"content":{"rendered":"<p><strong>Nosso objetivo \u00e9 trazer uma proposta de di\u00e1logo do presente com o futuro<\/strong><\/p>\n<p>Os governos trabalhistas ou pedetistas, em diferentes \u00e9pocas, promoveram a\u00e7\u00f5es que, fossem hoje, se conectariam perfeitamente com os Objetivos do Desenvolvimento Sustent\u00e1vel. Uma prova cabal \u00e9 que, h\u00e1 83 anos, dois anos antes do in\u00edcio da Segunda Guerra Mundial, o presidente Get\u00falio Vargas, ao assinar o Decreto 1.713, de 14 de junho de 1937, de cria\u00e7\u00e3o do Parque Nacional de Itatiaia, em seu pre\u00e2mbulo, escrevia: \u201cConsiderando que, por essas circunst\u00e2ncias, a regi\u00e3o em que est\u00e1 localizada a referida Esta\u00e7\u00e3o Biol\u00f3gica, deve ser transformada em Parque Nacional, para que possa ficar perpetuamente conservada no seu aspecto primitivo e atender \u00e0s necessidades de ordem cient\u00edficas decorrentes das ditas circunst\u00e2ncias\u201d.<\/p>\n<p>Suprimida sua data, este texto assinado por Vargas se enquadra, sem qualquer deslize, no conjunto de documentos, contempor\u00e2neos, conexos ao vaticinado pelo ODS 15: \u201cObjetivo 15. Proteger, recuperar e promover o uso sustent\u00e1vel dos ecossistemas terrestre; gerir de forma sustent\u00e1vel as florestas; combater a desertifica\u00e7\u00e3o; deter e reverter a degrada\u00e7\u00e3o da terra; e deter a perda de biodiversidade\u201d.<\/p>\n<p>Sem ter me valido de pesquisa maior, como nosso objetivo \u00e9 trazer uma proposta de di\u00e1logo do presente com o futuro, vou citar algumas a\u00e7\u00f5es e pol\u00edticas sustent\u00e1veis que visam a cidades melhores, com mais qualidade de vida.<\/p>\n<p>Fortaleza ostenta a marca de mais de 300 quil\u00f4metros de ciclovias, promovendo uma mobilidade sustent\u00e1vel e com pouco risco sanit\u00e1rio \u2013 tese comprovada durante os dias mais dif\u00edceis da pandemia do Covid-19. Este o resultado positivo \u00e9 fruto de a\u00e7\u00f5es iniciadas na gest\u00e3o do prefeito Roberto Cl\u00e1udio e que foram continuadas na atual prefeitura.<\/p>\n<p>A cria\u00e7\u00e3o, em Niter\u00f3i, pelo prefeito Axel Grael, da primeira Secretaria do Clima (SECLIMA) no Brasil. Busca organizar a\u00e7\u00f5es de prepara\u00e7\u00e3o e mitiga\u00e7\u00e3o para as transforma\u00e7\u00f5es do clima no mundo, de forma a garantir uma cidade mais resiliente e sustent\u00e1vel.<\/p>\n<p>Podemos falar tamb\u00e9m, da inaugura\u00e7\u00e3o da nova sede do Parque Natural Municipal do Mico-Le\u00e3o-Dourado, na cidade de Cabo Frio, sob a lideran\u00e7a do Prefeito Jos\u00e9 Bonif\u00e1cio, com recursos advindos de emenda do deputado federal Paulo Ramos. Esta Unidade de Conserva\u00e7\u00e3o \u00e9 essencial para garantia da preserva\u00e7\u00e3o destes primatas, esp\u00e9cie atualmente amea\u00e7ada de extin\u00e7\u00e3o.<\/p>\n<p>Al\u00e9m disto, iniciativas de mandatos ecotrabalhistas tem se inserido em lutas ambientais importantes, como o tombamento e proibi\u00e7\u00e3o de projetos de minera\u00e7\u00e3o na Serra do Curral, em Belo Horizonte, que tem a vereador Duda Salabert como uma das principais ativistas; ou a oposi\u00e7\u00e3o \u00e0 reabertura da Estrada do Colono, que tem sido liderada entre outros pelo deputado Goura, no Paran\u00e1.<\/p>\n<p>O Trabalhismo, como a planta do deserto de que Brizola falava, sofreu todas as agruras que a ditadura promoveu contra esta corrente nacionalista de pensamento; mas, em seu governo, irrigado com os votos e apoio constante dos fluminenses, floresceu em todos os campos de atividade governamental. E nesta \u00e1rea de preserva\u00e7\u00e3o da vida, como s\u00edmbolo de in\u00fameras a\u00e7\u00f5es positivas, surgiu o Parque Estadual da Pedra Branca: mais um fazimento de Darcy Ribeiro.<\/p>\n<p>Nestes nossos tempos, ter\u00edamos muitas outras atividades memor\u00e1veis que uniriam o Trabalhismo Brasileiro \u00e0 execu\u00e7\u00e3o de programas e projetos ambientais inseridos nas propostas da Agenda 2030 \u2013 algumas delas ocorridas em tempos anteriores \u00e0 sua implanta\u00e7\u00e3o em \u00e2mbito universal.<\/p>\n<p>Por fim, conhecer nossas realiza\u00e7\u00f5es do presente e do passado, sabendo que o Trabalhismo Brasileiro sempre esteve e continua conectado a agenda socioambiental d\u00e1 um f\u00f4lego extra para o fortalecimento de nossa caminhada como ecotrabalhistas.<\/p>\n<p><strong>*Everton Gomes \u00e9 cientista pol\u00edtico, vice-presidente nacional do Ecotrabalhismo e secret\u00e1rio de assuntos econ\u00f4micos do PDT Nacional.<\/strong><\/p>\n<!-- AddThis Advanced Settings generic via filter on the_content --><!-- AddThis Share Buttons generic via filter on the_content -->","protected":false},"excerpt":{"rendered":"<p>Nosso objetivo \u00e9 trazer uma proposta de di\u00e1logo do presente com o futuro Os governos trabalhistas ou pedetistas, em diferentes \u00e9pocas, promoveram a\u00e7\u00f5es que, fossem hoje, se conectariam perfeitamente com os Objetivos do Desenvolvimento Sustent\u00e1vel. Uma prova cabal \u00e9 que, h\u00e1 83 anos, dois anos antes do in\u00edcio da Segunda Guerra Mundial, o presidente Get\u00falio&#8230;<!-- AddThis Advanced Settings generic via filter on wp_trim_excerpt --><!-- AddThis Share Buttons generic via filter on wp_trim_excerpt --><\/p>\n","protected":false},"author":17,"featured_media":82345,"comment_status":"closed","ping_status":"closed","sticky":false,"template":"","format":"standard","meta":{"_monsterinsights_skip_tracking":false,"_monsterinsights_sitenote_active":false,"_monsterinsights_sitenote_note":"","_monsterinsights_sitenote_category":0,"_uf_show_specific_survey":0,"_uf_disable_surveys":false,"footnotes":""},"categories":[1584,1390],"tags":[],"class_list":["post-82344","post","type-post","status-publish","format-standard","has-post-thumbnail","hentry","category-artigos","category-editorias"],"acf":[],"_links":{"self":[{"href":"https:\/\/pdt-rj.org.br\/index.php\/wp-json\/wp\/v2\/posts\/82344","targetHints":{"allow":["GET"]}}],"collection":[{"href":"https:\/\/pdt-rj.org.br\/index.php\/wp-json\/wp\/v2\/posts"}],"about":[{"href":"https:\/\/pdt-rj.org.br\/index.php\/wp-json\/wp\/v2\/types\/post"}],"author":[{"embeddable":true,"href":"https:\/\/pdt-rj.org.br\/index.php\/wp-json\/wp\/v2\/users\/17"}],"replies":[{"embeddable":true,"href":"https:\/\/pdt-rj.org.br\/index.php\/wp-json\/wp\/v2\/comments?post=82344"}],"version-history":[{"count":4,"href":"https:\/\/pdt-rj.org.br\/index.php\/wp-json\/wp\/v2\/posts\/82344\/revisions"}],"predecessor-version":[{"id":82441,"href":"https:\/\/pdt-rj.org.br\/index.php\/wp-json\/wp\/v2\/posts\/82344\/revisions\/82441"}],"wp:featuredmedia":[{"embeddable":true,"href":"https:\/\/pdt-rj.org.br\/index.php\/wp-json\/wp\/v2\/media\/82345"}],"wp:attachment":[{"href":"https:\/\/pdt-rj.org.br\/index.php\/wp-json\/wp\/v2\/media?parent=82344"}],"wp:term":[{"taxonomy":"category","embeddable":true,"href":"https:\/\/pdt-rj.org.br\/index.php\/wp-json\/wp\/v2\/categories?post=82344"},{"taxonomy":"post_tag","embeddable":true,"href":"https:\/\/pdt-rj.org.br\/index.php\/wp-json\/wp\/v2\/tags?post=82344"}],"curies":[{"name":"wp","href":"https:\/\/api.w.org\/{rel}","templated":true}]}}