{"id":82338,"date":"2022-06-10T20:55:47","date_gmt":"2022-06-10T23:55:47","guid":{"rendered":"https:\/\/pdt-rj.org.br\/?p=82338"},"modified":"2022-06-13T22:04:44","modified_gmt":"2022-06-14T01:04:44","slug":"desenvolvimento-de-petropolis-e-tema-de-debate-com-rodrigo-neves","status":"publish","type":"post","link":"https:\/\/pdt-rj.org.br\/index.php\/desenvolvimento-de-petropolis-e-tema-de-debate-com-rodrigo-neves\/","title":{"rendered":"Progresso de Petr\u00f3polis \u00e9 tema de encontro com Rodrigo Neves"},"content":{"rendered":"<p><strong>Pr\u00e9-candidato ao governo pelo PDT se re\u00fane com empres\u00e1rios para apresentar plano de governo\u00a0<\/strong><\/p>\n<p>O pr\u00e9-candidato a governador do Rio de Janeiro pelo PDT, Rodrigo Neves, visita a C\u00e2mara de Dirigentes Lojistas de Petr\u00f3polis (CDL), nesta\u00a0segunda-feira (13), \u00e0s 16h30, para um debate sobre o desenvolvimento municipal.<\/p>\n<p><span data-originalfontsize=\"12pt\" data-originalcomputedfontsize=\"16\">Ao lado de lideran\u00e7as regionais, Neves se reunir\u00e1 com empres\u00e1rios no audit\u00f3rio da entidade, que fica localidade na <\/span>Rua Irm\u00e3os D\u2019\u00c2ngelo, 48, Centro.<span data-originalfontsize=\"12pt\" data-originalcomputedfontsize=\"16\"><br \/>\n<\/span><\/p>\n<p><span data-originalfontsize=\"12pt\" data-originalcomputedfontsize=\"16\">Atrav\u00e9s do\u00a0plano de governo trabalhista, o pedetista\u00a0<\/span><span data-originalfontsize=\"12pt\" data-originalcomputedfontsize=\"16\">abordar\u00e1 a reconstru\u00e7\u00e3o da cidade, que passou, em fevereiro deste ano, por uma trag\u00e9dia clim\u00e1tica, em conjunto com a reestrutura\u00e7\u00e3o<\/span><span data-originalfontsize=\"16px\" data-originalcomputedfontsize=\"16\">\u00a0econ\u00f4mica<\/span><span data-originalfontsize=\"16px\" data-originalcomputedfontsize=\"16\">\u00a0e\u00a0<\/span><span data-originalfontsize=\"16px\" data-originalcomputedfontsize=\"16\">social de todo o estado<\/span><span data-originalfontsize=\"16px\" data-originalcomputedfontsize=\"16\">.<\/span><\/p>\n<!-- AddThis Advanced Settings generic via filter on the_content --><!-- AddThis Share Buttons generic via filter on the_content -->","protected":false},"excerpt":{"rendered":"<p>Pr\u00e9-candidato ao governo pelo PDT se re\u00fane com empres\u00e1rios para apresentar plano de governo\u00a0 O pr\u00e9-candidato a governador do Rio de Janeiro pelo PDT, Rodrigo Neves, visita a C\u00e2mara de Dirigentes Lojistas de Petr\u00f3polis (CDL), nesta\u00a0segunda-feira (13), \u00e0s 16h30, para um debate sobre o desenvolvimento municipal. Ao lado de lideran\u00e7as regionais, Neves se reunir\u00e1 com&#8230;<!-- AddThis Advanced Settings generic via filter on wp_trim_excerpt --><!-- AddThis Share Buttons generic via filter on wp_trim_excerpt --><\/p>\n","protected":false},"author":17,"featured_media":82339,"comment_status":"closed","ping_status":"closed","sticky":false,"template":"","format":"standard","meta":{"_monsterinsights_skip_tracking":false,"_monsterinsights_sitenote_active":false,"_monsterinsights_sitenote_note":"","_monsterinsights_sitenote_category":0,"_uf_show_specific_survey":0,"_uf_disable_surveys":false,"footnotes":""},"categories":[1390,5414,5415],"tags":[],"class_list":["post-82338","post","type-post","status-publish","format-standard","has-post-thumbnail","hentry","category-editorias","category-estado","category-rodrigo-neves"],"acf":[],"_links":{"self":[{"href":"https:\/\/pdt-rj.org.br\/index.php\/wp-json\/wp\/v2\/posts\/82338","targetHints":{"allow":["GET"]}}],"collection":[{"href":"https:\/\/pdt-rj.org.br\/index.php\/wp-json\/wp\/v2\/posts"}],"about":[{"href":"https:\/\/pdt-rj.org.br\/index.php\/wp-json\/wp\/v2\/types\/post"}],"author":[{"embeddable":true,"href":"https:\/\/pdt-rj.org.br\/index.php\/wp-json\/wp\/v2\/users\/17"}],"replies":[{"embeddable":true,"href":"https:\/\/pdt-rj.org.br\/index.php\/wp-json\/wp\/v2\/comments?post=82338"}],"version-history":[{"count":6,"href":"https:\/\/pdt-rj.org.br\/index.php\/wp-json\/wp\/v2\/posts\/82338\/revisions"}],"predecessor-version":[{"id":82363,"href":"https:\/\/pdt-rj.org.br\/index.php\/wp-json\/wp\/v2\/posts\/82338\/revisions\/82363"}],"wp:featuredmedia":[{"embeddable":true,"href":"https:\/\/pdt-rj.org.br\/index.php\/wp-json\/wp\/v2\/media\/82339"}],"wp:attachment":[{"href":"https:\/\/pdt-rj.org.br\/index.php\/wp-json\/wp\/v2\/media?parent=82338"}],"wp:term":[{"taxonomy":"category","embeddable":true,"href":"https:\/\/pdt-rj.org.br\/index.php\/wp-json\/wp\/v2\/categories?post=82338"},{"taxonomy":"post_tag","embeddable":true,"href":"https:\/\/pdt-rj.org.br\/index.php\/wp-json\/wp\/v2\/tags?post=82338"}],"curies":[{"name":"wp","href":"https:\/\/api.w.org\/{rel}","templated":true}]}}