{"id":82318,"date":"2022-06-09T15:02:46","date_gmt":"2022-06-09T18:02:46","guid":{"rendered":"https:\/\/pdt-rj.org.br\/?p=82318"},"modified":"2022-06-09T15:03:29","modified_gmt":"2022-06-09T18:03:29","slug":"defesa-civil-de-cabo-frio-vai-utilizar-google-para-emissao-de-alertas","status":"publish","type":"post","link":"https:\/\/pdt-rj.org.br\/index.php\/defesa-civil-de-cabo-frio-vai-utilizar-google-para-emissao-de-alertas\/","title":{"rendered":"Defesa Civil de Cabo Frio vai utilizar Google para emiss\u00e3o de alertas"},"content":{"rendered":"<p><strong>Plataforma passa a ser mais um canal de informa\u00e7\u00e3o para a popula\u00e7\u00e3o se proteger de poss\u00edveis ocorr\u00eancias<\/strong><\/p>\n<p>A Prefeitura de Cabo Frio, administrada pelo PDT, est\u00e1 planejando a utiliza\u00e7\u00e3o de uma nova ferramenta de emiss\u00e3o de alertas de Defesa Civil. A iniciativa possibilitar\u00e1 que cidad\u00e3os sejam alertados e recebam orienta\u00e7\u00f5es a partir da navega\u00e7\u00e3o dos internautas na busca do Google ou no Google Maps.<\/p>\n<p>A partir da parceria, ao fazer qualquer busca no Google relacionada a desastres naturais ou que utilize palavras-chaves sobre o tema, o internauta receber\u00e1 alertas e informa\u00e7\u00f5es sobre poss\u00edveis \u00e1reas afetadas. O mesmo ocorre quando o usu\u00e1rio utiliza o Google Maps em uma \u00e1rea de risco.<\/p>\n<p>\u201cA emiss\u00e3o de alertas \u00e9 uma das principais a\u00e7\u00f5es da Defesa Civil antes da ocorr\u00eancia de um desastre. Com essa nova ferramenta, iremos melhorar nossa capacidade de antecipa\u00e7\u00e3o a algum acontecimento, aumentando as chances de ajudar a popula\u00e7\u00e3o em situa\u00e7\u00f5es de crise, al\u00e9m de auxiliar o poder p\u00fablico a tomar decis\u00f5es mais r\u00e1pidas e assertivas\u201d, declarou o secret\u00e1rio de Seguran\u00e7a P\u00fablica, Ruy Fran\u00e7a.<\/p>\n<!-- AddThis Advanced Settings generic via filter on the_content --><!-- AddThis Share Buttons generic via filter on the_content -->","protected":false},"excerpt":{"rendered":"<p>Plataforma passa a ser mais um canal de informa\u00e7\u00e3o para a popula\u00e7\u00e3o se proteger de poss\u00edveis ocorr\u00eancias A Prefeitura de Cabo Frio, administrada pelo PDT, est\u00e1 planejando a utiliza\u00e7\u00e3o de uma nova ferramenta de emiss\u00e3o de alertas de Defesa Civil. A iniciativa possibilitar\u00e1 que cidad\u00e3os sejam alertados e recebam orienta\u00e7\u00f5es a partir da navega\u00e7\u00e3o dos&#8230;<!-- AddThis Advanced Settings generic via filter on wp_trim_excerpt --><!-- AddThis Share Buttons generic via filter on wp_trim_excerpt --><\/p>\n","protected":false},"author":17,"featured_media":82319,"comment_status":"closed","ping_status":"closed","sticky":false,"template":"","format":"standard","meta":{"_monsterinsights_skip_tracking":false,"_monsterinsights_sitenote_active":false,"_monsterinsights_sitenote_note":"","_monsterinsights_sitenote_category":0,"_uf_show_specific_survey":0,"_uf_disable_surveys":false,"footnotes":""},"categories":[1390,1402],"tags":[],"class_list":["post-82318","post","type-post","status-publish","format-standard","has-post-thumbnail","hentry","category-editorias","category-cidades"],"acf":[],"_links":{"self":[{"href":"https:\/\/pdt-rj.org.br\/index.php\/wp-json\/wp\/v2\/posts\/82318","targetHints":{"allow":["GET"]}}],"collection":[{"href":"https:\/\/pdt-rj.org.br\/index.php\/wp-json\/wp\/v2\/posts"}],"about":[{"href":"https:\/\/pdt-rj.org.br\/index.php\/wp-json\/wp\/v2\/types\/post"}],"author":[{"embeddable":true,"href":"https:\/\/pdt-rj.org.br\/index.php\/wp-json\/wp\/v2\/users\/17"}],"replies":[{"embeddable":true,"href":"https:\/\/pdt-rj.org.br\/index.php\/wp-json\/wp\/v2\/comments?post=82318"}],"version-history":[{"count":2,"href":"https:\/\/pdt-rj.org.br\/index.php\/wp-json\/wp\/v2\/posts\/82318\/revisions"}],"predecessor-version":[{"id":82321,"href":"https:\/\/pdt-rj.org.br\/index.php\/wp-json\/wp\/v2\/posts\/82318\/revisions\/82321"}],"wp:featuredmedia":[{"embeddable":true,"href":"https:\/\/pdt-rj.org.br\/index.php\/wp-json\/wp\/v2\/media\/82319"}],"wp:attachment":[{"href":"https:\/\/pdt-rj.org.br\/index.php\/wp-json\/wp\/v2\/media?parent=82318"}],"wp:term":[{"taxonomy":"category","embeddable":true,"href":"https:\/\/pdt-rj.org.br\/index.php\/wp-json\/wp\/v2\/categories?post=82318"},{"taxonomy":"post_tag","embeddable":true,"href":"https:\/\/pdt-rj.org.br\/index.php\/wp-json\/wp\/v2\/tags?post=82318"}],"curies":[{"name":"wp","href":"https:\/\/api.w.org\/{rel}","templated":true}]}}