{"id":82294,"date":"2022-06-10T08:35:54","date_gmt":"2022-06-10T11:35:54","guid":{"rendered":"https:\/\/pdt-rj.org.br\/?p=82294"},"modified":"2022-06-15T13:32:54","modified_gmt":"2022-06-15T16:32:54","slug":"darcy-ribeiro-era-um-nome-proibido-na-globo-relata-isa-grinspum","status":"publish","type":"post","link":"https:\/\/pdt-rj.org.br\/index.php\/darcy-ribeiro-era-um-nome-proibido-na-globo-relata-isa-grinspum\/","title":{"rendered":"\u201cDarcy Ribeiro era um nome proibido na Globo\u201d, relata Isa Grinspum"},"content":{"rendered":"<p><strong>Soci\u00f3loga e cineasta detalha resist\u00eancia durante produ\u00e7\u00e3o de document\u00e1rio na Funda\u00e7\u00e3o Roberto Marinho<\/strong><\/p>\n<p>\u201cDarcy Ribeiro era um nome proibido na Globo\u201d, disse a soci\u00f3loga e cineasta, Isa Grinspum Ferraz, ao relatar o bloqueio, na d\u00e9cada de 80, ao antrop\u00f3logo e ex-senador do PDT fluminense. Na <a href=\"https:\/\/www.youtube.com\/watch?v=sqNOgo0Z-G4\">entrevista<\/a> para o \u201cTrabalhismo na Hist\u00f3ria\u201d, do Centro de Mem\u00f3ria Trabalhista (CMT), ela conta que a resist\u00eancia foi percebida durante a produ\u00e7\u00e3o, na Funda\u00e7\u00e3o Roberto Marinho, de um document\u00e1rio sobre educa\u00e7\u00e3o infantil.<\/p>\n<p>\u201cN\u00e3o se podia falar o nome. Nem do Chico Buarque, nem do Darcy Ribeiro. [&#8230;] Tanto eu fiz, que eu consegui. [Darcy] Ele ficou muito surpreso, achou que era trote\u201d, contou, detalhando a marcante entrevista que \u201cn\u00e3o p\u00f4de usar\u201d.<\/p>\n<p>Ao longo da conversa com o Henrique Matthiesen, Isa contou que recebeu, posteriormente, o convite do pedetista para trabalhar em projetos audiovisuais, como o curso de forma\u00e7\u00e3o de professores. A rela\u00e7\u00e3o profissional durou mais de uma d\u00e9cada e foi at\u00e9 o seu falecimento, em 1997.<\/p>\n<p>\u201cEle estava sempre inventando, criando e pensando no pa\u00eds, na educa\u00e7\u00e3o e nos \u00edndios. Pensava no povo brasileiro o tempo todo, [&#8230;] escrevia o dia inteiro. Era um homem de a\u00e7\u00e3o, al\u00e9m de pensamento\u201d, ressaltou.<\/p>\n<p>Produtora do document\u00e1rio sobre a obra \u201cO Povo Brasileiro\u201d, que foi roteirizado pelo pr\u00f3prio Darcy em 97, Isa revela o impacto do conte\u00fado desde o primeiro contato. Para ela, o professor mineiro se diferenciava pela \u201cliberdade de trabalhar com figuras da hist\u00f3ria e flu\u00eancia do texto\u201d.<\/p>\n<p><img loading=\"lazy\" decoding=\"async\" class=\"aligncenter wp-image-82296 size-large\" src=\"https:\/\/pdt-rj.org.br\/wp-content\/uploads\/2022\/06\/2-2-1024x576.jpg\" alt=\"\" width=\"640\" height=\"360\" srcset=\"https:\/\/pdt-rj.org.br\/wp-content\/uploads\/2022\/06\/2-2.jpg 1024w, https:\/\/pdt-rj.org.br\/wp-content\/uploads\/2022\/06\/2-2-300x169.jpg 300w, https:\/\/pdt-rj.org.br\/wp-content\/uploads\/2022\/06\/2-2-100x56.jpg 100w, https:\/\/pdt-rj.org.br\/wp-content\/uploads\/2022\/06\/2-2-768x432.jpg 768w, https:\/\/pdt-rj.org.br\/wp-content\/uploads\/2022\/06\/2-2-1536x864.jpg 1536w, https:\/\/pdt-rj.org.br\/wp-content\/uploads\/2022\/06\/2-2-160x90.jpg 160w\" sizes=\"auto, (max-width: 640px) 100vw, 640px\" \/><\/p>\n<p>\u201cQuando ele [Darcy] terminou, ele mandou o original para alguns amigos e para mim. Quando eu li, eu fiquei impressionad\u00edssima com a originalidade do pensamento dele, com a maneira dele contar essa hist\u00f3ria. A liberdade de trabalhar com figuras da hist\u00f3ria e a flu\u00eancia do texto.<\/p>\n<p>Para estimul\u00e1-lo, apesar da sa\u00fade debilitada, a cineasta conta que utilizou uma palavra determinante para o convencimento: educa\u00e7\u00e3o.<\/p>\n<p>\u201cPara botar nas escolas p\u00fablicas, Darcy. Vamos fazer uma s\u00e9rie e ele topou\u201d, afirmou, diante da sa\u00fade debilitada do antrop\u00f3logo, que lutava contra o c\u00e2ncer, e a limita\u00e7\u00e3o financeira para a grava\u00e7\u00e3o, que durou cinco dias em Maric\u00e1.<\/p>\n<p>Ap\u00f3s a capta\u00e7\u00e3o de recursos via leis de incentivo, Isa complementou o document\u00e1rio com grava\u00e7\u00f5es por diversos estados do Brasil, que foi finalizado, no final de 99, exibido em canais de televis\u00e3o abertos e fechados, bem como premiado em festivais.<\/p>\n<p><strong>Cenas revolucion\u00e1rias<\/strong><\/p>\n<p>Ao relatar o \u201cprofundo amor e orgulho\u201d pela trajet\u00f3ria do seu tio, o ex-deputado federal Carlos Marighella, Isa abordou ainda toda a dificuldade imposta pela \u201cterr\u00edvel\u201d ditadura militar aos seus familiares desde o golpe, passando pela morte do l\u00edder pol\u00edtico, em novembro de 1969, e at\u00e9 a anistia, em 1979.<\/p>\n<p>\u201cMarighella foi considerado o inimigo n\u00famero um da ditadura brasileira. [&#8230;] Foi muito duro porque ele foi assinado e minha tia [Clara Charf] foi para o ex\u00edlio. Depois da morte do meu tio, meu pai foi preso, no DOI-CODI [Destacamento de Opera\u00e7\u00f5es de Informa\u00e7\u00e3o &#8211; Centro de Opera\u00e7\u00f5es de Defesa Interna], para ser torturado, pois queriam saber onde estava minha tia\u201d, detalhou.<\/p>\n<p>\u201cHist\u00f3ria pesada, ao mesmo tempo de muito orgulho, de ter esse privil\u00e9gio de viver e compartilhar a minha inf\u00e2ncia com pessoas t\u00e3o legais\u201d, completou, com refer\u00eancia ao longa-metragem documental \u201cMarighella\u201d, que foi lan\u00e7ado em 2011.<\/p>\n<!-- AddThis Advanced Settings generic via filter on the_content --><!-- AddThis Share Buttons generic via filter on the_content -->","protected":false},"excerpt":{"rendered":"<p>Soci\u00f3loga e cineasta detalha resist\u00eancia durante produ\u00e7\u00e3o de document\u00e1rio na Funda\u00e7\u00e3o Roberto Marinho \u201cDarcy Ribeiro era um nome proibido na Globo\u201d, disse a soci\u00f3loga e cineasta, Isa Grinspum Ferraz, ao relatar o bloqueio, na d\u00e9cada de 80, ao antrop\u00f3logo e ex-senador do PDT fluminense. Na entrevista para o \u201cTrabalhismo na Hist\u00f3ria\u201d, do Centro de Mem\u00f3ria&#8230;<!-- AddThis Advanced Settings generic via filter on wp_trim_excerpt --><!-- AddThis Share Buttons generic via filter on wp_trim_excerpt --><\/p>\n","protected":false},"author":17,"featured_media":82295,"comment_status":"closed","ping_status":"closed","sticky":false,"template":"","format":"standard","meta":{"_monsterinsights_skip_tracking":false,"_monsterinsights_sitenote_active":false,"_monsterinsights_sitenote_note":"","_monsterinsights_sitenote_category":0,"_uf_show_specific_survey":0,"_uf_disable_surveys":false,"footnotes":""},"categories":[1390,1401],"tags":[],"class_list":["post-82294","post","type-post","status-publish","format-standard","has-post-thumbnail","hentry","category-editorias","category-nacional"],"acf":[],"_links":{"self":[{"href":"https:\/\/pdt-rj.org.br\/index.php\/wp-json\/wp\/v2\/posts\/82294","targetHints":{"allow":["GET"]}}],"collection":[{"href":"https:\/\/pdt-rj.org.br\/index.php\/wp-json\/wp\/v2\/posts"}],"about":[{"href":"https:\/\/pdt-rj.org.br\/index.php\/wp-json\/wp\/v2\/types\/post"}],"author":[{"embeddable":true,"href":"https:\/\/pdt-rj.org.br\/index.php\/wp-json\/wp\/v2\/users\/17"}],"replies":[{"embeddable":true,"href":"https:\/\/pdt-rj.org.br\/index.php\/wp-json\/wp\/v2\/comments?post=82294"}],"version-history":[{"count":3,"href":"https:\/\/pdt-rj.org.br\/index.php\/wp-json\/wp\/v2\/posts\/82294\/revisions"}],"predecessor-version":[{"id":82418,"href":"https:\/\/pdt-rj.org.br\/index.php\/wp-json\/wp\/v2\/posts\/82294\/revisions\/82418"}],"wp:featuredmedia":[{"embeddable":true,"href":"https:\/\/pdt-rj.org.br\/index.php\/wp-json\/wp\/v2\/media\/82295"}],"wp:attachment":[{"href":"https:\/\/pdt-rj.org.br\/index.php\/wp-json\/wp\/v2\/media?parent=82294"}],"wp:term":[{"taxonomy":"category","embeddable":true,"href":"https:\/\/pdt-rj.org.br\/index.php\/wp-json\/wp\/v2\/categories?post=82294"},{"taxonomy":"post_tag","embeddable":true,"href":"https:\/\/pdt-rj.org.br\/index.php\/wp-json\/wp\/v2\/tags?post=82294"}],"curies":[{"name":"wp","href":"https:\/\/api.w.org\/{rel}","templated":true}]}}