{"id":82289,"date":"2022-06-06T10:37:49","date_gmt":"2022-06-06T13:37:49","guid":{"rendered":"https:\/\/pdt-rj.org.br\/?p=82289"},"modified":"2022-06-08T10:45:13","modified_gmt":"2022-06-08T13:45:13","slug":"semana-do-meio-ambiente-de-japeri-conta-com-atividades-para-estudantes-da-rede-publica","status":"publish","type":"post","link":"https:\/\/pdt-rj.org.br\/index.php\/semana-do-meio-ambiente-de-japeri-conta-com-atividades-para-estudantes-da-rede-publica\/","title":{"rendered":"Semana do Meio Ambiente de Japeri conta com atividades para estudantes da rede p\u00fablica"},"content":{"rendered":"<p class=\"has-text-align-center\"><strong>Alunos participaram de oficina de reciclagem e visitaram a CooperJaperi<\/strong><\/p>\n<p>Come\u00e7ou a Semana do Meio Ambiente no munic\u00edpio de Japeri, na Baixada Fluminense. A prefeitura, sob a gest\u00e3o de Dra\u00a0Fernanda Ontiveros (PDT), preparou diversas atividades em comemora\u00e7\u00e3o ao Dia Mundial do Meio Ambiente.<\/p>\n<p class=\"has-text-align-justify\">As a\u00e7\u00f5es tiveram in\u00edcio, nesta segunda-feira (6), com a presen\u00e7a de estudantes da Escola Municipal Bernardino de Mello no N\u00facleo de Educa\u00e7\u00e3o Ambiental Vale do Ip\u00ea. Ap\u00f3s participarem da exposi\u00e7\u00e3o de fotos e de uma oficina de reciclagem, os alunos da rede p\u00fablica municipal realizaram uma visita t\u00e9cnica \u00e0 Cooperativa de materiais recicl\u00e1veis em Japeri, a CooperJaperi.<\/p>\n<p class=\"has-text-align-justify\">Para a secret\u00e1ria do Ambiente e Desenvolvimento Sustent\u00e1vel, Meire Lucy, realizar um evento deste porte no munic\u00edpio \u00e9 de extrema import\u00e2ncia, pois incentiva e sensibiliza os moradores da regi\u00e3o a cuidarem da terra. \u201cA conscientiza\u00e7\u00e3o ambiental \u00e9 o nosso foco para que a popula\u00e7\u00e3o de Japeri consiga incluir na rotina pr\u00e1ticas que protegem o meio ambiente. As atividades desta semana ser\u00e3o focadas justamente no esclarecimento sobre a reciclagem, consumo consciente e descarte correto de res\u00edduos\u201d, enfatiza.<\/p>\n<p class=\"has-text-align-justify\">Aos 14 anos de idade, Maria Eduarda Faustino, estudante do 9\u00b0 ano na Escola Municipal Bernardino de Mello, j\u00e1 sabe o que fazer para preservar o local em que vive. \u00a0\u201cHoje eu aprendi que nem toda \u00e1gua \u00e9 pot\u00e1vel para\u00a0 beber e que reciclagem \u00e9 uma coisa que precisamos fazer para garantir nosso futuro. Eu sempre estou plantando alguma coisa l\u00e1 em casa e vou praticar mais. Se n\u00f3s n\u00e3o fizermos isso, n\u00e3o tem ningu\u00e9m que possa fazer pela gente\u201d, diz.<\/p>\n<p class=\"has-text-align-justify\">Ray Arruda de Lima, do 8\u00b0 ano, mal chegou ao N\u00facleo de Educa\u00e7\u00e3o Ambiental Vale do Ip\u00ea e j\u00e1 notou diferen\u00e7a at\u00e9 em sua respira\u00e7\u00e3o. \u201cQuando cheguei estava com dificuldade para respirar e agora estou bem melhor. L\u00e1 na escola a gente aprende v\u00e1rias coisas sobre o meio ambiente. Como n\u00e3o poluir os rios e n\u00e3o jogar lixo no ch\u00e3o. Se n\u00e3o cuidarmos da natureza a gente acaba com a nossa pr\u00f3pria respira\u00e7\u00e3o, passando mal no hospital ou pegando at\u00e9 uma micose.\u201d<\/p>\n<p class=\"has-text-align-justify\">A gestora da escola, Indiara Martins, revela que os estudantes participam do Projeto Brincar (com materiais recicl\u00e1veis) e j\u00e1 est\u00e3o familiarizados com assuntos relacionados \u00e0 sustentabilidade. \u201cOs materiais utilizados s\u00e3o levados pelos pr\u00f3prios alunos e pela vizinhan\u00e7a. Envolvemos as fam\u00edlias e os vizinhos da escola. \u00c9 uma forma de abra\u00e7ar a natureza em comunidade\u201d, conta.<\/p>\n<p class=\"has-text-align-justify\">As atividades da semana ter\u00e3o encerramento na pr\u00f3xima sexta-feira (10), na Confer\u00eancia Municipal do Meio Ambiente. \u201cEla ser\u00e1 um marco importante na comemora\u00e7\u00e3o. Nela falaremos sobre os objetivos do desenvolvimento sustent\u00e1vel, onde tiraremos do papel o Plano Municipal de Meio Ambiente. \u00c9 uma vit\u00f3ria para o avan\u00e7o dos cuidados do nosso munic\u00edpio\u201d, encerra Meire. Nos dias 7, 8 e 9 tamb\u00e9m ser\u00e3o realizadas a\u00e7\u00f5es com estudantes do Ensino P\u00fablico Municipal de Japeri.<\/p>\n<p><strong>Programa\u00e7\u00e3o<\/strong><\/p>\n<p>Dia 7: Visita da mini-ETA da CEDAE | Local: Escola Municipal C\u00e9lia Sobreira \u2013 10h e 14h<br \/>\nDia 8: Visita \u00e0 sede da ONG Onda Verde e a ReBio Tingu\u00e1 \u2013 8h \u00e0s 16h<br \/>\nDia 09: Visita ao Aterro Sanit\u00e1rio de Paracambi \u2013 10h<br \/>\nDia 10: Confer\u00eancia Municipal do Meio Ambiente | Local: S\u00edtio da Felicidade, na Rua Teixeira Leite, 139 \u2013 Jardim Marajoara<\/p>\n<!-- AddThis Advanced Settings generic via filter on the_content --><!-- AddThis Share Buttons generic via filter on the_content -->","protected":false},"excerpt":{"rendered":"<p>Alunos participaram de oficina de reciclagem e visitaram a CooperJaperi Come\u00e7ou a Semana do Meio Ambiente no munic\u00edpio de Japeri, na Baixada Fluminense. A prefeitura, sob a gest\u00e3o de Dra\u00a0Fernanda Ontiveros (PDT), preparou diversas atividades em comemora\u00e7\u00e3o ao Dia Mundial do Meio Ambiente. As a\u00e7\u00f5es tiveram in\u00edcio, nesta segunda-feira (6), com a presen\u00e7a de estudantes&#8230;<!-- AddThis Advanced Settings generic via filter on wp_trim_excerpt --><!-- AddThis Share Buttons generic via filter on wp_trim_excerpt --><\/p>\n","protected":false},"author":17,"featured_media":82290,"comment_status":"closed","ping_status":"closed","sticky":false,"template":"","format":"standard","meta":{"_monsterinsights_skip_tracking":false,"_monsterinsights_sitenote_active":false,"_monsterinsights_sitenote_note":"","_monsterinsights_sitenote_category":0,"_uf_show_specific_survey":0,"_uf_disable_surveys":false,"footnotes":""},"categories":[1390,1402],"tags":[],"class_list":["post-82289","post","type-post","status-publish","format-standard","has-post-thumbnail","hentry","category-editorias","category-cidades"],"acf":[],"_links":{"self":[{"href":"https:\/\/pdt-rj.org.br\/index.php\/wp-json\/wp\/v2\/posts\/82289","targetHints":{"allow":["GET"]}}],"collection":[{"href":"https:\/\/pdt-rj.org.br\/index.php\/wp-json\/wp\/v2\/posts"}],"about":[{"href":"https:\/\/pdt-rj.org.br\/index.php\/wp-json\/wp\/v2\/types\/post"}],"author":[{"embeddable":true,"href":"https:\/\/pdt-rj.org.br\/index.php\/wp-json\/wp\/v2\/users\/17"}],"replies":[{"embeddable":true,"href":"https:\/\/pdt-rj.org.br\/index.php\/wp-json\/wp\/v2\/comments?post=82289"}],"version-history":[{"count":1,"href":"https:\/\/pdt-rj.org.br\/index.php\/wp-json\/wp\/v2\/posts\/82289\/revisions"}],"predecessor-version":[{"id":82291,"href":"https:\/\/pdt-rj.org.br\/index.php\/wp-json\/wp\/v2\/posts\/82289\/revisions\/82291"}],"wp:featuredmedia":[{"embeddable":true,"href":"https:\/\/pdt-rj.org.br\/index.php\/wp-json\/wp\/v2\/media\/82290"}],"wp:attachment":[{"href":"https:\/\/pdt-rj.org.br\/index.php\/wp-json\/wp\/v2\/media?parent=82289"}],"wp:term":[{"taxonomy":"category","embeddable":true,"href":"https:\/\/pdt-rj.org.br\/index.php\/wp-json\/wp\/v2\/categories?post=82289"},{"taxonomy":"post_tag","embeddable":true,"href":"https:\/\/pdt-rj.org.br\/index.php\/wp-json\/wp\/v2\/tags?post=82289"}],"curies":[{"name":"wp","href":"https:\/\/api.w.org\/{rel}","templated":true}]}}