{"id":82286,"date":"2022-06-07T18:34:39","date_gmt":"2022-06-07T21:34:39","guid":{"rendered":"https:\/\/pdt-rj.org.br\/?p=82286"},"modified":"2022-06-08T12:32:55","modified_gmt":"2022-06-08T15:32:55","slug":"prefeitura-de-niteroi-expande-politica-de-seguranca-alimentar-no-municipio","status":"publish","type":"post","link":"https:\/\/pdt-rj.org.br\/index.php\/prefeitura-de-niteroi-expande-politica-de-seguranca-alimentar-no-municipio\/","title":{"rendered":"Prefeitura de Niter\u00f3i expande pol\u00edtica de seguran\u00e7a alimentar no munic\u00edpio"},"content":{"rendered":"<p><strong>Gest\u00e3o pedetista pretende inaugurar um novo restaurante popular na Zona Norte<\/strong><\/p>\n<p>No dia 7 de junho \u00e9 comemorado o Dia Mundial da Seguran\u00e7a dos Alimentos e a prefeitura de Niter\u00f3i, administrada pelo PDT, tem uma pol\u00edtica de seguran\u00e7a alimentar estabelecida com duas grandes frentes de fornecimento de alimentos \u00e0 popula\u00e7\u00e3o: o Restaurante Popular Jorge Amado e o Banco de Alimentos Herbert de Souza. A data tem como principal objetivo chamar a aten\u00e7\u00e3o e inspirar a\u00e7\u00f5es para ajudar a prevenir, detectar e gerenciar riscos de origem alimentar, contribuindo para a seguran\u00e7a dos alimentos, sa\u00fade humana, prosperidade econ\u00f4mica, agricultura, acesso a mercados, turismo e desenvolvimento sustent\u00e1vel. Para o pr\u00f3ximo ano, a Prefeitura pretende abrir uma nova unidade do Restaurante Popular, desta vez no Fonseca, Zona Norte da cidade.<\/p>\n<p>O secret\u00e1rio de Assist\u00eancia Social e Economia Solid\u00e1ria do munic\u00edpio, Elton Teixeira, refor\u00e7a que Niter\u00f3i tem como objetivo garantir a alimenta\u00e7\u00e3o da popula\u00e7\u00e3o em vulnerabilidade social.<\/p>\n<p>\u201cA cidade de Niter\u00f3i trabalha com duas frentes de pol\u00edtica de seguran\u00e7a alimentar. Enquanto o Restaurante Popular oferece refei\u00e7\u00f5es prontas (com caf\u00e9 da manh\u00e3 e almo\u00e7o com card\u00e1pio variado), o Banco de Alimentos trabalha com o oferecimento de alimentos para institui\u00e7\u00f5es que prestam trabalhos sociais em diversos pontos da cidade. Para 2023, a Prefeitura de Niter\u00f3i vai inaugurar um novo restaurante popular na zona norte da cidade, que vai beneficiar ainda mais a popula\u00e7\u00e3o que mais necessita\u201d, conta o secret\u00e1rio.<\/p>\n<p>O Restaurante Popular Jorge Amado, no Centro, foi municipalizado e reaberto em 2017, depois que o Estado alegou n\u00e3o conseguir manter o equipamento. O espa\u00e7o oferece uma m\u00e9dia de 2 mil refei\u00e7\u00f5es ao dia e j\u00e1 atingiu a marca de 2.630.408 refei\u00e7\u00f5es servidas desde sua municipaliza\u00e7\u00e3o. S\u00f3 em 2022, mais de 221.305 refei\u00e7\u00f5es j\u00e1 foram servidas no espa\u00e7o, entre caf\u00e9-da-manh\u00e3 e almo\u00e7o. O restaurante atende moradores de Niter\u00f3i e munic\u00edpios vizinhos que v\u00eam se alimentar pelo valor de R$ 2 no almo\u00e7o e o desjejum por R$0,50. O restaurante funciona de segunda a sexta-feira, de 6h \u00e0s 9h, para o caf\u00e9 da manh\u00e3 e, de 11h \u00e0s 15h, para o almo\u00e7o. Al\u00e9m disso, todas as semanas s\u00e3o realizadas atividades de conscientiza\u00e7\u00e3o sobre os benef\u00edcios da alimenta\u00e7\u00e3o saud\u00e1vel, com redu\u00e7\u00e3o de a\u00e7\u00facares e sal. Em parceria com as escolas de nutri\u00e7\u00e3o das universidades Anhanguera e Est\u00e1cio de S\u00e1, s\u00e3o realizadas oficinas com cartilhas informativas, aferi\u00e7\u00e3o de press\u00e3o, verifica\u00e7\u00e3o da glicose, entre outras iniciativas.<\/p>\n<p>O Banco de Alimentos Herbert de Souza trabalha de forma diferente e n\u00e3o faz atendimento direto \u00e0 popula\u00e7\u00e3o. O banco recebe doa\u00e7\u00f5es atrav\u00e9s de parcerias firmadas com redes de supermercados, promotores de eventos, espa\u00e7os p\u00fablicos e a Coordenadoria de Gest\u00e3o de Eventos da Prefeitura de Niter\u00f3i. A partir do que \u00e9 recebido, s\u00e3o montados kits de acordo com as necessidades de cada institui\u00e7\u00e3o conveniada. Algumas das institui\u00e7\u00f5es fazem refei\u00e7\u00f5es e servem no local. O banco de alimentos contempla 23 institui\u00e7\u00f5es que atendem, de forma direta ou indireta, quase 2.600 pessoas entre crian\u00e7as, adolescentes, adultos, idosos e fam\u00edlias pr\u00e9-cadastradas, por m\u00eas.<\/p>\n<p>Em 2021, apesar da pandemia, a administra\u00e7\u00e3o do banco de alimentos veio refor\u00e7ando as parcerias com comerciantes da cidade sejam de pequeno ou grande porte, para aumentar a arrecada\u00e7\u00e3o que passou das 85 toneladas. Esse quantitativo est\u00e1 diretamente relacionado ao conv\u00eanio firmado com o Ceasa-RJ e o Banco de Alimentos, que atrav\u00e9s do PAA (Programa de Aquisi\u00e7\u00e3o de Alimentos), fornece aproximadamente 1,5 toneladas de alimentos da agricultura familiar de quinze em quinze dias.<\/p>\n<p>\u201cEstamos abertos \u00e0s parcerias, desde os grandes hipermercados aos mercadinhos de bairro. Recebemos produtos com avarias, que est\u00e3o pr\u00f3prios para consumo, mas que, por alguns pequenos defeitos na embalagem, como um furo ou um amassado, acabam n\u00e3o sendo vendidos. O mesmo vale para produtos que est\u00e3o perto da data de vencimento. Dessa forma a gente consegue dar uma destina\u00e7\u00e3o para eles. Assim, combatemos o desperd\u00edcio e contribu\u00edmos para a alimenta\u00e7\u00e3o de muitas fam\u00edlias\u201d, frisou o subsecret\u00e1rio de Seguran\u00e7a Alimentar e Nutricional do munic\u00edpio, Igor Barcellos.<\/p>\n<p><strong>Confer\u00eancia Municipal de Seguran\u00e7a Alimentar<\/strong><\/p>\n<p>Nos dias 3 e 4 de junho, Niter\u00f3i foi sede da 5\u00aa Confer\u00eancia Municipal de Seguran\u00e7a Alimentar e Nutricional, que debateu o tema \u201cAlimenta\u00e7\u00e3o sustent\u00e1vel com gera\u00e7\u00e3o de emprego e renda: da produ\u00e7\u00e3o \u00e0 mesa, no combate \u00e0 fome e ao desperd\u00edcio\u201d. O encontro, organizado pela Secretaria Municipal de Assist\u00eancia Social e Economia Solid\u00e1ria, reuniu mais de 180 pessoas na busca pelo di\u00e1logo com os desafios relacionados \u00e0 produ\u00e7\u00e3o, sustentabilidade e gera\u00e7\u00e3o de emprego e renda como mecanismos para combater a fome. A confer\u00eancia, al\u00e9m de eleger novos conselheiros para o Conselho Municipal de Seguran\u00e7a Alimentar e Nutricional (Comsea), tamb\u00e9m elencou diretrizes para atualiza\u00e7\u00e3o do Plano Municipal de Seguran\u00e7a Alimentar e Nutricional.<\/p>\n<p>O encontro serviu tamb\u00e9m para fortalecer as iniciativas da gest\u00e3o municipal que atualmente busca impulsionar as iniciativas de educa\u00e7\u00e3o alimentar e nutricional das escolas p\u00fablicas do munic\u00edpio, com capacita\u00e7\u00f5es para pais e alunos sobre h\u00e1bitos alimentares saud\u00e1veis. Al\u00e9m disso, a Funda\u00e7\u00e3o Municipal de Educa\u00e7\u00e3o realiza um chamamento p\u00fablico para compra de alimentos da agricultura familiar e agroecol\u00f3gica de Niter\u00f3i. Essa iniciativa vem de encontro com o fortalecimento da rede produtora de alimentos do munic\u00edpio. Essa realiza\u00e7\u00e3o \u00e9 fruto do esfor\u00e7o da Secretaria de Meio Ambiente e Recursos H\u00eddricos, que busca regularizar a atividade dos produtores no munic\u00edpio, tornando-os eleg\u00edveis para fornecer alimentos frescos para alimenta\u00e7\u00e3o escolar.<\/p>\n<p>O setor de sa\u00fade, no \u00e2mbito da Aten\u00e7\u00e3o Prim\u00e1ria, tamb\u00e9m vem implementando a Vigil\u00e2ncia Alimentar e Nutricional com o objetivo de realizar o diagn\u00f3stico e an\u00e1lise cont\u00ednua da situa\u00e7\u00e3o alimentar e nutricional da popula\u00e7\u00e3o atendida no Sistema \u00danico de Sa\u00fade \u2013 SUS, subsidiando os gestores e profissionais para a organiza\u00e7\u00e3o de estrat\u00e9gias de preven\u00e7\u00e3o e tratamento dos agravos, assim como, o desenvolvimento de a\u00e7\u00f5es de promo\u00e7\u00e3o da sa\u00fade e de seguran\u00e7a alimentar e nutricional. Dessa forma, o munic\u00edpio de Niter\u00f3i desponta como refer\u00eancia na constru\u00e7\u00e3o de pol\u00edticas p\u00fablicas de Seguran\u00e7a Alimentar e Nutricional no Estado do Rio de Janeiro.<\/p>\n<p><strong>Sobre o banco de alimentos<\/strong>\u00a0\u2013 Para se cadastrar, representantes de institui\u00e7\u00f5es que atendem pessoas em situa\u00e7\u00e3o de vulnerabilidade social devem comparecer \u00e0 sede na Rua Padre Anchieta, 65, Centro. Al\u00e9m dos documentos necess\u00e1rios, a institui\u00e7\u00e3o precisa ser cadastrada no Conselho da \u00e1rea de atua\u00e7\u00e3o (crian\u00e7a e adolescente, idoso, etc), no Conselho Municipal de Assist\u00eancia Social do munic\u00edpio, e ter inscri\u00e7\u00e3o no Cadastro Nacional da Pessoa Jur\u00eddica (CNPJ) e possuir cozinha para manipular e cozinhar os alimentos doados. Informa\u00e7\u00f5es pelo\u00a0<a href=\"mailto:bancodealimentos@smases.niteroi.rj.gov.br\" target=\"_blank\" rel=\"noreferrer noopener\">bancodealimentos@smases.niteroi.rj.gov.br<\/a>.<\/p>\n<!-- AddThis Advanced Settings generic via filter on the_content --><!-- AddThis Share Buttons generic via filter on the_content -->","protected":false},"excerpt":{"rendered":"<p>Gest\u00e3o pedetista pretende inaugurar um novo restaurante popular na Zona Norte No dia 7 de junho \u00e9 comemorado o Dia Mundial da Seguran\u00e7a dos Alimentos e a prefeitura de Niter\u00f3i, administrada pelo PDT, tem uma pol\u00edtica de seguran\u00e7a alimentar estabelecida com duas grandes frentes de fornecimento de alimentos \u00e0 popula\u00e7\u00e3o: o Restaurante Popular Jorge Amado&#8230;<!-- AddThis Advanced Settings generic via filter on wp_trim_excerpt --><!-- AddThis Share Buttons generic via filter on wp_trim_excerpt --><\/p>\n","protected":false},"author":17,"featured_media":82287,"comment_status":"closed","ping_status":"closed","sticky":false,"template":"","format":"standard","meta":{"_monsterinsights_skip_tracking":false,"_monsterinsights_sitenote_active":false,"_monsterinsights_sitenote_note":"","_monsterinsights_sitenote_category":0,"_uf_show_specific_survey":0,"_uf_disable_surveys":false,"footnotes":""},"categories":[1390,1402],"tags":[],"class_list":["post-82286","post","type-post","status-publish","format-standard","has-post-thumbnail","hentry","category-editorias","category-cidades"],"acf":[],"_links":{"self":[{"href":"https:\/\/pdt-rj.org.br\/index.php\/wp-json\/wp\/v2\/posts\/82286","targetHints":{"allow":["GET"]}}],"collection":[{"href":"https:\/\/pdt-rj.org.br\/index.php\/wp-json\/wp\/v2\/posts"}],"about":[{"href":"https:\/\/pdt-rj.org.br\/index.php\/wp-json\/wp\/v2\/types\/post"}],"author":[{"embeddable":true,"href":"https:\/\/pdt-rj.org.br\/index.php\/wp-json\/wp\/v2\/users\/17"}],"replies":[{"embeddable":true,"href":"https:\/\/pdt-rj.org.br\/index.php\/wp-json\/wp\/v2\/comments?post=82286"}],"version-history":[{"count":3,"href":"https:\/\/pdt-rj.org.br\/index.php\/wp-json\/wp\/v2\/posts\/82286\/revisions"}],"predecessor-version":[{"id":82293,"href":"https:\/\/pdt-rj.org.br\/index.php\/wp-json\/wp\/v2\/posts\/82286\/revisions\/82293"}],"wp:featuredmedia":[{"embeddable":true,"href":"https:\/\/pdt-rj.org.br\/index.php\/wp-json\/wp\/v2\/media\/82287"}],"wp:attachment":[{"href":"https:\/\/pdt-rj.org.br\/index.php\/wp-json\/wp\/v2\/media?parent=82286"}],"wp:term":[{"taxonomy":"category","embeddable":true,"href":"https:\/\/pdt-rj.org.br\/index.php\/wp-json\/wp\/v2\/categories?post=82286"},{"taxonomy":"post_tag","embeddable":true,"href":"https:\/\/pdt-rj.org.br\/index.php\/wp-json\/wp\/v2\/tags?post=82286"}],"curies":[{"name":"wp","href":"https:\/\/api.w.org\/{rel}","templated":true}]}}