{"id":82273,"date":"2022-06-07T14:53:05","date_gmt":"2022-06-07T17:53:05","guid":{"rendered":"https:\/\/pdt-rj.org.br\/?p=82273"},"modified":"2022-06-13T15:24:26","modified_gmt":"2022-06-13T18:24:26","slug":"martha-rocha-por-mais-mulheres-na-politica","status":"publish","type":"post","link":"https:\/\/pdt-rj.org.br\/index.php\/martha-rocha-por-mais-mulheres-na-politica\/","title":{"rendered":"Martha Rocha: \u201cPor mais mulheres na pol\u00edtica\u201d"},"content":{"rendered":"<p><strong>O fato \u00e9: n\u00e3o haver\u00e1 mudan\u00e7as para melhor sem as mulheres na linha de frente. A mulher precisa e deve, cada vez mais, participar da vida pol\u00edtica como protagonista das suas reivindica\u00e7\u00f5es<\/strong><\/p>\n<p>Mesmo com avan\u00e7os nos \u00faltimos anos, em que importantes pautas femininas ganharam destaque no cen\u00e1rio pol\u00edtico, como viol\u00eancia de g\u00eanero, carreira, maternidade e equipara\u00e7\u00e3o salarial, as mulheres ainda n\u00e3o t\u00eam a devida representatividade na pol\u00edtica. E a matem\u00e1tica \u00e9 simples: enquanto elas n\u00e3o fizerem parte destes espa\u00e7os, suas demandas ser\u00e3o deixadas em segundo plano.<\/p>\n<p>Reconhecer a necessidade da mulher na pol\u00edtica \u00e9 antes de mais nada um movimento necess\u00e1rio para equilibrar vis\u00f5es e reduzir as desigualdades sociais e de g\u00eanero. As mulheres, naturalmente, trazem novas narrativas e um olhar mais cuidadoso e democr\u00e1tico sobre quest\u00f5es p\u00fablicas que afetam o cotidiano de todos n\u00f3s.<\/p>\n<p>A equidade de g\u00eanero na pol\u00edtica, no entanto, \u00e9 importante n\u00e3o apenas para as mulheres; tem tamb\u00e9m reflexo positivo para toda a sociedade. E quando eu falo em pol\u00edtica n\u00e3o estou me referindo apenas aos cargos do Legislativo ou Executivo. A mulher pode ser o que ela quiser. Sem mandato eletivo, ela pode participar politicamente de associa\u00e7\u00f5es, de organiza\u00e7\u00f5es n\u00e3o governamentais ou de movimentos populares. O importante \u00e9 ocupar espa\u00e7os de poder e de voz.<\/p>\n<p>\u00c9 percept\u00edvel que a participa\u00e7\u00e3o feminina nestes lugares vem aumentando, mas ainda precisamos progredir muito. A tarefa n\u00e3o \u00e9 nada f\u00e1cil, mas acredito que a \u00fanica forma que as mulheres t\u00eam de conquistar o protagonismo \u00e9 mostrando que est\u00e3o conscientes do seu papel.<\/p>\n<p>Em fevereiro deste ano, comemoramos os 90 anos da conquista do voto feminino no Brasil. Mas a vit\u00f3ria do voto passou longe de representar uma igualdade mais efetiva entre homens e mulheres no cen\u00e1rio da pol\u00edtica.<\/p>\n<p>A representa\u00e7\u00e3o das mulheres continua terrivelmente desproporcional nos parlamentos e nos cargos executivos. Segundo a ONU Mulheres (Entidade das Na\u00e7\u00f5es Unidas para a Igualdade de G\u00eanero e o Empoderamento da Mulheres) e o Pnud (Programa das Na\u00e7\u00f5es Unidas para o Desenvolvimento), o Brasil ocupa o antepen\u00faltimo lugar entre pa\u00edses latino-americanos no ranking de paridade pol\u00edtica entre homens e mulheres. O mais curioso desse resultado \u00e9 que as mulheres somam 51,8% da popula\u00e7\u00e3o brasileira.<\/p>\n<p>Sem d\u00favida, ainda existe um longo caminho a percorrer, mas alguns temas relevantes sa\u00edram do papel: o pa\u00eds instituiu o crime de feminic\u00eddio como lei em 2015 e a Lei Maria da Penha vai completar 16 anos. As duas legisla\u00e7\u00f5es s\u00e3o um marco no combate \u00e0 viol\u00eancia de g\u00eanero e uma prova de que n\u00e3o podemos desistir de refor\u00e7ar cada vez mais a democracia.<\/p>\n<p>O fato \u00e9: n\u00e3o haver\u00e1 mudan\u00e7as para melhor sem as mulheres na linha de frente. A mulher precisa e deve, cada vez mais, participar da vida pol\u00edtica como protagonista das suas reivindica\u00e7\u00f5es. O fortalecimento entre as mulheres \u00e9 a principal forma de se chegar a uma pol\u00edtica de qualidade para toda popula\u00e7\u00e3o.<\/p>\n<p><strong>*Martha Rocha \u00e9 deputada estadual pelo PDT do Rio de Janeiro.<\/strong><\/p>\n<!-- AddThis Advanced Settings generic via filter on the_content --><!-- AddThis Share Buttons generic via filter on the_content -->","protected":false},"excerpt":{"rendered":"<p>O fato \u00e9: n\u00e3o haver\u00e1 mudan\u00e7as para melhor sem as mulheres na linha de frente. A mulher precisa e deve, cada vez mais, participar da vida pol\u00edtica como protagonista das suas reivindica\u00e7\u00f5es Mesmo com avan\u00e7os nos \u00faltimos anos, em que importantes pautas femininas ganharam destaque no cen\u00e1rio pol\u00edtico, como viol\u00eancia de g\u00eanero, carreira, maternidade e&#8230;<!-- AddThis Advanced Settings generic via filter on wp_trim_excerpt --><!-- AddThis Share Buttons generic via filter on wp_trim_excerpt --><\/p>\n","protected":false},"author":17,"featured_media":82277,"comment_status":"closed","ping_status":"closed","sticky":false,"template":"","format":"standard","meta":{"_monsterinsights_skip_tracking":false,"_monsterinsights_sitenote_active":false,"_monsterinsights_sitenote_note":"","_monsterinsights_sitenote_category":0,"_uf_show_specific_survey":0,"_uf_disable_surveys":false,"footnotes":""},"categories":[1584,1390],"tags":[],"class_list":["post-82273","post","type-post","status-publish","format-standard","has-post-thumbnail","hentry","category-artigos","category-editorias"],"acf":[],"_links":{"self":[{"href":"https:\/\/pdt-rj.org.br\/index.php\/wp-json\/wp\/v2\/posts\/82273","targetHints":{"allow":["GET"]}}],"collection":[{"href":"https:\/\/pdt-rj.org.br\/index.php\/wp-json\/wp\/v2\/posts"}],"about":[{"href":"https:\/\/pdt-rj.org.br\/index.php\/wp-json\/wp\/v2\/types\/post"}],"author":[{"embeddable":true,"href":"https:\/\/pdt-rj.org.br\/index.php\/wp-json\/wp\/v2\/users\/17"}],"replies":[{"embeddable":true,"href":"https:\/\/pdt-rj.org.br\/index.php\/wp-json\/wp\/v2\/comments?post=82273"}],"version-history":[{"count":2,"href":"https:\/\/pdt-rj.org.br\/index.php\/wp-json\/wp\/v2\/posts\/82273\/revisions"}],"predecessor-version":[{"id":82356,"href":"https:\/\/pdt-rj.org.br\/index.php\/wp-json\/wp\/v2\/posts\/82273\/revisions\/82356"}],"wp:featuredmedia":[{"embeddable":true,"href":"https:\/\/pdt-rj.org.br\/index.php\/wp-json\/wp\/v2\/media\/82277"}],"wp:attachment":[{"href":"https:\/\/pdt-rj.org.br\/index.php\/wp-json\/wp\/v2\/media?parent=82273"}],"wp:term":[{"taxonomy":"category","embeddable":true,"href":"https:\/\/pdt-rj.org.br\/index.php\/wp-json\/wp\/v2\/categories?post=82273"},{"taxonomy":"post_tag","embeddable":true,"href":"https:\/\/pdt-rj.org.br\/index.php\/wp-json\/wp\/v2\/tags?post=82273"}],"curies":[{"name":"wp","href":"https:\/\/api.w.org\/{rel}","templated":true}]}}