{"id":82265,"date":"2022-06-07T10:49:39","date_gmt":"2022-06-07T13:49:39","guid":{"rendered":"https:\/\/pdt-rj.org.br\/?p=82265"},"modified":"2022-06-09T11:05:29","modified_gmt":"2022-06-09T14:05:29","slug":"rodrigo-neves-detalha-plano-de-governo-do-pdt-no-noroeste-fluminense","status":"publish","type":"post","link":"https:\/\/pdt-rj.org.br\/index.php\/rodrigo-neves-detalha-plano-de-governo-do-pdt-no-noroeste-fluminense\/","title":{"rendered":"Rodrigo Neves detalha plano de governo do PDT no Noroeste Fluminense"},"content":{"rendered":"<p><strong>Pr\u00e9-candidato ao Pal\u00e1cio Guanabara aponta educa\u00e7\u00e3o, emprego e infraestrutura como prioridades da sua gest\u00e3o<\/strong><\/p>\n<p>O pr\u00e9-candidato a governador do Rio de Janeiro pelo PDT, Rodrigo Neves, pegou a estrada rumo ao Noroeste Fluminense, nesta segunda-feira (6), onde tem encontros com lideran\u00e7as pol\u00edticas, militantes e apoiadores ao longo dos pr\u00f3ximos dois dias. Na pauta, a recupera\u00e7\u00e3o do estado a partir do plano de governo trabalhista \u201cO Rio que queremos\u201d.<\/p>\n<p>A primeira parada foi em Santo Ant\u00f4nio de P\u00e1dua. Ao lado do presidente do partido, Assef Nacif, Neves indicou que pretende encerrar o per\u00edodo de abandono &#8211; gerado pelas \u00faltimas gest\u00f5es do Pal\u00e1cio Guanabara &#8211; atrav\u00e9s de uma gest\u00e3o eficiente, respons\u00e1vel e comprometida com o desenvolvimento econ\u00f4mico socialmente respons\u00e1vel.<\/p>\n<p>\u201cEsta \u00e9 uma regi\u00e3o linda, que tem um potencial econ\u00f4mico enorme, e, contudo, sofre pelo esquecimento por parte do governo do estado. Por exemplo, n\u00e3o \u00e9 admiss\u00edvel que 80% do territ\u00f3rio do Noroeste do nosso estado n\u00e3o tenha\u00a0\u00e1gua e esgoto tratados\u201d, comentou Neves.<\/p>\n<p>A educa\u00e7\u00e3o recebeu destaque nos debates, a partir da exalta\u00e7\u00e3o do legado de Leonel Brizola e Darcy Ribeiro, que ser\u00e1 resgatado e aprimorado.<\/p>\n<p>\u201c\u00c9 preciso ter uma presen\u00e7a forte da UERJ no Noroeste, um polo universit\u00e1rio forte e robusto, \u00e0 altura do que Darcy Ribeiro pensou para o Norte Fluminense quando criou a Universidade Estadual do Norte Fluminense. A UENF e a UERJ precisam estar aqui potentes. O s\u00e9culo 21 \u00e9 o s\u00e9culo da sociedade do conhecimento. As cidades, os estados, os pa\u00edses que n\u00e3o investirem em Educa\u00e7\u00e3o, Ci\u00eancia, Tecnologia e Inova\u00e7\u00e3o v\u00e3o ficar para tr\u00e1s\u201d, alertou.<\/p>\n<p><img loading=\"lazy\" decoding=\"async\" class=\"size-full wp-image-82267 aligncenter\" src=\"https:\/\/pdt-rj.org.br\/wp-content\/uploads\/2022\/06\/WhatsApp-Image-2022-06-07-at-10.28.54-1.jpeg\" alt=\"\" width=\"587\" height=\"391\" srcset=\"https:\/\/pdt-rj.org.br\/wp-content\/uploads\/2022\/06\/WhatsApp-Image-2022-06-07-at-10.28.54-1.jpeg 587w, https:\/\/pdt-rj.org.br\/wp-content\/uploads\/2022\/06\/WhatsApp-Image-2022-06-07-at-10.28.54-1-300x200.jpeg 300w, https:\/\/pdt-rj.org.br\/wp-content\/uploads\/2022\/06\/WhatsApp-Image-2022-06-07-at-10.28.54-1-100x67.jpeg 100w, https:\/\/pdt-rj.org.br\/wp-content\/uploads\/2022\/06\/WhatsApp-Image-2022-06-07-at-10.28.54-1-135x90.jpeg 135w\" sizes=\"auto, (max-width: 587px) 100vw, 587px\" \/><\/p>\n<p>Em visita \u00e0 Companhia Paduana de Pap\u00e9is (Copapa), acompanhado pelo ex-prefeito da cidade Josias Quintal e por outras lideran\u00e7as pol\u00edticas da regi\u00e3o, Rodrigo Neves ouviu as demandas do setor.<\/p>\n<p>\u201cA ind\u00fastria carece de pol\u00edticas p\u00fablicas eficazes para se desenvolver e gerar ainda mais empregos e renda. \u00c9 preciso oferecer infraestrutura, energia e g\u00e1s; assim como a popula\u00e7\u00e3o em geral, o setor produtivo tamb\u00e9m precisa de boas estradas por onde a produ\u00e7\u00e3o \u00e9 escoada, para melhorar a log\u00edstica de distribui\u00e7\u00e3o. \u00c9 preciso induzir o ensino t\u00e9cnico profissionalizante, entre tantas outras coisas a fazer\u201d, listou Neves.<\/p>\n<p>O ex-prefeito de Niter\u00f3i visitou ainda Laje do Muria\u00e9 e Miracema. Na segunda cidade, Rodrigo Neves criticou a falta de investimentos do atual governo em uma regi\u00e3o que apresenta um expressivo potencial.<\/p>\n<p>\u201cMiracema tem o melhor \u00cdndice de Desenvolvimento da Educa\u00e7\u00e3o B\u00e1sica (IDEB) de todo estado do Rio de Janeiro. Esse exemplo precisa ser seguido por todas as cidades do Rio de Janeiro. Infelizmente o Governo do Estado n\u00e3o d\u00e1 a devida aten\u00e7\u00e3o para essa regi\u00e3o que tem um grande potencial e pode contribuir muito para essa reconstru\u00e7\u00e3o\u201d, comentou o pedetista.<\/p>\n<p>Durante as agendas, Neves tamb\u00e9m foi prestigiado pelos presidentes do partido em Cambuci, Nilson da Silva; S\u00e3o Fid\u00e9lis, Vitor; de Ub\u00e1, Jo\u00e3o Paulo, e de Miracema, Geraldinho, bem como os pr\u00e9-candidatos Vitor J\u00fanior, Mayara Brand\u00e3o e Dani Pinheiro.<\/p>\n<!-- AddThis Advanced Settings generic via filter on the_content --><!-- AddThis Share Buttons generic via filter on the_content -->","protected":false},"excerpt":{"rendered":"<p>Pr\u00e9-candidato ao Pal\u00e1cio Guanabara aponta educa\u00e7\u00e3o, emprego e infraestrutura como prioridades da sua gest\u00e3o O pr\u00e9-candidato a governador do Rio de Janeiro pelo PDT, Rodrigo Neves, pegou a estrada rumo ao Noroeste Fluminense, nesta segunda-feira (6), onde tem encontros com lideran\u00e7as pol\u00edticas, militantes e apoiadores ao longo dos pr\u00f3ximos dois dias. Na pauta, a recupera\u00e7\u00e3o&#8230;<!-- AddThis Advanced Settings generic via filter on wp_trim_excerpt --><!-- AddThis Share Buttons generic via filter on wp_trim_excerpt --><\/p>\n","protected":false},"author":17,"featured_media":82266,"comment_status":"closed","ping_status":"closed","sticky":false,"template":"","format":"standard","meta":{"_monsterinsights_skip_tracking":false,"_monsterinsights_sitenote_active":false,"_monsterinsights_sitenote_note":"","_monsterinsights_sitenote_category":0,"_uf_show_specific_survey":0,"_uf_disable_surveys":false,"footnotes":""},"categories":[1390,5414,5415],"tags":[],"class_list":["post-82265","post","type-post","status-publish","format-standard","has-post-thumbnail","hentry","category-editorias","category-estado","category-rodrigo-neves"],"acf":[],"_links":{"self":[{"href":"https:\/\/pdt-rj.org.br\/index.php\/wp-json\/wp\/v2\/posts\/82265","targetHints":{"allow":["GET"]}}],"collection":[{"href":"https:\/\/pdt-rj.org.br\/index.php\/wp-json\/wp\/v2\/posts"}],"about":[{"href":"https:\/\/pdt-rj.org.br\/index.php\/wp-json\/wp\/v2\/types\/post"}],"author":[{"embeddable":true,"href":"https:\/\/pdt-rj.org.br\/index.php\/wp-json\/wp\/v2\/users\/17"}],"replies":[{"embeddable":true,"href":"https:\/\/pdt-rj.org.br\/index.php\/wp-json\/wp\/v2\/comments?post=82265"}],"version-history":[{"count":4,"href":"https:\/\/pdt-rj.org.br\/index.php\/wp-json\/wp\/v2\/posts\/82265\/revisions"}],"predecessor-version":[{"id":82309,"href":"https:\/\/pdt-rj.org.br\/index.php\/wp-json\/wp\/v2\/posts\/82265\/revisions\/82309"}],"wp:featuredmedia":[{"embeddable":true,"href":"https:\/\/pdt-rj.org.br\/index.php\/wp-json\/wp\/v2\/media\/82266"}],"wp:attachment":[{"href":"https:\/\/pdt-rj.org.br\/index.php\/wp-json\/wp\/v2\/media?parent=82265"}],"wp:term":[{"taxonomy":"category","embeddable":true,"href":"https:\/\/pdt-rj.org.br\/index.php\/wp-json\/wp\/v2\/categories?post=82265"},{"taxonomy":"post_tag","embeddable":true,"href":"https:\/\/pdt-rj.org.br\/index.php\/wp-json\/wp\/v2\/tags?post=82265"}],"curies":[{"name":"wp","href":"https:\/\/api.w.org\/{rel}","templated":true}]}}