{"id":82259,"date":"2022-06-06T15:00:10","date_gmt":"2022-06-06T18:00:10","guid":{"rendered":"https:\/\/pdt-rj.org.br\/?p=82259"},"modified":"2022-06-06T15:00:47","modified_gmt":"2022-06-06T18:00:47","slug":"proposta-de-chico-dangelo-tipifica-como-infracao-grave-abandonar-veiculo-em-via-publica","status":"publish","type":"post","link":"https:\/\/pdt-rj.org.br\/index.php\/proposta-de-chico-dangelo-tipifica-como-infracao-grave-abandonar-veiculo-em-via-publica\/","title":{"rendered":"Proposta de Chico D\u2019Angelo tipifica como infra\u00e7\u00e3o grave abandonar ve\u00edculo em via p\u00fablica"},"content":{"rendered":"<p><strong>Parlamentar do PDT explica que medida vai contribui para o &#8220;exerc\u00edcio do direito do tr\u00e2nsito seguro&#8221;<\/strong><\/p>\n<p>Projeto de Lei (PL 1341\/22), do deputado pedetista fluminense\u00a0Chico D\u2019Angelo, insere ao C\u00f3digo de Tr\u00e2nsito Brasileiro (Lei 9.503\/97) dispositivo para tornar grave a infra\u00e7\u00e3o por abandono de ve\u00edculos nas vias terrestres urbanas e rurais.<\/p>\n<p>Considera ainda como estado de abandono partes que comp\u00f5em o autom\u00f3vel: sucatas inserv\u00edveis, carca\u00e7as, chassis entre outras. O texto tamb\u00e9m prev\u00ea pena de multa, medida administrativa e a remo\u00e7\u00e3o do ve\u00edculo.<\/p>\n<p>A proposta define ve\u00edculo em estado de abandono aquele parado em vias urbanas ou rurais incapazes de se locomoverem devido ao estado de conserva\u00e7\u00e3o e processo de deteriora\u00e7\u00e3o e que ofere\u00e7a risco \u00e0 sa\u00fade p\u00fablica, ao meio ambiente e \u00e0 seguran\u00e7a p\u00fablica, independentemente de encontrar-se estacionado em local permitido.<\/p>\n<p>Chico D\u2019Angelo explica que a medida vai \u201ccontribuir para a execu\u00e7\u00e3o e manuten\u00e7\u00e3o de programas, projetos e servi\u00e7os que garantam o exerc\u00edcio do direito do tr\u00e2nsito seguro assim como o direito \u00e0 mobilidade urbana eficiente\u201d.<\/p>\n<!-- AddThis Advanced Settings generic via filter on the_content --><!-- AddThis Share Buttons generic via filter on the_content -->","protected":false},"excerpt":{"rendered":"<p>Parlamentar do PDT explica que medida vai contribui para o &#8220;exerc\u00edcio do direito do tr\u00e2nsito seguro&#8221; Projeto de Lei (PL 1341\/22), do deputado pedetista fluminense\u00a0Chico D\u2019Angelo, insere ao C\u00f3digo de Tr\u00e2nsito Brasileiro (Lei 9.503\/97) dispositivo para tornar grave a infra\u00e7\u00e3o por abandono de ve\u00edculos nas vias terrestres urbanas e rurais. Considera ainda como estado de&#8230;<!-- AddThis Advanced Settings generic via filter on wp_trim_excerpt --><!-- AddThis Share Buttons generic via filter on wp_trim_excerpt --><\/p>\n","protected":false},"author":17,"featured_media":82260,"comment_status":"closed","ping_status":"closed","sticky":false,"template":"","format":"standard","meta":{"_monsterinsights_skip_tracking":false,"_monsterinsights_sitenote_active":false,"_monsterinsights_sitenote_note":"","_monsterinsights_sitenote_category":0,"_uf_show_specific_survey":0,"_uf_disable_surveys":false,"footnotes":""},"categories":[1390,1401],"tags":[],"class_list":["post-82259","post","type-post","status-publish","format-standard","has-post-thumbnail","hentry","category-editorias","category-nacional"],"acf":[],"_links":{"self":[{"href":"https:\/\/pdt-rj.org.br\/index.php\/wp-json\/wp\/v2\/posts\/82259","targetHints":{"allow":["GET"]}}],"collection":[{"href":"https:\/\/pdt-rj.org.br\/index.php\/wp-json\/wp\/v2\/posts"}],"about":[{"href":"https:\/\/pdt-rj.org.br\/index.php\/wp-json\/wp\/v2\/types\/post"}],"author":[{"embeddable":true,"href":"https:\/\/pdt-rj.org.br\/index.php\/wp-json\/wp\/v2\/users\/17"}],"replies":[{"embeddable":true,"href":"https:\/\/pdt-rj.org.br\/index.php\/wp-json\/wp\/v2\/comments?post=82259"}],"version-history":[{"count":2,"href":"https:\/\/pdt-rj.org.br\/index.php\/wp-json\/wp\/v2\/posts\/82259\/revisions"}],"predecessor-version":[{"id":82262,"href":"https:\/\/pdt-rj.org.br\/index.php\/wp-json\/wp\/v2\/posts\/82259\/revisions\/82262"}],"wp:featuredmedia":[{"embeddable":true,"href":"https:\/\/pdt-rj.org.br\/index.php\/wp-json\/wp\/v2\/media\/82260"}],"wp:attachment":[{"href":"https:\/\/pdt-rj.org.br\/index.php\/wp-json\/wp\/v2\/media?parent=82259"}],"wp:term":[{"taxonomy":"category","embeddable":true,"href":"https:\/\/pdt-rj.org.br\/index.php\/wp-json\/wp\/v2\/categories?post=82259"},{"taxonomy":"post_tag","embeddable":true,"href":"https:\/\/pdt-rj.org.br\/index.php\/wp-json\/wp\/v2\/tags?post=82259"}],"curies":[{"name":"wp","href":"https:\/\/api.w.org\/{rel}","templated":true}]}}