{"id":82250,"date":"2022-06-06T13:21:52","date_gmt":"2022-06-06T16:21:52","guid":{"rendered":"https:\/\/pdt-rj.org.br\/?p=82250"},"modified":"2022-06-08T10:30:42","modified_gmt":"2022-06-08T13:30:42","slug":"david-miranda-cita-leonel-brizola-ao-celebrar-dia-do-meio-ambiente","status":"publish","type":"post","link":"https:\/\/pdt-rj.org.br\/index.php\/david-miranda-cita-leonel-brizola-ao-celebrar-dia-do-meio-ambiente\/","title":{"rendered":"David Miranda cita Leonel Brizola ao celebrar Dia do Meio Ambiente"},"content":{"rendered":"<p><strong>&#8220;Minha proposta \u00e9 resgat\u00e1-lo com a devida participa\u00e7\u00e3o popular&#8221;, frisa deputado federal do PDT<\/strong><\/p>\n<p class=\"x_MsoNormal\">O deputado federal David Miranda (PDT-RJ) celebrou o Dia Mundial do Meio Ambiente, neste domingo (5), divulgando <a href=\"https:\/\/twitter.com\/davidmirandario\/status\/1533446788094562304?s=20&amp;t=27OuwrB1WOKCh05oW2iIPA\">v\u00eddeo<\/a> com depoimentos de ex-pescadores da Ba\u00eda de Guanabara que hoje, para sobreviverem, trocaram a pesca artesanal pelo recolhimento do lixo que se acumula h\u00e1 d\u00e9cadas na regi\u00e3o \u2013 uma das mais bonitas do Brasil e que batizou o estado e a cidade do Rio de Janeiro. No conte\u00fado, Miranda registra tamb\u00e9m que no in\u00edcio dos anos 90 o ent\u00e3o governador Leonel Brizola deixou pronto, como legado aos fluminenses, o projeto de Despolui\u00e7\u00e3o da Ba\u00eda de Guanabara (PDG) \u2013 e contratados os recursos necess\u00e1rios \u2013 projeto que, infelizmente, n\u00e3o foi executado por seus sucessores.<\/p>\n<p class=\"x_MsoNormal\">\u00a0David Miranda, que \u00e9 jornalista, destaca no v\u00eddeo que &#8220;h\u00e1 mais de 30 anos ouvimos falar na despolui\u00e7\u00e3o da Ba\u00eda de Guanabara, mas basta olharmos ao nosso redor para constatar que avan\u00e7amos muito pouco e, por isto, neste Dia do Meio Ambiente, precisamos encampar a luta pela retomada de um programa de despolui\u00e7\u00e3o da ba\u00eda&#8221; nos moldes do que foi planejado pelo governo Brizola, no passado.<\/p>\n<p class=\"x_MsoNormal\">Segundo Miranda, o projeto detalhado ao longo dos anos do 2\u00b0 governo Brizola, iniciado por conta da realiza\u00e7\u00e3o da Rio 92, a confer\u00eancia mundial das Na\u00e7\u00f5es Unidas para o Meio Ambiente ocorrida no Rio de Janeiro, precisa ser atualizado.<\/p>\n<p class=\"x_MsoNormal\">&#8220;Minha proposta \u00e9 resgat\u00e1-lo com a devida participa\u00e7\u00e3o popular&#8221;, frisa no v\u00eddeo, destacando que \u00e9 preciso \u00a0&#8220;salvar o ecossistema da ba\u00eda de Guanabara e os 30 botos sobreviventes que ainda vivem nele&#8221;, botos que s\u00e3o o s\u00edmbolos do Rio e fazem parte da bandeira da cidade.<\/p>\n<p class=\"x_MsoNormal\">O Programa de Despolui\u00e7\u00e3o da Ba\u00eda de Guanabara, com aportes do Banco Interamericano de Desenvolvimento (BID) e da Japan Internacional Cooperation Agency (JICA), do Jap\u00e3o, teve por base o trabalho de despolui\u00e7\u00e3o da ba\u00eda de T\u00f3quio, um sucesso, e a decis\u00e3o de Brizola de prepara-lo foi tomada logo assim que assumiu pela segunda vez o governo fluminense, em 1991, v\u00e9spera da realiza\u00e7\u00e3o, em 1992, no Rio de Janeiro, da confer\u00eancia mundial das Na\u00e7\u00f5es Unidas para o Meio Ambiente.<\/p>\n<p class=\"x_MsoNormal\">A Rio 92, ou C\u00fapula da Terra, \u00a0\u00e9 considerada uma das mais importantes confer\u00eancias mundiais sobre o Meio Ambiente e reuniu cerca de 180 chefes de estado e de governo no Riocentro, entre os dias 3 e 14 de junho de 1992. Segundo a ONU, nove mil jornalistas de todo o mundo se credenciaram para acompanhar as discuss\u00f5es sobre desenvolvimento sustent\u00e1vel iniciadas em 1972, na Confer\u00eancia de Estocolmo, que resultou na Declara\u00e7\u00e3o de Estocolmo.<\/p>\n<p class=\"x_MsoNormal\">Segundo especialistas, a Rio 92 consolidou uma agenda global para o meio ambiente, fruto de resolu\u00e7\u00e3o aprovada em 1988, no plen\u00e1rio da Assembleia das Na\u00e7\u00f5es Unidas, determinando a realiza\u00e7\u00e3o de uma confer\u00eancia sobre temas ambientais, oportunidade em que o Brasil se ofereceu para sediar o encontro.<\/p>\n<p class=\"x_MsoNormal\">Os temas propostos para o encontro foram prote\u00e7\u00e3o aos solos por meio do combate ao desmatamento, desertifica\u00e7\u00e3o e seca; prote\u00e7\u00e3o da atmosfera, por meio do combate \u00e0s mudan\u00e7as clim\u00e1ticas; prote\u00e7\u00e3o das \u00e1reas oce\u00e2nicas e mar\u00edtimas; conserva\u00e7\u00e3o da diversidade biol\u00f3gica, controle de biotecnologia, controle de dejetos qu\u00edmicos e t\u00f3xicos; erradica\u00e7\u00e3o de agentes patog\u00eanicos e prote\u00e7\u00e3o das condi\u00e7\u00f5es de sa\u00fade.\u00a0 Tamb\u00e9m influenciou a Rio 92 o chamado Relat\u00f3rio Brundtland, documento de 1987, que apontava para o risco de esgotamento dos recursos naturais devido ao modelo econ\u00f4mico adotado pelos pa\u00edses desenvolvidos e em desenvolvimento.<\/p>\n<p class=\"x_MsoNormal\">Em paralelo, cerca de dez mil pessoas se reuniram no F\u00f3rum Global, que ocupou o Aterro do Flamengo, onde a t\u00f4nica das discuss\u00f5es das ONGs girava em torno da necessidade de energias renov\u00e1veis e limpas e lutava contra a energia nuclear, a destina\u00e7\u00e3o do lixo t\u00f3xico, a polui\u00e7\u00e3o do ar, o aquecimento global e o consumo de petr\u00f3leo.<\/p>\n<p class=\"x_MsoNormal\">Brizola n\u00e3o s\u00f3 recepcionou a todos os chefes de Estado que comparecerem \u00e0 Rio 92, como antes mesmo de sua realiza\u00e7\u00e3o, logo ao assumir o governo, deu a partida no programa de despolui\u00e7\u00e3o da Ba\u00eda de Guanabara que, infelizmente, foi abandonado por seus sucessores.<\/p>\n<p style=\"font-weight: 400;\"><strong>Despolui\u00e7\u00e3o da Ba\u00eda de Guanabara\u00a0\u00a0\u00a0 <\/strong><\/p>\n<p style=\"font-weight: 400;\">(\u2026) Bem, estes fatos t\u00eam uma hist\u00f3ria. \u00c9 bom registr\u00e1-la. Ela nasceu num di\u00e1logo, em Montevid\u00e9u, nos primeiros dias de 91. Falava ao Presidente do BID, Dr. Enrique Iglesias, sobre a fraca presen\u00e7a daquela institui\u00e7\u00e3o no Rio de Janeiro. Disse-me ele que reconhecia essa situa\u00e7\u00e3o, ainda mais considerando a pr\u00f3xima realiza\u00e7\u00e3o, no Rio, da grandeconfer\u00eancia mundial ECO-92. Perguntou-me qual seria o projeto de nossa maior prioridade. Indiquei, logo, a despolui\u00e7\u00e3o da Ba\u00eda de Guanabara, ou seja, essencialmente o saneamento da Baixada Fluminense, S\u00e3o Gon\u00e7alo e Niter\u00f3i. J\u00e1 nesta ocasi\u00e3o, o Presidente Iglesias falou de suas esperan\u00e7as em rela\u00e7\u00e3o a financiamentos do Jap\u00e3o, dadas as limita\u00e7\u00f5es do BID. Naquele mesmo momento, sugeri que o BID ampliasse sua coopera\u00e7\u00e3o, reunindo os financiamentos numprograma \u00fanico para despoluir o Rio Tiet\u00ea, bem como o Rio Gua\u00edba, no Sul. Assim, ter\u00edamos a necess\u00e1ria base de sustenta\u00e7\u00e3o pol\u00edtica para aprova\u00e7\u00e3o e apoio do Governo brasileiro. A\u00ed nasceu este grande programa que contou logo aseguir com um coordenador eficiente e pertinaz, o Dr. Paulo Renato de Souza, gerente-geral do BID. Perfazem, neste momento, estes financiamentos \u2013 somando os do BID e os do Jap\u00e3o \u2013 1 bilh\u00e3o de 890 milh\u00f5es de d\u00f3lares. (\u2026) \u2013 <strong>T\u00f3pico do Tijola\u00e7o n\u00famero 91, de 14 de mar\u00e7o de 1993.\u00a0<\/strong><\/p>\n<!-- AddThis Advanced Settings generic via filter on the_content --><!-- AddThis Share Buttons generic via filter on the_content -->","protected":false},"excerpt":{"rendered":"<p>&#8220;Minha proposta \u00e9 resgat\u00e1-lo com a devida participa\u00e7\u00e3o popular&#8221;, frisa deputado federal do PDT O deputado federal David Miranda (PDT-RJ) celebrou o Dia Mundial do Meio Ambiente, neste domingo (5), divulgando v\u00eddeo com depoimentos de ex-pescadores da Ba\u00eda de Guanabara que hoje, para sobreviverem, trocaram a pesca artesanal pelo recolhimento do lixo que se acumula&#8230;<!-- AddThis Advanced Settings generic via filter on wp_trim_excerpt --><!-- AddThis Share Buttons generic via filter on wp_trim_excerpt --><\/p>\n","protected":false},"author":17,"featured_media":82251,"comment_status":"closed","ping_status":"closed","sticky":false,"template":"","format":"standard","meta":{"_monsterinsights_skip_tracking":false,"_monsterinsights_sitenote_active":false,"_monsterinsights_sitenote_note":"","_monsterinsights_sitenote_category":0,"_uf_show_specific_survey":0,"_uf_disable_surveys":false,"footnotes":""},"categories":[1390,1401],"tags":[],"class_list":["post-82250","post","type-post","status-publish","format-standard","has-post-thumbnail","hentry","category-editorias","category-nacional"],"acf":[],"_links":{"self":[{"href":"https:\/\/pdt-rj.org.br\/index.php\/wp-json\/wp\/v2\/posts\/82250","targetHints":{"allow":["GET"]}}],"collection":[{"href":"https:\/\/pdt-rj.org.br\/index.php\/wp-json\/wp\/v2\/posts"}],"about":[{"href":"https:\/\/pdt-rj.org.br\/index.php\/wp-json\/wp\/v2\/types\/post"}],"author":[{"embeddable":true,"href":"https:\/\/pdt-rj.org.br\/index.php\/wp-json\/wp\/v2\/users\/17"}],"replies":[{"embeddable":true,"href":"https:\/\/pdt-rj.org.br\/index.php\/wp-json\/wp\/v2\/comments?post=82250"}],"version-history":[{"count":5,"href":"https:\/\/pdt-rj.org.br\/index.php\/wp-json\/wp\/v2\/posts\/82250\/revisions"}],"predecessor-version":[{"id":82284,"href":"https:\/\/pdt-rj.org.br\/index.php\/wp-json\/wp\/v2\/posts\/82250\/revisions\/82284"}],"wp:featuredmedia":[{"embeddable":true,"href":"https:\/\/pdt-rj.org.br\/index.php\/wp-json\/wp\/v2\/media\/82251"}],"wp:attachment":[{"href":"https:\/\/pdt-rj.org.br\/index.php\/wp-json\/wp\/v2\/media?parent=82250"}],"wp:term":[{"taxonomy":"category","embeddable":true,"href":"https:\/\/pdt-rj.org.br\/index.php\/wp-json\/wp\/v2\/categories?post=82250"},{"taxonomy":"post_tag","embeddable":true,"href":"https:\/\/pdt-rj.org.br\/index.php\/wp-json\/wp\/v2\/tags?post=82250"}],"curies":[{"name":"wp","href":"https:\/\/api.w.org\/{rel}","templated":true}]}}