{"id":82246,"date":"2022-06-06T13:26:56","date_gmt":"2022-06-06T16:26:56","guid":{"rendered":"https:\/\/pdt-rj.org.br\/?p=82246"},"modified":"2022-06-07T14:56:04","modified_gmt":"2022-06-07T17:56:04","slug":"fim-de-semana-tem-nova-mobilizacao-do-pdt-com-rodrigo-neves","status":"publish","type":"post","link":"https:\/\/pdt-rj.org.br\/index.php\/fim-de-semana-tem-nova-mobilizacao-do-pdt-com-rodrigo-neves\/","title":{"rendered":"Fim de semana tem nova mobiliza\u00e7\u00e3o do PDT com Rodrigo Neves"},"content":{"rendered":"<p><strong>Pr\u00e9-candidato ao governo conversa com a popula\u00e7\u00e3o sobre desafios e solu\u00e7\u00f5es para a reconstru\u00e7\u00e3o do estado<\/strong><\/p>\n<p>Neste fim de semana, o PDT realizou o segundo \u201cDia de Mobiliza\u00e7\u00e3o Estadual\u201d em favor do projeto de governo \u201cO Estado do Rio Que Queremos\u201d, que contou com participa\u00e7\u00e3o do pr\u00e9-candidato pedetista a governador do estado do Rio de Janeiro, Rodrigo Neves. Na manh\u00e3 de s\u00e1bado (4), lideran\u00e7as e militantes foram \u00e0s ruas, em todas as regi\u00f5es fluminenses, para mostrar apoio ao partido e ao nome de Neves.<\/p>\n<p>O pr\u00e9-candidato foi ao encontro da popula\u00e7\u00e3o em Campo Grande, na Zona Oeste da capital, acompanhado da deputada estadual Martha Rocha e do vereador Welington Dias, ambos tamb\u00e9m do PDT.<\/p>\n<p>\u201cFico feliz em ver a milit\u00e2ncia em v\u00e1rias cidades e regi\u00f5es do estado dando um exemplo de cidadania, di\u00e1logo e democracia. Estamos nas ruas para conversar com o povo sobre os desafios e solu\u00e7\u00f5es para a reconstru\u00e7\u00e3o do nosso estado. O Rio de Janeiro tem jeito, mas para isso \u00e9 preciso um governo do estado que funcione e que atue com transpar\u00eancia, boa gest\u00e3o e compromisso com o povo\u201d, afirmou Neves.<\/p>\n<p><img loading=\"lazy\" decoding=\"async\" class=\"aligncenter wp-image-82248 size-large\" src=\"https:\/\/pdt-rj.org.br\/wp-content\/uploads\/2022\/06\/05.06.2022-Rodrigo-Neves-NIlopolis-1-1024x683.jpg\" alt=\"\" width=\"640\" height=\"427\" srcset=\"https:\/\/pdt-rj.org.br\/wp-content\/uploads\/2022\/06\/05.06.2022-Rodrigo-Neves-NIlopolis-1.jpg 1024w, https:\/\/pdt-rj.org.br\/wp-content\/uploads\/2022\/06\/05.06.2022-Rodrigo-Neves-NIlopolis-1-300x200.jpg 300w, https:\/\/pdt-rj.org.br\/wp-content\/uploads\/2022\/06\/05.06.2022-Rodrigo-Neves-NIlopolis-1-100x67.jpg 100w, https:\/\/pdt-rj.org.br\/wp-content\/uploads\/2022\/06\/05.06.2022-Rodrigo-Neves-NIlopolis-1-768x512.jpg 768w, https:\/\/pdt-rj.org.br\/wp-content\/uploads\/2022\/06\/05.06.2022-Rodrigo-Neves-NIlopolis-1-1536x1024.jpg 1536w, https:\/\/pdt-rj.org.br\/wp-content\/uploads\/2022\/06\/05.06.2022-Rodrigo-Neves-NIlopolis-1-135x90.jpg 135w\" sizes=\"auto, (max-width: 640px) 100vw, 640px\" \/><\/p>\n<p><strong>Domingo na feira<\/strong><\/p>\n<p>No domingo, o pedetista, que foi prefeito de Niter\u00f3i por oito anos, caminhou pela feira de Nil\u00f3polis para dialogar com a popula\u00e7\u00e3o do munic\u00edpio da Baixada Fluminense sobre as principais demandas.<\/p>\n<p>\u201cFoi muito produtivo ouvir as demandas das pessoas, que reclamaram do abandono da Baixada Fluminense pelo governo do estado. \u00c9 necess\u00e1rio e urgente gerar empregos e renda na Baixada, como fizemos em Niter\u00f3i\u201d, criticou.<\/p>\n<p>\u201cN\u00e3o \u00e9 poss\u00edvel reconstruir o estado do Rio sem recuperar essa regi\u00e3o. Precisamos fortalecer a economia popular, retomar os CIEPs, investir em infraestrutura, educa\u00e7\u00e3o, sa\u00fade e transporte\u201d, concluiu.<\/p>\n<!-- AddThis Advanced Settings generic via filter on the_content --><!-- AddThis Share Buttons generic via filter on the_content -->","protected":false},"excerpt":{"rendered":"<p>Pr\u00e9-candidato ao governo conversa com a popula\u00e7\u00e3o sobre desafios e solu\u00e7\u00f5es para a reconstru\u00e7\u00e3o do estado Neste fim de semana, o PDT realizou o segundo \u201cDia de Mobiliza\u00e7\u00e3o Estadual\u201d em favor do projeto de governo \u201cO Estado do Rio Que Queremos\u201d, que contou com participa\u00e7\u00e3o do pr\u00e9-candidato pedetista a governador do estado do Rio de&#8230;<!-- AddThis Advanced Settings generic via filter on wp_trim_excerpt --><!-- AddThis Share Buttons generic via filter on wp_trim_excerpt --><\/p>\n","protected":false},"author":17,"featured_media":82247,"comment_status":"closed","ping_status":"closed","sticky":false,"template":"","format":"standard","meta":{"_monsterinsights_skip_tracking":false,"_monsterinsights_sitenote_active":false,"_monsterinsights_sitenote_note":"","_monsterinsights_sitenote_category":0,"_uf_show_specific_survey":0,"_uf_disable_surveys":false,"footnotes":""},"categories":[1390,5414,5415],"tags":[],"class_list":["post-82246","post","type-post","status-publish","format-standard","has-post-thumbnail","hentry","category-editorias","category-estado","category-rodrigo-neves"],"acf":[],"_links":{"self":[{"href":"https:\/\/pdt-rj.org.br\/index.php\/wp-json\/wp\/v2\/posts\/82246","targetHints":{"allow":["GET"]}}],"collection":[{"href":"https:\/\/pdt-rj.org.br\/index.php\/wp-json\/wp\/v2\/posts"}],"about":[{"href":"https:\/\/pdt-rj.org.br\/index.php\/wp-json\/wp\/v2\/types\/post"}],"author":[{"embeddable":true,"href":"https:\/\/pdt-rj.org.br\/index.php\/wp-json\/wp\/v2\/users\/17"}],"replies":[{"embeddable":true,"href":"https:\/\/pdt-rj.org.br\/index.php\/wp-json\/wp\/v2\/comments?post=82246"}],"version-history":[{"count":5,"href":"https:\/\/pdt-rj.org.br\/index.php\/wp-json\/wp\/v2\/posts\/82246\/revisions"}],"predecessor-version":[{"id":82279,"href":"https:\/\/pdt-rj.org.br\/index.php\/wp-json\/wp\/v2\/posts\/82246\/revisions\/82279"}],"wp:featuredmedia":[{"embeddable":true,"href":"https:\/\/pdt-rj.org.br\/index.php\/wp-json\/wp\/v2\/media\/82247"}],"wp:attachment":[{"href":"https:\/\/pdt-rj.org.br\/index.php\/wp-json\/wp\/v2\/media?parent=82246"}],"wp:term":[{"taxonomy":"category","embeddable":true,"href":"https:\/\/pdt-rj.org.br\/index.php\/wp-json\/wp\/v2\/categories?post=82246"},{"taxonomy":"post_tag","embeddable":true,"href":"https:\/\/pdt-rj.org.br\/index.php\/wp-json\/wp\/v2\/tags?post=82246"}],"curies":[{"name":"wp","href":"https:\/\/api.w.org\/{rel}","templated":true}]}}