{"id":82226,"date":"2022-06-05T12:24:29","date_gmt":"2022-06-05T15:24:29","guid":{"rendered":"https:\/\/pdt-rj.org.br\/?p=82226"},"modified":"2022-06-09T11:14:11","modified_gmt":"2022-06-09T14:14:11","slug":"axel-grael-com-rodrigo-neves-abracamos-novo-ciclo-de-investimentos-sustentaveis","status":"publish","type":"post","link":"https:\/\/pdt-rj.org.br\/index.php\/axel-grael-com-rodrigo-neves-abracamos-novo-ciclo-de-investimentos-sustentaveis\/","title":{"rendered":"Axel Grael: \u201cCom Rodrigo Neves, abra\u00e7amos novo ciclo de investimentos sustent\u00e1veis\u201d"},"content":{"rendered":"<p><strong>Em Niter\u00f3i, prefeito do PDT trabalha para seguir fortalecendo a prote\u00e7\u00e3o do meio ambiente<\/strong><\/p>\n<p>Neste Dia Mundial do Meio Ambiente temos muito para debater e refletir sobre a import\u00e2ncia da agenda ambiental. Esse ano a celebra\u00e7\u00e3o \u00e9 ainda mais especial, pois fazem 50 anos da Confer\u00eancia de Estocolmo e 30 anos da Rio-92, eventos decisivos para a transi\u00e7\u00e3o do mundo para a sustentabilidade.<\/p>\n<p>Com o tema \u201cUma s\u00f3 terra \u2013 vida sustent\u00e1vel em harmonia com a natureza\u201d, a Semana do Meio Ambiente em Niter\u00f3i contar\u00e1 com uma grande programa\u00e7\u00e3o, com muitas atividades voltadas para a educa\u00e7\u00e3o ambiental e com a participa\u00e7\u00e3o de estudantes.<\/p>\n<p>Em Niter\u00f3i, desde a d\u00e9cada de 1970, trabalho para fortalecer a necessidade urgente de proteger o nosso planeta. E em 2013, na gest\u00e3o Rodrigo Neves, abra\u00e7amos com intensidade um novo ciclo de investimentos sustent\u00e1veis.<\/p>\n<p>Em nossa cidade, desenvolvemos um dos maiores esfor\u00e7os de recupera\u00e7\u00e3o de florestas urbanas no pa\u00eds, com v\u00e1rias frentes de reflorestamento. Investimos em conten\u00e7\u00e3o de encostas e, mesmo estando no cora\u00e7\u00e3o da Regi\u00e3o Metropolitana, ainda assim temos metade do territ\u00f3rio protegido por unidades de conserva\u00e7\u00e3o, uma grande conquista!<\/p>\n<p>No ano passado, lan\u00e7amos um novo plano de manejo para o Parque Natural Municipal de Niter\u00f3i (Parnit) e criamos o Parque Natural Municipal Floresta do Baldeador, na Zona Norte. Temos uma obra inovadora, que \u00e9 o Parque Orla de Piratininga Alfredo Sirkis, estamos avan\u00e7ando com as obras de drenagem em v\u00e1rios bairros da Regi\u00e3o Oce\u00e2nica, desenvolvendo o projeto de renaturaliza\u00e7\u00e3o do Rio Jacar\u00e9 da bacia hidrogr\u00e1fica urbana do Rio Jacar\u00e9 com obras de saneamento ambiental nas comunidades locais.<\/p>\n<p>Com o Niter\u00f3i de Bicicleta, triplicamos a rede ciclovi\u00e1ria que tem hoje 58km e vamos chegar a 100km at\u00e9 o fim da gest\u00e3o. Nosso saneamento est\u00e1 perto da universaliza\u00e7\u00e3o. Sa\u00edmos de 10% para 60% de balneabilidade nas enseadas de Charitas, Jurujuba e S\u00e3o Francisco. E com o Ligado na Rede, que contempla a liga\u00e7\u00e3o gratuita de cerca de 500 resid\u00eancias que n\u00e3o est\u00e3o conectadas \u00e0 rede esgoto do munic\u00edpio vamos beneficiar as fam\u00edlias que mais precisam.<\/p>\n<p>Criamos a primeira Secretaria do Clima do Brasil, refor\u00e7ando que as cidades est\u00e3o assumindo a lideran\u00e7a neste tema t\u00e3o importante. Anunciamos, recentemente, dentro do Plano Niter\u00f3i 450, R$ 700 milh\u00f5es para a\u00e7\u00f5es de Sustentabilidade, Clima e Resili\u00eancia, preparando nossa cidade para o futuro.<\/p>\n<p>Estamos revitalizando a nossa joia rara, a Ilha da Boa Viagem, onde unimos a quest\u00e3o ambiental \u00e0 cultura. Um projeto que pretende aproveitar o potencial tur\u00edstico, preservar as riquezas naturais e real\u00e7ar o valor hist\u00f3rico e cultural da ilha.<\/p>\n<p>Como prefeito, seguirei trabalhando na defesa do Meio Ambiente, para fortalecer as pol\u00edticas p\u00fablicas para a sustentabilidade na Prefeitura de Niter\u00f3i, para o bem da qualidade de vida na nossa cidade e sempre pensando, no exemplo de Niter\u00f3i, para que outras cidades tamb\u00e9m sigam este caminho, para o bem do nosso planeta.<\/p>\n<p><strong>*Axel Grael \u00e9 prefeito de Niter\u00f3i pelo PDT.<\/strong><\/p>\n<!-- AddThis Advanced Settings generic via filter on the_content --><!-- AddThis Share Buttons generic via filter on the_content -->","protected":false},"excerpt":{"rendered":"<p>Em Niter\u00f3i, prefeito do PDT trabalha para seguir fortalecendo a prote\u00e7\u00e3o do meio ambiente Neste Dia Mundial do Meio Ambiente temos muito para debater e refletir sobre a import\u00e2ncia da agenda ambiental. Esse ano a celebra\u00e7\u00e3o \u00e9 ainda mais especial, pois fazem 50 anos da Confer\u00eancia de Estocolmo e 30 anos da Rio-92, eventos decisivos&#8230;<!-- AddThis Advanced Settings generic via filter on wp_trim_excerpt --><!-- AddThis Share Buttons generic via filter on wp_trim_excerpt --><\/p>\n","protected":false},"author":17,"featured_media":82227,"comment_status":"closed","ping_status":"closed","sticky":false,"template":"","format":"standard","meta":{"_monsterinsights_skip_tracking":false,"_monsterinsights_sitenote_active":false,"_monsterinsights_sitenote_note":"","_monsterinsights_sitenote_category":0,"_uf_show_specific_survey":0,"_uf_disable_surveys":false,"footnotes":""},"categories":[1584,1390,5415],"tags":[],"class_list":["post-82226","post","type-post","status-publish","format-standard","has-post-thumbnail","hentry","category-artigos","category-editorias","category-rodrigo-neves"],"acf":[],"_links":{"self":[{"href":"https:\/\/pdt-rj.org.br\/index.php\/wp-json\/wp\/v2\/posts\/82226","targetHints":{"allow":["GET"]}}],"collection":[{"href":"https:\/\/pdt-rj.org.br\/index.php\/wp-json\/wp\/v2\/posts"}],"about":[{"href":"https:\/\/pdt-rj.org.br\/index.php\/wp-json\/wp\/v2\/types\/post"}],"author":[{"embeddable":true,"href":"https:\/\/pdt-rj.org.br\/index.php\/wp-json\/wp\/v2\/users\/17"}],"replies":[{"embeddable":true,"href":"https:\/\/pdt-rj.org.br\/index.php\/wp-json\/wp\/v2\/comments?post=82226"}],"version-history":[{"count":6,"href":"https:\/\/pdt-rj.org.br\/index.php\/wp-json\/wp\/v2\/posts\/82226\/revisions"}],"predecessor-version":[{"id":82313,"href":"https:\/\/pdt-rj.org.br\/index.php\/wp-json\/wp\/v2\/posts\/82226\/revisions\/82313"}],"wp:featuredmedia":[{"embeddable":true,"href":"https:\/\/pdt-rj.org.br\/index.php\/wp-json\/wp\/v2\/media\/82227"}],"wp:attachment":[{"href":"https:\/\/pdt-rj.org.br\/index.php\/wp-json\/wp\/v2\/media?parent=82226"}],"wp:term":[{"taxonomy":"category","embeddable":true,"href":"https:\/\/pdt-rj.org.br\/index.php\/wp-json\/wp\/v2\/categories?post=82226"},{"taxonomy":"post_tag","embeddable":true,"href":"https:\/\/pdt-rj.org.br\/index.php\/wp-json\/wp\/v2\/tags?post=82226"}],"curies":[{"name":"wp","href":"https:\/\/api.w.org\/{rel}","templated":true}]}}