{"id":82209,"date":"2022-06-03T16:40:54","date_gmt":"2022-06-03T19:40:54","guid":{"rendered":"https:\/\/pdt-rj.org.br\/?p=82209"},"modified":"2022-06-06T13:32:42","modified_gmt":"2022-06-06T16:32:42","slug":"pdt-e-rodrigo-neves-reunem-duas-mil-pessoas-em-sao-goncalo","status":"publish","type":"post","link":"https:\/\/pdt-rj.org.br\/index.php\/pdt-e-rodrigo-neves-reunem-duas-mil-pessoas-em-sao-goncalo\/","title":{"rendered":"PDT e Rodrigo Neves re\u00fanem duas mil pessoas em S\u00e3o Gon\u00e7alo"},"content":{"rendered":"<p style=\"font-weight: 400;\"><strong>Com Carlos Lupi, reuni\u00e3o plen\u00e1ria voltada \u00e0 milit\u00e2ncia e apoiadores lotou o Clube Mau\u00e1<\/strong><\/p>\n<p style=\"font-weight: 400;\">A noite de quinta-feira (2), em S\u00e3o Gon\u00e7alo,\u00a0 foi marcada por uma grande reuni\u00e3o plen\u00e1ria convocada pelo PDT, que reuniu no Clube Mau\u00e1 cerca de dois mil apoiadores da pr\u00e9-candidatura de Rodrigo Neves a governador do estado do Rio de Janeiro. Lideran\u00e7as pol\u00edticas de todos os munic\u00edpios do Leste Fluminense participaram do evento, que contou ainda com a participa\u00e7\u00e3o do presidente nacional do partido, Carlos Lupi.<\/p>\n<p style=\"font-weight: 400;\">\u201cFico muito feliz em estar em S\u00e3o Gon\u00e7alo, recebendo todo o carinho dessa gente trabalhadora, criativa e talentosa. Este povo precisa e merece receber aten\u00e7\u00e3o do Estado, com investimentos p\u00fablicos que gerem emprego e renda e que melhorem a qualidade de vida da sua popula\u00e7\u00e3o\u201d, comentou Neves.<\/p>\n<p><img loading=\"lazy\" decoding=\"async\" class=\"aligncenter wp-image-82211 size-large\" src=\"https:\/\/pdt-rj.org.br\/wp-content\/uploads\/2022\/06\/Rodrigo-Neves-Sao-Goncalo-02.06.2022-foto-2--1024x683.jpg\" alt=\"\" width=\"640\" height=\"427\" srcset=\"https:\/\/pdt-rj.org.br\/wp-content\/uploads\/2022\/06\/Rodrigo-Neves-Sao-Goncalo-02.06.2022-foto-2-.jpg 1024w, https:\/\/pdt-rj.org.br\/wp-content\/uploads\/2022\/06\/Rodrigo-Neves-Sao-Goncalo-02.06.2022-foto-2--300x200.jpg 300w, https:\/\/pdt-rj.org.br\/wp-content\/uploads\/2022\/06\/Rodrigo-Neves-Sao-Goncalo-02.06.2022-foto-2--100x67.jpg 100w, https:\/\/pdt-rj.org.br\/wp-content\/uploads\/2022\/06\/Rodrigo-Neves-Sao-Goncalo-02.06.2022-foto-2--768x512.jpg 768w, https:\/\/pdt-rj.org.br\/wp-content\/uploads\/2022\/06\/Rodrigo-Neves-Sao-Goncalo-02.06.2022-foto-2--1536x1024.jpg 1536w, https:\/\/pdt-rj.org.br\/wp-content\/uploads\/2022\/06\/Rodrigo-Neves-Sao-Goncalo-02.06.2022-foto-2--135x90.jpg 135w\" sizes=\"auto, (max-width: 640px) 100vw, 640px\" \/><\/p>\n<p style=\"font-weight: 400;\">Durante sua fala Rodrigo Neves listou prioridades para a cidade e apontou caminhos para solucionar os problemas de S\u00e3o Gon\u00e7alo, assim como fez durante os oito anos de gest\u00e3o \u00e0 frente da Prefeitura de Niter\u00f3i.<\/p>\n<p style=\"font-weight: 400;\">\u201cTemos que tirar do papel a Linha 3 do metr\u00f4, resgatar a ind\u00fastria naval, construir o Hospital da M\u00e3e no Coluband\u00ea, recuperar os CIEPs e impulsionar o Complexo Petroqu\u00edmico em Itabora\u00ed. Tamb\u00e9m \u00e9 preciso melhorar a Seguran\u00e7a P\u00fablica e resgatar o parque de lazer do Piscin\u00e3o de S\u00e3o Gon\u00e7alo. Tenho certeza que o munic\u00edpio tem solu\u00e7\u00e3o e que podemos fazer em S\u00e3o Gon\u00e7alo o que fizemos em Niter\u00f3i. Com boa gest\u00e3o e compromisso com o povo, reconstru\u00e7\u00e3o do estado do Rio come\u00e7ar\u00e1 por aqui\u201d, disse o ex-prefeito de Niter\u00f3i.<\/p>\n<p style=\"font-weight: 400;\"><strong>Mobiliza\u00e7\u00e3o estadual<\/strong><\/p>\n<p style=\"font-weight: 400;\">No pr\u00f3ximo s\u00e1bado (4), a milit\u00e2ncia do PDT realizar\u00e1 mais um Dia de Mobiliza\u00e7\u00e3o Estadual em favor projeto \u2018O Estado do Rio que Queremos\u2019. \u201cSer\u00e1 mais um encontro com a popula\u00e7\u00e3o para falar dos desafios e solu\u00e7\u00f5es para o nosso estado, que precisa ser reconstru\u00eddo\u201d, explica Rodrigo Neves.<\/p>\n<!-- AddThis Advanced Settings generic via filter on the_content --><!-- AddThis Share Buttons generic via filter on the_content -->","protected":false},"excerpt":{"rendered":"<p>Com Carlos Lupi, reuni\u00e3o plen\u00e1ria voltada \u00e0 milit\u00e2ncia e apoiadores lotou o Clube Mau\u00e1 A noite de quinta-feira (2), em S\u00e3o Gon\u00e7alo,\u00a0 foi marcada por uma grande reuni\u00e3o plen\u00e1ria convocada pelo PDT, que reuniu no Clube Mau\u00e1 cerca de dois mil apoiadores da pr\u00e9-candidatura de Rodrigo Neves a governador do estado do Rio de Janeiro&#8230;.<!-- AddThis Advanced Settings generic via filter on wp_trim_excerpt --><!-- AddThis Share Buttons generic via filter on wp_trim_excerpt --><\/p>\n","protected":false},"author":17,"featured_media":82210,"comment_status":"closed","ping_status":"closed","sticky":false,"template":"","format":"standard","meta":{"_monsterinsights_skip_tracking":false,"_monsterinsights_sitenote_active":false,"_monsterinsights_sitenote_note":"","_monsterinsights_sitenote_category":0,"_uf_show_specific_survey":0,"_uf_disable_surveys":false,"footnotes":""},"categories":[1390,5414,5415],"tags":[],"class_list":["post-82209","post","type-post","status-publish","format-standard","has-post-thumbnail","hentry","category-editorias","category-estado","category-rodrigo-neves"],"acf":[],"_links":{"self":[{"href":"https:\/\/pdt-rj.org.br\/index.php\/wp-json\/wp\/v2\/posts\/82209","targetHints":{"allow":["GET"]}}],"collection":[{"href":"https:\/\/pdt-rj.org.br\/index.php\/wp-json\/wp\/v2\/posts"}],"about":[{"href":"https:\/\/pdt-rj.org.br\/index.php\/wp-json\/wp\/v2\/types\/post"}],"author":[{"embeddable":true,"href":"https:\/\/pdt-rj.org.br\/index.php\/wp-json\/wp\/v2\/users\/17"}],"replies":[{"embeddable":true,"href":"https:\/\/pdt-rj.org.br\/index.php\/wp-json\/wp\/v2\/comments?post=82209"}],"version-history":[{"count":4,"href":"https:\/\/pdt-rj.org.br\/index.php\/wp-json\/wp\/v2\/posts\/82209\/revisions"}],"predecessor-version":[{"id":82258,"href":"https:\/\/pdt-rj.org.br\/index.php\/wp-json\/wp\/v2\/posts\/82209\/revisions\/82258"}],"wp:featuredmedia":[{"embeddable":true,"href":"https:\/\/pdt-rj.org.br\/index.php\/wp-json\/wp\/v2\/media\/82210"}],"wp:attachment":[{"href":"https:\/\/pdt-rj.org.br\/index.php\/wp-json\/wp\/v2\/media?parent=82209"}],"wp:term":[{"taxonomy":"category","embeddable":true,"href":"https:\/\/pdt-rj.org.br\/index.php\/wp-json\/wp\/v2\/categories?post=82209"},{"taxonomy":"post_tag","embeddable":true,"href":"https:\/\/pdt-rj.org.br\/index.php\/wp-json\/wp\/v2\/tags?post=82209"}],"curies":[{"name":"wp","href":"https:\/\/api.w.org\/{rel}","templated":true}]}}