{"id":82104,"date":"2022-05-26T14:32:26","date_gmt":"2022-05-26T17:32:26","guid":{"rendered":"https:\/\/pdt-rj.org.br\/?p=82104"},"modified":"2022-05-26T14:32:26","modified_gmt":"2022-05-26T17:32:26","slug":"mataram-os-cieps-um-crime-contra-a-educacao","status":"publish","type":"post","link":"https:\/\/pdt-rj.org.br\/index.php\/mataram-os-cieps-um-crime-contra-a-educacao\/","title":{"rendered":"Mataram os Cieps, um crime contra a Educa\u00e7\u00e3o"},"content":{"rendered":"<p><strong>Leonel Brizola buscava uma alternativa para mudar o atraso da Educa\u00e7\u00e3o estadual<\/strong><\/p>\n<p class=\"x_MsoNormal\">Eleito, em 1982, para governar o Estado do Rio de Janeiro, Leonel Brizola buscava uma alternativa para mudar o atraso da Educa\u00e7\u00e3o estadual. Com este objetivo, convidou o seu vice, o antrop\u00f3logo Darcy Ribeiro, para pensar um caminho de transforma\u00e7\u00e3o da realidade existente. Foi assim que surgiram os Cieps, que logo se tornaram refer\u00eancia em todo o Estado e no Pa\u00eds.<\/p>\n<p class=\"x_MsoNormal\">A proposta, pioneira no Brasil, oferecia uma escola de qualidade em per\u00edodo integral, com seguran\u00e7a, atendimento m\u00e9dico e odontol\u00f3gico, atividades esportivas e culturais, contexto no qual foram contratados os animadores culturais. Parecia um sonho que se tornava realidade, gra\u00e7as ao esp\u00edrito empreendedor, social e educacional de Darcy Ribeiro.<\/p>\n<p class=\"x_MsoNormal\">Os Cieps causaram um impacto nas comunidades, ao oferecer melhores oportunidades educacionais \u00e0s crian\u00e7as e jovens, numa tentativa de diminuir a desigualdade social e de frear a coopta\u00e7\u00e3o de jovens pelo tr\u00e1fico de drogas.<\/p>\n<p class=\"x_MsoNormal\">Brizola entendia que a Educa\u00e7\u00e3o era o principal caminho para mudan\u00e7as radicais e no desenvolvimento no pa\u00eds. E, para somar nesta parceria, convidou Oscar Niemeyer para criar a concep\u00e7\u00e3o arquitet\u00f4nica dos Cieps, que os idealizou a partir da utiliza\u00e7\u00e3o de pe\u00e7as pr\u00e9-moldadas de concreto. Nos pr\u00e9dios, haviam salas de aulas, centro m\u00e9dico, cozinha, refeit\u00f3rio, \u00e1rea de recrea\u00e7\u00e3o, gin\u00e1sio para atividades esportivas e culturais, biblioteca, dormit\u00f3rio, e, posteriormente, em algumas unidades, foram constru\u00eddas piscinas.<\/p>\n<p class=\"x_MsoNormal\">Brizola e Darcy Ribeiro, mesmo contra as vozes do atraso, constru\u00edram mais de 500 Cieps no Estado do Rio de Janeiro, tornando-os refer\u00eancia da educa\u00e7\u00e3o nacional, com repercuss\u00f5es internacionais. Parecia que um novo despertar pedag\u00f3gico estava sendo alicer\u00e7ado com os Cieps, rumo \u00e0 educa\u00e7\u00e3o p\u00fablica de qualidade.<\/p>\n<p class=\"x_MsoNormal\">N\u00e3o foi bem assim que aconteceu. A mesquinharia pol\u00edtica e o interesse de grupos econ\u00f4micos ligados ao poder do Estado falaram mais alto. &#8220;Para que servem os Cieps?&#8221;. &#8220;Para que criar oportunidades aos jovens da periferia, oferecendo escola p\u00fablica de qualidade?&#8221;.<\/p>\n<p class=\"x_MsoNormal\">Os novos governadores, Moreira Franco, e depois Marcelo Alencar, deram \u00eanfase ao privado e n\u00e3o ao p\u00fablico. Al\u00e9m de n\u00e3o darem continuidade \u00e0 obra educacional de Darcy Ribeiro e Brizola, destruindo completamente a concep\u00e7\u00e3o dos Cieps e tornando-os escolas comuns, posteriormente, privatizaram companhias estaduais, dentre elas, a CERJ (Companhia Estadual de Eletricidade do Estado do Rio de Janeiro).<\/p>\n<p class=\"x_MsoNormal\">Na \u00e9poca, numa entrevista, Darcy Ribeiro profetizou: &#8220;O fim dos Cieps levar\u00e1 milhares de jovens \u00e0 porta do crime&#8221;. Nas d\u00e9cadas seguintes, esta profecia tornou-se refr\u00e3o no discurso de diversos pol\u00edticos: &#8220;Se houvesse a continuidade dos Cieps, n\u00e3o ter\u00edamos perdido milhares de jovens cooptados pelo tr\u00e1fico&#8221;.<\/p>\n<p class=\"x_MsoNormal\">Apesar disto, ap\u00f3s 40 anos da morte dos Cieps, pouco ou nada foi feito para a revitaliza\u00e7\u00e3o deste projeto educacional.<\/p>\n<p class=\"x_MsoNormal\"><strong>*M\u00e1rio Sousa \u00e9 jornalista e escritor.<\/strong><\/p>\n<!-- AddThis Advanced Settings generic via filter on the_content --><!-- AddThis Share Buttons generic via filter on the_content -->","protected":false},"excerpt":{"rendered":"<p>Leonel Brizola buscava uma alternativa para mudar o atraso da Educa\u00e7\u00e3o estadual Eleito, em 1982, para governar o Estado do Rio de Janeiro, Leonel Brizola buscava uma alternativa para mudar o atraso da Educa\u00e7\u00e3o estadual. Com este objetivo, convidou o seu vice, o antrop\u00f3logo Darcy Ribeiro, para pensar um caminho de transforma\u00e7\u00e3o da realidade existente&#8230;.<!-- AddThis Advanced Settings generic via filter on wp_trim_excerpt --><!-- AddThis Share Buttons generic via filter on wp_trim_excerpt --><\/p>\n","protected":false},"author":17,"featured_media":82105,"comment_status":"closed","ping_status":"closed","sticky":false,"template":"","format":"standard","meta":{"_monsterinsights_skip_tracking":false,"_monsterinsights_sitenote_active":false,"_monsterinsights_sitenote_note":"","_monsterinsights_sitenote_category":0,"_uf_show_specific_survey":0,"_uf_disable_surveys":false,"footnotes":""},"categories":[1584,1390],"tags":[],"class_list":["post-82104","post","type-post","status-publish","format-standard","has-post-thumbnail","hentry","category-artigos","category-editorias"],"acf":[],"_links":{"self":[{"href":"https:\/\/pdt-rj.org.br\/index.php\/wp-json\/wp\/v2\/posts\/82104","targetHints":{"allow":["GET"]}}],"collection":[{"href":"https:\/\/pdt-rj.org.br\/index.php\/wp-json\/wp\/v2\/posts"}],"about":[{"href":"https:\/\/pdt-rj.org.br\/index.php\/wp-json\/wp\/v2\/types\/post"}],"author":[{"embeddable":true,"href":"https:\/\/pdt-rj.org.br\/index.php\/wp-json\/wp\/v2\/users\/17"}],"replies":[{"embeddable":true,"href":"https:\/\/pdt-rj.org.br\/index.php\/wp-json\/wp\/v2\/comments?post=82104"}],"version-history":[{"count":1,"href":"https:\/\/pdt-rj.org.br\/index.php\/wp-json\/wp\/v2\/posts\/82104\/revisions"}],"predecessor-version":[{"id":82106,"href":"https:\/\/pdt-rj.org.br\/index.php\/wp-json\/wp\/v2\/posts\/82104\/revisions\/82106"}],"wp:featuredmedia":[{"embeddable":true,"href":"https:\/\/pdt-rj.org.br\/index.php\/wp-json\/wp\/v2\/media\/82105"}],"wp:attachment":[{"href":"https:\/\/pdt-rj.org.br\/index.php\/wp-json\/wp\/v2\/media?parent=82104"}],"wp:term":[{"taxonomy":"category","embeddable":true,"href":"https:\/\/pdt-rj.org.br\/index.php\/wp-json\/wp\/v2\/categories?post=82104"},{"taxonomy":"post_tag","embeddable":true,"href":"https:\/\/pdt-rj.org.br\/index.php\/wp-json\/wp\/v2\/tags?post=82104"}],"curies":[{"name":"wp","href":"https:\/\/api.w.org\/{rel}","templated":true}]}}