{"id":82066,"date":"2022-05-23T19:54:58","date_gmt":"2022-05-23T22:54:58","guid":{"rendered":"https:\/\/pdt-rj.org.br\/?p=82066"},"modified":"2022-05-26T21:36:26","modified_gmt":"2022-05-27T00:36:26","slug":"pdt-realiza-sessao-solene-na-alerj-para-homenagear-centenario-de-leonel-brizola","status":"publish","type":"post","link":"https:\/\/pdt-rj.org.br\/index.php\/pdt-realiza-sessao-solene-na-alerj-para-homenagear-centenario-de-leonel-brizola\/","title":{"rendered":"PDT realiza sess\u00e3o solene, na Alerj, para homenagear centen\u00e1rio de Leonel Brizola"},"content":{"rendered":"<p><strong>Por iniciativa de Carlos Lupi e Martha Rocha, evento integra s\u00e9rie de a\u00e7\u00f5es nacionais do partido<\/strong><\/p>\n<p>Por iniciativa do presidente nacional do PDT, Carlos Lupi, e da deputada estadual Martha Rocha, o partido realizar\u00e1 na Assembleia Legislativa do Estado do Rio de Janeiro (Alerj), nesta quinta-feira (26), \u00e0s 18h30, uma sess\u00e3o solene para homenagear o centen\u00e1rio de Leonel Brizola.<\/p>\n<p>No plen\u00e1rio da nova sede, que fica localizada na Rua M\u00e9xico, 125, no Centro da capital, o evento sobre o fundador da sigla e ex-governador fluminense contar\u00e1 com a presen\u00e7a de parlamentares, lideran\u00e7as e militantes de todo o estado.<\/p>\n<p>Ao convidar os brizolistas para prestigiarem o ato, que integra a s\u00e9rie de a\u00e7\u00f5es nacionais da sigla, Lupi destacou o comprometimento do her\u00f3i da p\u00e1tria com as causas populares.<\/p>\n<p>\u201c<span class=\"s1\">Homenagear Brizola \u00e9 homenagear a hist\u00f3ria do povo brasileiro\u201d, afirmou.<\/span><\/p>\n<!-- AddThis Advanced Settings generic via filter on the_content --><!-- AddThis Share Buttons generic via filter on the_content -->","protected":false},"excerpt":{"rendered":"<p>Por iniciativa de Carlos Lupi e Martha Rocha, evento integra s\u00e9rie de a\u00e7\u00f5es nacionais do partido Por iniciativa do presidente nacional do PDT, Carlos Lupi, e da deputada estadual Martha Rocha, o partido realizar\u00e1 na Assembleia Legislativa do Estado do Rio de Janeiro (Alerj), nesta quinta-feira (26), \u00e0s 18h30, uma sess\u00e3o solene para homenagear o&#8230;<!-- AddThis Advanced Settings generic via filter on wp_trim_excerpt --><!-- AddThis Share Buttons generic via filter on wp_trim_excerpt --><\/p>\n","protected":false},"author":17,"featured_media":82069,"comment_status":"closed","ping_status":"closed","sticky":false,"template":"","format":"standard","meta":{"_monsterinsights_skip_tracking":false,"_monsterinsights_sitenote_active":false,"_monsterinsights_sitenote_note":"","_monsterinsights_sitenote_category":0,"_uf_show_specific_survey":0,"_uf_disable_surveys":false,"footnotes":""},"categories":[1390,5417,5414],"tags":[],"class_list":["post-82066","post","type-post","status-publish","format-standard","has-post-thumbnail","hentry","category-editorias","category-carlos-lupi","category-estado"],"acf":[],"_links":{"self":[{"href":"https:\/\/pdt-rj.org.br\/index.php\/wp-json\/wp\/v2\/posts\/82066","targetHints":{"allow":["GET"]}}],"collection":[{"href":"https:\/\/pdt-rj.org.br\/index.php\/wp-json\/wp\/v2\/posts"}],"about":[{"href":"https:\/\/pdt-rj.org.br\/index.php\/wp-json\/wp\/v2\/types\/post"}],"author":[{"embeddable":true,"href":"https:\/\/pdt-rj.org.br\/index.php\/wp-json\/wp\/v2\/users\/17"}],"replies":[{"embeddable":true,"href":"https:\/\/pdt-rj.org.br\/index.php\/wp-json\/wp\/v2\/comments?post=82066"}],"version-history":[{"count":10,"href":"https:\/\/pdt-rj.org.br\/index.php\/wp-json\/wp\/v2\/posts\/82066\/revisions"}],"predecessor-version":[{"id":82119,"href":"https:\/\/pdt-rj.org.br\/index.php\/wp-json\/wp\/v2\/posts\/82066\/revisions\/82119"}],"wp:featuredmedia":[{"embeddable":true,"href":"https:\/\/pdt-rj.org.br\/index.php\/wp-json\/wp\/v2\/media\/82069"}],"wp:attachment":[{"href":"https:\/\/pdt-rj.org.br\/index.php\/wp-json\/wp\/v2\/media?parent=82066"}],"wp:term":[{"taxonomy":"category","embeddable":true,"href":"https:\/\/pdt-rj.org.br\/index.php\/wp-json\/wp\/v2\/categories?post=82066"},{"taxonomy":"post_tag","embeddable":true,"href":"https:\/\/pdt-rj.org.br\/index.php\/wp-json\/wp\/v2\/tags?post=82066"}],"curies":[{"name":"wp","href":"https:\/\/api.w.org\/{rel}","templated":true}]}}