{"id":82061,"date":"2022-05-23T16:23:34","date_gmt":"2022-05-23T19:23:34","guid":{"rendered":"https:\/\/pdt-rj.org.br\/?p=82061"},"modified":"2022-05-31T16:08:55","modified_gmt":"2022-05-31T19:08:55","slug":"bolsonaro-quer-inflamar-o-debate-publico-com-questoes-falsas-diz-lupi","status":"publish","type":"post","link":"https:\/\/pdt-rj.org.br\/index.php\/bolsonaro-quer-inflamar-o-debate-publico-com-questoes-falsas-diz-lupi\/","title":{"rendered":"\u201cBolsonaro quer inflamar o debate p\u00fablico com quest\u00f5es falsas\u201d, diz Lupi"},"content":{"rendered":"<p style=\"font-weight: 400;\"><strong>Para o presidente nacional do PDT, o bolsonarismo deseja ainda ocultar os erros acumulados desde 2019<\/strong><\/p>\n<p style=\"font-weight: 400;\">O presidente nacional do PDT, Carlos Lupi, disse que Jair Bolsonaro \u201cquer inflamar o debate p\u00fablico com quest\u00f5es falsas\u201d para ocultar os erros acumulados pelo \u201cdesgoverno\u201d nos \u00faltimos quatro anos. Durante\u00a0<a href=\"https:\/\/www.youtube.com\/watch?v=kSD_mwqStqo\" data-saferedirecturl=\"https:\/\/www.google.com\/url?q=https:\/\/www.youtube.com\/watch?v%3DkSD_mwqStqo&amp;source=gmail&amp;ust=1653419692552000&amp;usg=AOvVaw0mCcvlqYY8mopv-xeCsGF9\">entrevista<\/a>\u00a0ao programa Faixa Livre, da r\u00e1dio Bandeirantes do Rio de Janeiro, nesta segunda-feira (23), o pedetista evidenciou a ocorr\u00eancia de crimes lesa-p\u00e1tria pelo Pal\u00e1cio do Planalto.<\/p>\n<p style=\"font-weight: 400;\">Com ataques diretos a pautas identit\u00e1rias, como g\u00eanero e religi\u00e3o, Bolsonaro busca desviar, segundo o pedetista, a aten\u00e7\u00e3o da popula\u00e7\u00e3o de problemas urgentes gerados e potencializados nos \u00faltimos quatro anos.<\/p>\n<p style=\"font-weight: 400;\">\u201cBolsonaro quer inflamar o debate p\u00fablico com quest\u00f5es falsas, que n\u00e3o dizem respeito aos verdadeiros desafios a serem enfrentados. Temos que estar sempre atentos e manter o foco naquilo que o povo precisa: infla\u00e7\u00e3o, pre\u00e7os da carne, gasolina e g\u00e1s, desemprego e sal\u00e1rio congelado\u201d, pontuou, ao citar que uma parcela do eleitorado se liga ao chefe do Executivo \u201cpela ignor\u00e2ncia\u201d.<\/p>\n<p style=\"font-weight: 400;\">Sobre a pol\u00edtica de privatiza\u00e7\u00f5es que Bolsonaro deseja acelerar antes das elei\u00e7\u00f5es, Lupi avaliou que a \u201centrega do controle da soberania nacional\u201d configura \u201ccrimes de lesa-p\u00e1tria\u201d,<\/p>\n<p style=\"font-weight: 400;\">\u201cAgora, querem privatizar a Eletrobras. Est\u00e3o anunciando a privatiza\u00e7\u00e3o da Petrobras. Isso s\u00e3o os maiores ativos financeiros que o Brasil tem\u201d, afirmou.<\/p>\n<p style=\"font-weight: 400;\">O pedetista criticou, complementarmente, a tentativa de repasse, pelo governo federal, de informa\u00e7\u00f5es e acessos estrat\u00e9gicos ao setor privado, conforme evidenciado no acordo, sem detalhes divulgados oficialmente, com o empres\u00e1rio Elon Musk para atua\u00e7\u00e3o na regi\u00e3o amaz\u00f4nica.<\/p>\n<p style=\"font-weight: 400;\">\u201cO controle de sistemas de sat\u00e9lites, na Amaz\u00f4nia, \u00e9 soberania nacional. [O repasse] \u00e9 escuso, \u00e9 grav\u00edssimo contra o Brasil. Um absurdo, um crime. N\u00f3s vamos tomar todas as medidas parlamentares e jur\u00eddicas\u201d, alertou, indicando a entrada de novas a\u00e7\u00f5es no Supremo Tribunal Federal (STF) para impedir a efetiva\u00e7\u00e3o das tratativas.<\/p>\n<!-- AddThis Advanced Settings generic via filter on the_content --><!-- AddThis Share Buttons generic via filter on the_content -->","protected":false},"excerpt":{"rendered":"<p>Para o presidente nacional do PDT, o bolsonarismo deseja ainda ocultar os erros acumulados desde 2019 O presidente nacional do PDT, Carlos Lupi, disse que Jair Bolsonaro \u201cquer inflamar o debate p\u00fablico com quest\u00f5es falsas\u201d para ocultar os erros acumulados pelo \u201cdesgoverno\u201d nos \u00faltimos quatro anos. Durante\u00a0entrevista\u00a0ao programa Faixa Livre, da r\u00e1dio Bandeirantes do Rio&#8230;<!-- AddThis Advanced Settings generic via filter on wp_trim_excerpt --><!-- AddThis Share Buttons generic via filter on wp_trim_excerpt --><\/p>\n","protected":false},"author":17,"featured_media":82065,"comment_status":"closed","ping_status":"closed","sticky":false,"template":"","format":"standard","meta":{"_monsterinsights_skip_tracking":false,"_monsterinsights_sitenote_active":false,"_monsterinsights_sitenote_note":"","_monsterinsights_sitenote_category":0,"_uf_show_specific_survey":0,"_uf_disable_surveys":false,"footnotes":""},"categories":[1390,5417,1401],"tags":[],"class_list":["post-82061","post","type-post","status-publish","format-standard","has-post-thumbnail","hentry","category-editorias","category-carlos-lupi","category-nacional"],"acf":[],"_links":{"self":[{"href":"https:\/\/pdt-rj.org.br\/index.php\/wp-json\/wp\/v2\/posts\/82061","targetHints":{"allow":["GET"]}}],"collection":[{"href":"https:\/\/pdt-rj.org.br\/index.php\/wp-json\/wp\/v2\/posts"}],"about":[{"href":"https:\/\/pdt-rj.org.br\/index.php\/wp-json\/wp\/v2\/types\/post"}],"author":[{"embeddable":true,"href":"https:\/\/pdt-rj.org.br\/index.php\/wp-json\/wp\/v2\/users\/17"}],"replies":[{"embeddable":true,"href":"https:\/\/pdt-rj.org.br\/index.php\/wp-json\/wp\/v2\/comments?post=82061"}],"version-history":[{"count":2,"href":"https:\/\/pdt-rj.org.br\/index.php\/wp-json\/wp\/v2\/posts\/82061\/revisions"}],"predecessor-version":[{"id":82162,"href":"https:\/\/pdt-rj.org.br\/index.php\/wp-json\/wp\/v2\/posts\/82061\/revisions\/82162"}],"wp:featuredmedia":[{"embeddable":true,"href":"https:\/\/pdt-rj.org.br\/index.php\/wp-json\/wp\/v2\/media\/82065"}],"wp:attachment":[{"href":"https:\/\/pdt-rj.org.br\/index.php\/wp-json\/wp\/v2\/media?parent=82061"}],"wp:term":[{"taxonomy":"category","embeddable":true,"href":"https:\/\/pdt-rj.org.br\/index.php\/wp-json\/wp\/v2\/categories?post=82061"},{"taxonomy":"post_tag","embeddable":true,"href":"https:\/\/pdt-rj.org.br\/index.php\/wp-json\/wp\/v2\/tags?post=82061"}],"curies":[{"name":"wp","href":"https:\/\/api.w.org\/{rel}","templated":true}]}}