{"id":82054,"date":"2022-05-23T10:19:29","date_gmt":"2022-05-23T13:19:29","guid":{"rendered":"https:\/\/pdt-rj.org.br\/?p=82054"},"modified":"2022-05-23T19:56:58","modified_gmt":"2022-05-23T22:56:58","slug":"ivanir-dos-santos-condena-intolerancia-religiosa-durante-protesto-em-itaborai","status":"publish","type":"post","link":"https:\/\/pdt-rj.org.br\/index.php\/ivanir-dos-santos-condena-intolerancia-religiosa-durante-protesto-em-itaborai\/","title":{"rendered":"Ivanir dos Santos condena intoler\u00e2ncia religiosa durante protesto em Itabora\u00ed"},"content":{"rendered":"<p><strong>Manifesta\u00e7\u00e3o ocorre ap\u00f3s caso de amea\u00e7a contra adeptos de religi\u00f5es de matriz africana<\/strong><\/p>\n<p>Pr\u00e9-candidato ao Senado Federal pelo PDT, o babalaw\u00f4 Ivanir dos Santos, ao lado de outros representantes de religi\u00f5es de matriz africana, participou de uma manifesta\u00e7\u00e3o neste domingo (22), na Pra\u00e7a Marechal Floriano Peixoto, no Centro de Itabora\u00ed, contra a intoler\u00e2ncia religiosa. O protesto ocorreu ap\u00f3s o registro de ofensas do pastor Felippe Valad\u00e3o, na \u00faltima semana, em um evento da prefeitura.<\/p>\n<p>Em tom de amea\u00e7as, o pastor atacou adeptos das religi\u00f5es e dos terreiros durante apresenta\u00e7\u00e3o p\u00fablica. Como resultado, o caso ser\u00e1 analisado pela Pol\u00edcia Civil, a partir de imagens gravadas, e poder\u00e1 convocar todos os envolvidos para prestar depoimento.<\/p>\n<p>Ivanir dos Santos classificou o fato como \u201cabomin\u00e1vel\u201d ao refor\u00e7ar a import\u00e2ncia de lutar pela liberdade e democracia.<\/p>\n<p>&#8220;Intoler\u00e2ncia religiosa \u00e9 crime e o interessante \u00e9 que constru\u00edram argumentos para tentar justificar o injustific\u00e1vel. Que eu saiba, o poder p\u00fablico n\u00e3o pode financiar culto&#8221;, disse.<\/p>\n<p>\u201cEnt\u00e3o, esse \u00e9 um ato que \u00e9 abomin\u00e1vel e n\u00e3o cabe mais disso no Brasil de hoje. No momento em que todos n\u00f3s queremos lutar pela liberdade, democracia, o Estado laico e a diversidade n\u00e3o cabe, n\u00e3o se justifica\u201d, completou.<\/p>\n<p><em>*Com informa\u00e7\u00f5es do O Dia.<\/em><\/p>\n<!-- AddThis Advanced Settings generic via filter on the_content --><!-- AddThis Share Buttons generic via filter on the_content -->","protected":false},"excerpt":{"rendered":"<p>Manifesta\u00e7\u00e3o ocorre ap\u00f3s caso de amea\u00e7a contra adeptos de religi\u00f5es de matriz africana Pr\u00e9-candidato ao Senado Federal pelo PDT, o babalaw\u00f4 Ivanir dos Santos, ao lado de outros representantes de religi\u00f5es de matriz africana, participou de uma manifesta\u00e7\u00e3o neste domingo (22), na Pra\u00e7a Marechal Floriano Peixoto, no Centro de Itabora\u00ed, contra a intoler\u00e2ncia religiosa. O&#8230;<!-- AddThis Advanced Settings generic via filter on wp_trim_excerpt --><!-- AddThis Share Buttons generic via filter on wp_trim_excerpt --><\/p>\n","protected":false},"author":17,"featured_media":82057,"comment_status":"closed","ping_status":"closed","sticky":false,"template":"","format":"standard","meta":{"_monsterinsights_skip_tracking":false,"_monsterinsights_sitenote_active":false,"_monsterinsights_sitenote_note":"","_monsterinsights_sitenote_category":0,"_uf_show_specific_survey":0,"_uf_disable_surveys":false,"footnotes":""},"categories":[1390,1402],"tags":[],"class_list":["post-82054","post","type-post","status-publish","format-standard","has-post-thumbnail","hentry","category-editorias","category-cidades"],"acf":[],"_links":{"self":[{"href":"https:\/\/pdt-rj.org.br\/index.php\/wp-json\/wp\/v2\/posts\/82054","targetHints":{"allow":["GET"]}}],"collection":[{"href":"https:\/\/pdt-rj.org.br\/index.php\/wp-json\/wp\/v2\/posts"}],"about":[{"href":"https:\/\/pdt-rj.org.br\/index.php\/wp-json\/wp\/v2\/types\/post"}],"author":[{"embeddable":true,"href":"https:\/\/pdt-rj.org.br\/index.php\/wp-json\/wp\/v2\/users\/17"}],"replies":[{"embeddable":true,"href":"https:\/\/pdt-rj.org.br\/index.php\/wp-json\/wp\/v2\/comments?post=82054"}],"version-history":[{"count":2,"href":"https:\/\/pdt-rj.org.br\/index.php\/wp-json\/wp\/v2\/posts\/82054\/revisions"}],"predecessor-version":[{"id":82058,"href":"https:\/\/pdt-rj.org.br\/index.php\/wp-json\/wp\/v2\/posts\/82054\/revisions\/82058"}],"wp:featuredmedia":[{"embeddable":true,"href":"https:\/\/pdt-rj.org.br\/index.php\/wp-json\/wp\/v2\/media\/82057"}],"wp:attachment":[{"href":"https:\/\/pdt-rj.org.br\/index.php\/wp-json\/wp\/v2\/media?parent=82054"}],"wp:term":[{"taxonomy":"category","embeddable":true,"href":"https:\/\/pdt-rj.org.br\/index.php\/wp-json\/wp\/v2\/categories?post=82054"},{"taxonomy":"post_tag","embeddable":true,"href":"https:\/\/pdt-rj.org.br\/index.php\/wp-json\/wp\/v2\/tags?post=82054"}],"curies":[{"name":"wp","href":"https:\/\/api.w.org\/{rel}","templated":true}]}}