{"id":82043,"date":"2022-05-22T19:03:10","date_gmt":"2022-05-22T22:03:10","guid":{"rendered":"https:\/\/pdt-rj.org.br\/?p=82043"},"modified":"2022-05-23T16:22:23","modified_gmt":"2022-05-23T19:22:23","slug":"agenda-2030-e-o-pdt-nas-eleicoes","status":"publish","type":"post","link":"https:\/\/pdt-rj.org.br\/index.php\/agenda-2030-e-o-pdt-nas-eleicoes\/","title":{"rendered":"Agenda 2030 e o PDT nas elei\u00e7\u00f5es"},"content":{"rendered":"<p><strong><span class=\"s6\"><span class=\"bumpedFont15\">Programas, projetos e candidaturas com <\/span><\/span><span class=\"s6\"><span class=\"bumpedFont15\">uma agenda c<\/span><\/span><span class=\"s6\"><span class=\"bumpedFont15\">omprometida co<\/span><\/span><span class=\"s6\"><span class=\"bumpedFont15\">m o desenvolvimento sustent\u00e1vel<\/span><\/span><\/strong><\/p>\n<p class=\"s5\"><span class=\"s4\"><span class=\"bumpedFont20\">\u201c<\/span><\/span><em><span class=\"s4\"><span class=\"bumpedFont20\">A Rio\u201392, hoje, j\u00e1 merece outro nome: O Encontro da Esperan\u00e7a. At\u00e9 o fim desta semana, atingir\u00e1 seu ponto mais alto, com a presen\u00e7a de cerca de 120 Chefes de Estado. Estar\u00e3o juntos os respons\u00e1veis pelas mais importantes<\/span><\/span><span class=\"s4\"><span class=\"bumpedFont20\"> decis\u00f5es sobre os destinos do mundo para uma reflex\u00e3o sobre o que precisamos fazer em defesa da vida, frente aos impasses que se avolumam diante de toda a humanidade, pobres ou ricos. Ou assumimos uma atitude diante da degrada\u00e7\u00e3o crescente do meio ambient<\/span><\/span><\/em><span class=\"s4\"><span class=\"bumpedFont20\"><em>e, especialmente daquilo que fazemos contra o pr\u00f3prio ser humano, ou afundaremos no mart\u00edrio da destrui\u00e7\u00e3o da natureza e de nossa pr\u00f3pria esp\u00e9cie\u201d<\/em> \u2013 Leonel Brizola, em O esp\u00edrito do Rio, de 7 de junho de 1992.<\/span><\/span><\/p>\n<p class=\"s7\"><span class=\"s6\"><span class=\"bumpedFont15\">Trinta anos depois\u2026<\/span><\/span><\/p>\n<p class=\"s8\"><span class=\"s6\"><span class=\"bumpedFont15\">Chuvas torrenciais, <\/span><\/span><span class=\"s6\"><span class=\"bumpedFont15\">devasta\u00e7\u00e3<\/span><\/span><span class=\"s6\"><span class=\"bumpedFont15\">o acelerada de biomas<\/span><\/span><span class=\"s6\"><span class=\"bumpedFont15\">;<\/span><\/span><span class=\"s6\"><span class=\"bumpedFont15\"> aparecimento de novas doen\u00e7as<\/span><\/span><span class=\"s6\"><span class=\"bumpedFont15\"> (algumas, como a hepatite, inerentes a adultos, que acometem crian\u00e7as);<\/span><\/span> <span class=\"s6\"><span class=\"bumpedFont15\">nece<\/span><\/span><span class=\"s6\"><span class=\"bumpedFont15\">ssidade de redu\u00e7\u00e3o de gases de efeito estufa<\/span><\/span><span class=\"s6\"><span class=\"bumpedFont15\">;<\/span><\/span><span class=\"s6\"><span class=\"bumpedFont15\"> impacto do descarte inapropriado de <\/span><\/span><span class=\"s6\"><span class=\"bumpedFont15\">res\u00edduos<\/span><\/span><span class=\"s6\"><span class=\"bumpedFont15\">;<\/span><\/span> <span class=\"s6\"><span class=\"bumpedFont15\">crescimento de desastres so<\/span><\/span><span class=\"s6\"><span class=\"bumpedFont15\">cioambie<\/span><\/span><span class=\"s6\"><span class=\"bumpedFont15\">ntais<\/span><\/span><span class=\"s6\"><span class=\"bumpedFont15\">.<\/span><\/span><\/p>\n<p class=\"s8\"><span class=\"s6\"><span class=\"bumpedFont15\">Este conjunto de causas e efeitos \u2013 que resulta em grandes<\/span><\/span><span class=\"s6\"><span class=\"bumpedFont15\"> preju\u00edzos<\/span><\/span><span class=\"s6\"><span class=\"bumpedFont15\">: financeiros;<\/span><\/span><span class=\"s6\"><span class=\"bumpedFont15\"> em bem<\/span><\/span><span class=\"s6\"><span class=\"bumpedFont15\">&#8211;<\/span><\/span><span class=\"s6\"><span class=\"bumpedFont15\">estar<\/span><\/span><span class=\"s6\"><span class=\"bumpedFont15\">; <\/span><\/span><span class=\"s6\"><span class=\"bumpedFont15\">ou<\/span><\/span><span class=\"s6\"><span class=\"bumpedFont15\">mesmo<\/span><\/span><span class=\"s6\"><span class=\"bumpedFont15\"> em vidas perdidas<\/span><\/span><span class=\"s6\"><span class=\"bumpedFont15\"> \u2013<\/span><\/span> <span class=\"s6\"><span class=\"bumpedFont15\">lan\u00e7a<\/span><\/span><span class=\"s6\"><span class=\"bumpedFont15\">-nos <\/span><\/span><span class=\"s6\"><span class=\"bumpedFont15\">o olhar p<\/span><\/span><span class=\"s6\"><span class=\"bumpedFont15\">a<\/span><\/span><span class=\"s6\"><span class=\"bumpedFont15\">ra uma necess\u00e1ria e urgente pol\u00edtica que reconcilie o homem com sua casa<\/span><\/span><span class=\"s6\"><span class=\"bumpedFont15\">:<\/span><\/span><span class=\"s6\"><span class=\"bumpedFont15\"> o <\/span><\/span><span class=\"s6\"><span class=\"bumpedFont15\">Planeta Terra.<\/span><\/span><\/p>\n<p class=\"s8\"><span class=\"s6\"><span class=\"bumpedFont15\">E<\/span><\/span><span class=\"s6\"><span class=\"bumpedFont15\">m<\/span><\/span><span class=\"s6\"><span class=\"bumpedFont15\"> meu nome <\/span><\/span><span class=\"s6\"><span class=\"bumpedFont15\">e em nome de companheiros com quem <\/span><\/span><span class=\"s6\"><span class=\"bumpedFont15\">tenho <\/span><\/span><span class=\"s6\"><span class=\"bumpedFont15\">discutido, ami\u00fade, este tema, venho sugerir\u00a0<\/span><\/span><span class=\"s6\"><span class=\"bumpedFont15\">que <\/span><\/span><span class=\"s6\"><span class=\"bumpedFont15\">\u2013 <\/span><\/span><span class=\"s6\"><span class=\"bumpedFont15\">com <\/span><\/span><span class=\"s6\"><span class=\"bumpedFont15\">o aquecimento do debate p\u00fablico, <\/span><\/span><span class=\"s6\"><span class=\"bumpedFont15\">por conta destas elei\u00e7\u00f5es \u2013 <\/span><\/span><span class=\"s6\"><span class=\"bumpedFont15\">o PDT se apresente para a<\/span><\/span><span class=\"s6\"><span class=\"bumpedFont15\">\u00a0<\/span><\/span><span class=\"s6\"><span class=\"bumpedFont15\">sociedade com programas, projetos e candidaturas que promovam <\/span><\/span><span class=\"s6\"><span class=\"bumpedFont15\">uma agenda c<\/span><\/span><span class=\"s6\"><span class=\"bumpedFont15\">omprometida co<\/span><\/span><span class=\"s6\"><span class=\"bumpedFont15\">m o desenvolvimento sustent\u00e1vel<\/span><\/span><span class=\"s6\"><span class=\"bumpedFont15\">: <\/span><\/span><span class=\"s6\"><span class=\"bumpedFont15\">a agenda 2030<\/span><\/span><span class=\"s6\"><span class=\"bumpedFont15\">. <\/span><\/span><\/p>\n<p class=\"s8\"><span class=\"s6\"><span class=\"bumpedFont15\">Qual<\/span><\/span><span class=\"s6\"><span class=\"bumpedFont15\"> \u00e9 <\/span><\/span><span class=\"s6\"><span class=\"bumpedFont15\">a import\u00e2ncia d<\/span><\/span><span class=\"s6\"><span class=\"bumpedFont15\">esta Agenda?<\/span><\/span><\/p>\n<p class=\"s8\"><span class=\"s6\"><span class=\"bumpedFont15\">\u2013 <\/span><\/span><span class=\"s6\"><span class=\"bumpedFont15\">A Agenda 2030 \u00e9 um plano de a\u00e7\u00e3o global<\/span><\/span><span class=\"s6\"><span class=\"bumpedFont15\"> \u2013<\/span><\/span><span class=\"s6\"><span class=\"bumpedFont15\">que re\u00fane 17 objetivos de desenvolviment<\/span><\/span><span class=\"s6\"><span class=\"bumpedFont15\">o sustent\u00e1vel (ODS) e 169 metas \u2013<\/span><\/span><span class=\"s6\"><span class=\"bumpedFont15\"> criado para erradicar a pobreza e promov<\/span><\/span><span class=\"s6\"><span class=\"bumpedFont15\">er vida digna a todos, dentro das condi\u00e7\u00f5es que o nosso <\/span><\/span><span class=\"s6\"><span class=\"bumpedFont15\">Planeta <\/span><\/span><span class=\"s6\"><span class=\"bumpedFont15\">oferece<\/span><\/span><span class=\"s6\"><span class=\"bumpedFont15\">. E o mais importante:<\/span><\/span><span class=\"s6\"><span class=\"bumpedFont15\"> sem comprometer a qualidade de vida das pr\u00f3ximas gera\u00e7\u00f5es.<\/span><\/span><span class=\"s6\"><span class=\"bumpedFont15\"> Isto n\u00e3o \u00e9 a busca de um milagre; mas do poss\u00edvel.<\/span><\/span><\/p>\n<p class=\"s8\"><span class=\"s6\"><span class=\"bumpedFont15\">Ao incorporar uma agenda que se preocupa em construi<\/span><\/span><span class=\"s6\"><span class=\"bumpedFont15\">r solu\u00e7\u00f5es para um novo desenvolvimento <\/span><\/span><span class=\"s6\"><span class=\"bumpedFont15\">sustent\u00e1vel<\/span><\/span><span class=\"s6\"><span class=\"bumpedFont15\">, <\/span><\/span><span class=\"s6\"><span class=\"bumpedFont15\">noss<\/span><\/span><span class=\"s6\"><span class=\"bumpedFont15\">o <\/span><\/span><span class=\"s6\"><span class=\"bumpedFont15\">Partido est<\/span><\/span><span class=\"s6\"><span class=\"bumpedFont15\">ar\u00e1 <\/span><\/span><span class=\"s6\"><span class=\"bumpedFont15\">na vanguarda d<\/span><\/span><span class=\"s6\"><span class=\"bumpedFont15\">as <\/span><\/span><span class=\"s6\"><span class=\"bumpedFont15\">diferentes <\/span><\/span><span class=\"s6\"><span class=\"bumpedFont15\">can<\/span><\/span><span class=\"s6\"><span class=\"bumpedFont15\">d<\/span><\/span><span class=\"s6\"><span class=\"bumpedFont15\">idaturas do campo progressista. <\/span><\/span><span class=\"s6\"><span class=\"bumpedFont15\">Ao propormos a constru\u00e7\u00e3o de um novo polo de esquerda no pa\u00eds<\/span><\/span><span class=\"s6\"><span class=\"bumpedFont15\">,<\/span><\/span><span class=\"s6\"><span class=\"bumpedFont15\"> \u00e9 essencial <\/span><\/span><span class=\"s6\"><span class=\"bumpedFont15\">mostra<\/span><\/span><span class=\"s6\"><span class=\"bumpedFont15\">rmos quais ser\u00e3o os valores cent<\/span><\/span><span class=\"s6\"><span class=\"bumpedFont15\">rais <\/span><\/span><span class=\"s6\"><span class=\"bumpedFont15\">deste novo lugar pol\u00edtico.<\/span><\/span><\/p>\n<p class=\"s8\"><span class=\"s6\"><span class=\"bumpedFont15\">Penso que dev<\/span><\/span><span class=\"s6\"><span class=\"bumpedFont15\">e<\/span><\/span><span class=\"s6\"><span class=\"bumpedFont15\">mos<\/span><\/span><span class=\"s6\"><span class=\"bumpedFont15\"> \u2013 claro! \u2013 <\/span><\/span><span class=\"s6\"><span class=\"bumpedFont15\">reconhecer as quest\u00f5es que j\u00e1 <\/span><\/span><span class=\"s6\"><span class=\"bumpedFont15\">abra\u00e7\u00e1vamos<\/span><\/span><span class=\"s6\"><span class=\"bumpedFont15\"> at\u00e9 aqui, como<\/span><\/span><span class=\"s6\"><span class=\"bumpedFont15\"> as reformas estruturais que propusemos desde Vargas, Jango e Brizola<\/span><\/span><span class=\"s6\"><span class=\"bumpedFont15\">;<\/span><\/span><span class=\"s6\"><span class=\"bumpedFont15\"> mas \u00e9 preciso ir al\u00e9m<\/span><\/span><span class=\"s6\"><span class=\"bumpedFont15\">. <\/span><\/span><span class=\"s6\"><span class=\"bumpedFont15\">Para<\/span><\/span><span class=\"s6\"><span class=\"bumpedFont15\"> se contrapor a<\/span><\/span><span class=\"s6\"><span class=\"bumpedFont15\"> este conjunto de teses, nacion<\/span><\/span><span class=\"s6\"><span class=\"bumpedFont15\">alistas<\/span><\/span><span class=\"s6\"><span class=\"bumpedFont15\">,<\/span><\/span> <span class=\"s6\"><span class=\"bumpedFont15\">j\u00e1 <\/span><\/span><span class=\"s6\"><span class=\"bumpedFont15\">inserida<\/span><\/span><span class=\"s6\"><span class=\"bumpedFont15\">s<\/span><\/span><span class=\"s6\"><span class=\"bumpedFont15\"> em nosso ide\u00e1rio, <\/span><\/span><span class=\"s6\"><span class=\"bumpedFont15\">nossos advers\u00e1rios pol\u00edticos, \u00e0 esquerda e \u00e0 direita, j\u00e1 se uniram <\/span><\/span><span class=\"s6\"><span class=\"bumpedFont15\">em<\/span><\/span><span class=\"s6\"><span class=\"bumpedFont15\">uma oposi\u00e7\u00e3o conjunta<\/span><\/span><span class=\"s6\"><span class=\"bumpedFont15\">.<\/span><\/span><span class=\"s6\"><span class=\"bumpedFont15\"> Mas continuamos na vanguarda.<\/span><\/span><\/p>\n<p class=\"s8\"><span class=\"s6\"><span class=\"bumpedFont15\">\u00c9 fato que o PDT defende <\/span><\/span><span class=\"s6\"><span class=\"bumpedFont15\">\u2013 <\/span><\/span><span class=\"s6\"><span class=\"bumpedFont15\">desde sempre e com muito f\u00f4lego<\/span><\/span><span class=\"s6\"><span class=\"bumpedFont15\"> \u2013<\/span><\/span><span class=\"s6\"><span class=\"bumpedFont15\"> a democracia, os direitos humano<\/span><\/span><span class=\"s6\"><span class=\"bumpedFont15\">s, a educa\u00e7\u00e3o, a soberania, <\/span><\/span><span class=\"s6\"><span class=\"bumpedFont15\">a erradica\u00e7\u00e3o da mis\u00e9ria, o trabalho decente<\/span><\/span><span class=\"s6\"><span class=\"bumpedFont15\">; al\u00e9m de diversos<\/span><\/span><span class=\"s6\"><span class=\"bumpedFont15\"> temas <\/span><\/span><span class=\"s6\"><span class=\"bumpedFont15\">de urg\u00eancia nacional e<\/span><\/span> <span class=\"s6\"><span class=\"bumpedFont15\">tamb\u00e9m<\/span><\/span><span class=\"s6\"><span class=\"bumpedFont15\"> internaciona<\/span><\/span><span class=\"s6\"><span class=\"bumpedFont15\">l<\/span><\/span><span class=\"s6\"><span class=\"bumpedFont15\">, como membro da Internacional Socialista<\/span><\/span><span class=\"s6\"><span class=\"bumpedFont15\">. <\/span><\/span><\/p>\n<p class=\"s8\"><span class=\"s6\"><span class=\"bumpedFont15\">\u00c9 correto dizer tamb\u00e9m que desde sempre o Trabalhismo Brasileiro <\/span><\/span><span class=\"s6\"><span class=\"bumpedFont15\">associo<\/span><\/span><span class=\"s6\"><span class=\"bumpedFont15\">u<\/span><\/span><span class=\"s6\"><span class=\"bumpedFont15\">-se<\/span><\/span> <span class=\"s6\"><span class=\"bumpedFont15\">\u00e0<\/span><\/span><span class=\"s6\"><span class=\"bumpedFont15\">s causas do <\/span><\/span><span class=\"s6\"><span class=\"bumpedFont15\">bem-<\/span><\/span><span class=\"s6\"><span class=\"bumpedFont15\">estar<\/span><\/span><span class=\"s6\"><span class=\"bumpedFont15\"> e da qualidade de vida, especialmente as ligadas<\/span><\/span><span class=\"s6\"><span class=\"bumpedFont15\"> ao meio ambiente<\/span><\/span><span class=\"s6\"><span class=\"bumpedFont15\">.<\/span><\/span><span class=\"s6\"><span class=\"bumpedFont15\"> Esta \u00e9 a seiva que corre firme no cerne do PDT.<\/span><\/span><\/p>\n<p class=\"s8\"><span class=\"s6\"><span class=\"bumpedFont15\">Como resultante do progresso cient\u00edfico, em todos os setores,<\/span><\/span> <span class=\"s6\"><span class=\"bumpedFont15\">o S\u00e9culo 21 trouxe consigo um novo m<\/span><\/span><span class=\"s6\"><span class=\"bumpedFont15\">odelo<\/span><\/span><span class=\"s6\"><span class=\"bumpedFont15\"> de comuni<\/span><\/span><span class=\"s6\"><span class=\"bumpedFont15\">ca\u00e7\u00e3o<\/span><\/span><span class=\"s6\"><span class=\"bumpedFont15\">, atrav\u00e9s d<\/span><\/span><span class=\"s6\"><span class=\"bumpedFont15\">e<\/span><\/span><span class=\"s6\"><span class=\"bumpedFont15\"> aparelhos<\/span><\/span><span class=\"s6\"><span class=\"bumpedFont15\">, cada vez mais sofisticados,<\/span><\/span><span class=\"s6\"><span class=\"bumpedFont15\"> que at\u00e9 se pode entender, sem abuso conotativo, como a expans\u00e3o dos nossos dedos.<\/span><\/span><\/p>\n<p class=\"s8\"><span class=\"s6\"><span class=\"bumpedFont15\">Este conjunto implica a necessidade de uma produ\u00e7\u00e3o consciente para competir neste campo de ideias. Para isto, \u00e9 impe<\/span><\/span><span class=\"s6\"><span class=\"bumpedFont15\">rioso que se busque uma nova linguagem;<\/span><\/span><span class=\"s6\"><span class=\"bumpedFont15\"> nova roupagem<\/span><\/span><span class=\"s6\"><span class=\"bumpedFont15\">;<\/span><\/span><span class=\"s6\"><span class=\"bumpedFont15\"> novos protagonismos. <\/span><\/span><span class=\"s6\"><span class=\"bumpedFont15\">Quadros competentes para esta divulga\u00e7\u00e3o <\/span><\/span><span class=\"s6\"><span class=\"bumpedFont15\">n\u00f3s temos<\/span><\/span><span class=\"s6\"><span class=\"bumpedFont15\">, comprovadamente<\/span><\/span><span class=\"s6\"><span class=\"bumpedFont15\">.<\/span><\/span><\/p>\n<p class=\"s8\"><span class=\"s6\"><span class=\"bumpedFont15\">Aqui<\/span><\/span><span class=\"s6\"><span class=\"bumpedFont15\">,<\/span><\/span> <span class=\"s6\"><span class=\"bumpedFont15\">chamo aten\u00e7\u00e3o para nossa aguerrida<\/span><\/span><span class=\"s6\"><span class=\"bumpedFont15\">Juventude Socialista que<\/span><\/span><span class=\"s6\"><span class=\"bumpedFont15\">,<\/span><\/span><span class=\"s6\"><span class=\"bumpedFont15\"> honrando<\/span><\/span><span class=\"s6\"><span class=\"bumpedFont15\"> a heran\u00e7a acumulada desde o primeir<\/span><\/span><span class=\"s6\"><span class=\"bumpedFont15\">o ato da Ala Jovem, \u00e9 <\/span><\/span><span class=\"s6\"><span class=\"bumpedFont15\">po<\/span><\/span><span class=\"s6\"><span class=\"bumpedFont15\">rtadora do mais inequ\u00edvoco esp\u00edrito<\/span><\/span><span class=\"s6\"><span class=\"bumpedFont15\"> reformador, <\/span><\/span><span class=\"s6\"><span class=\"bumpedFont15\">\u00e0 frent<\/span><\/span><span class=\"s6\"><span class=\"bumpedFont15\">e mesmo quando somos vanguarda.<\/span><\/span><\/p>\n<p class=\"s8\"><span class=\"s6\"><span class=\"bumpedFont15\">Estes jovens possuem um <\/span><\/span><span class=\"s6\"><span class=\"bumpedFont15\">grande <\/span><\/span><span class=\"s6\"><span class=\"bumpedFont15\">desafio<\/span><\/span><span class=\"s6\"><span class=\"bumpedFont15\">:<\/span><\/span><span class=\"s6\"><span class=\"bumpedFont15\"> ser\u00e3o eles os guardi\u00f5es da<\/span><\/span><span class=\"s6\"><span class=\"bumpedFont15\">s<\/span><\/span><span class=\"s6\"><span class=\"bumpedFont15\"> atua<\/span><\/span><span class=\"s6\"><span class=\"bumpedFont15\">is e<\/span><\/span><span class=\"s6\"><span class=\"bumpedFont15\"> futura<\/span><\/span><span class=\"s6\"><span class=\"bumpedFont15\">s<\/span><\/span><span class=\"s6\"><span class=\"bumpedFont15\"> gera\u00e7<\/span><\/span><span class=\"s6\"><span class=\"bumpedFont15\">\u00f5es. Por suas m\u00e3os \u2013<\/span><\/span><span class=\"s6\"><span class=\"bumpedFont15\"> compartilhando aprendizado<\/span><\/span><span class=\"s6\"><span class=\"bumpedFont15\">s e sabe<\/span><\/span><span class=\"s6\"><span class=\"bumpedFont15\">res com os mais antigos \u2013<\/span><\/span><span class=\"s6\"><span class=\"bumpedFont15\"> \u00e9 poss\u00edvel produzir a necess\u00e1ria conex\u00e3o d<\/span><\/span><span class=\"s6\"><span class=\"bumpedFont15\">o Partido \u00e0s emerg\u00eancias s<\/span><\/span><span class=\"s6\"><span class=\"bumpedFont15\">o<\/span><\/span><span class=\"s6\"><span class=\"bumpedFont15\">cioambientais frutificadas pelo<\/span><\/span> <span class=\"s6\"><span class=\"bumpedFont15\">desenvolvimento capitalista poluidor do presente<\/span><\/span><span class=\"s6\"><span class=\"bumpedFont15\">.<\/span><\/span><\/p>\n<p class=\"s8\"><span class=\"s6\"><span class=\"bumpedFont15\">Como <\/span><\/span><span class=\"s6\"><span class=\"bumpedFont15\">sentenciou<\/span><\/span><span class=\"s6\"><span class=\"bumpedFont15\"> Brizola<\/span><\/span><span class=\"s6\"><span class=\"bumpedFont15\">,<\/span><\/span><span class=\"s6\"><span class=\"bumpedFont15\"> em certa ocasi\u00e3o: <\/span><\/span><span class=\"s6\"><span class=\"bumpedFont15\">\u201c\u2026 <\/span><\/span><span class=\"s6\"><span class=\"bumpedFont15\">jovens do meu Brasil<\/span><\/span><span class=\"s6\"><span class=\"bumpedFont15\">:<\/span><\/span><span class=\"s6\"><span class=\"bumpedFont15\"> tomem o des<\/span><\/span><span class=\"s6\"><span class=\"bumpedFont15\">tino do pa\u00eds em suas m\u00e3os\u201d. No futuro pr\u00f3ximo penso que eles ser\u00e3o chamados <\/span><\/span><span class=\"s6\"><span class=\"bumpedFont15\">n\u00e3o s\u00f3 de trabalhistas<\/span><\/span><span class=\"s6\"><span class=\"bumpedFont15\">;<\/span><\/span><span class=\"s6\"><span class=\"bumpedFont15\"> mas <\/span><\/span><span class=\"s6\"><span class=\"bumpedFont15\">tamb\u00e9m<\/span><\/span><span class=\"s6\"><span class=\"bumpedFont15\"> de ativistas <\/span><\/span><span class=\"s6\"><span class=\"bumpedFont15\">ecotrabalhistas, <\/span><\/span><span class=\"s6\"><span class=\"bumpedFont15\">atualizando a teoria e a <\/span><\/span><span class=\"s6\"><span class=\"bumpedFont15\">praxis <\/span><\/span><span class=\"s6\"><span class=\"bumpedFont15\">do <\/span><\/span><span class=\"s6\"><span class=\"bumpedFont15\">nosso ide\u00e1rio pol\u00edtico. <\/span><\/span><\/p>\n<p class=\"s8\"><span class=\"s6\"><span class=\"bumpedFont15\">O pr\u00f3prio Partido tem realizado esfor\u00e7os na organiza\u00e7\u00e3o<\/span><\/span><span class=\"s6\"><span class=\"bumpedFont15\"> de sua milit\u00e2ncia ambientalista nas inst\u00e2ncias de um movimento partid\u00e1rio espec\u00edfico<\/span><\/span><span class=\"s6\"><span class=\"bumpedFont15\"> \u2013<\/span><\/span><span class=\"s6\"><span class=\"bumpedFont15\"> o Ecotrabalhismo \u2013<\/span><\/span><span class=\"s6\"><span class=\"bumpedFont15\">,<\/span><\/span><span class=\"s6\"><span class=\"bumpedFont15\"> que tem promovido diversas a\u00e7\u00f5es em todo pa\u00eds. Recentemente, se dedicou ao lan\u00e7amento de uma Cartilha dedicada a apresentar as posi\u00e7\u00f5es do movimento<\/span><\/span><span class=\"s6\"><span class=\"bumpedFont15\"> e do PDT sobre variadas quest\u00f5es ambientais.<\/span><\/span><\/p>\n<p class=\"s8\"><span class=\"s6\"><span class=\"bumpedFont15\">\u00c9 pensando <\/span><\/span><span class=\"s6\"><span class=\"bumpedFont15\">nesta nossa responsabilidade partid\u00e1ria, como representantes do Trabalhismo,<\/span><\/span><span class=\"s6\"><span class=\"bumpedFont15\"> e olhando p<\/span><\/span><span class=\"s6\"><span class=\"bumpedFont15\">a<\/span><\/span><span class=\"s6\"><span class=\"bumpedFont15\">ra <\/span><\/span><span class=\"s6\"><span class=\"bumpedFont15\">a <\/span><\/span><span class=\"s6\"><span class=\"bumpedFont15\">grave crise clim\u00e1tica<\/span><\/span><span class=\"s6\"><span class=\"bumpedFont15\"> \u2013 <\/span><\/span><span class=\"s6\"><span class=\"bumpedFont15\">qu<\/span><\/span><span class=\"s6\"><span class=\"bumpedFont15\">e tende ao<\/span><\/span><span class=\"s6\"><span class=\"bumpedFont15\">consenso entre estudiosos do assunto<\/span><\/span><span class=\"s6\"><span class=\"bumpedFont15\"> \u2013<\/span><\/span><span class=\"s6\"><span class=\"bumpedFont15\"> que sugiro que<\/span><\/span><span class=\"s6\"><span class=\"bumpedFont15\">,<\/span><\/span><span class=\"s6\"><span class=\"bumpedFont15\"> nestas elei\u00e7\u00f5<\/span><\/span><span class=\"s6\"><span class=\"bumpedFont15\">es<\/span><\/span><span class=\"s6\"><span class=\"bumpedFont15\">,<\/span><\/span><span class=\"s6\"><span class=\"bumpedFont15\"> sejamos ousados<\/span><\/span><span class=\"s6\"><span class=\"bumpedFont15\">. E, para tanto,<\/span><\/span><span class=\"s6\"><span class=\"bumpedFont15\"> independente d<\/span><\/span><span class=\"s6\"><span class=\"bumpedFont15\">a ind\u00fastria d<\/span><\/span><span class=\"s6\"><span class=\"bumpedFont15\">e pesquisas<\/span><\/span><span class=\"s6\"><span class=\"bumpedFont15\">,<\/span><\/span> <span class=\"s6\"><span class=\"bumpedFont15\">que <\/span><\/span><span class=\"s6\"><span class=\"bumpedFont15\">constr\u00f3i <\/span><\/span><span class=\"s6\"><span class=\"bumpedFont15\">e manipula opini\u00e3o<\/span><\/span><span class=\"s6\"><span class=\"bumpedFont15\"> do eleitor<\/span><\/span><span class=\"s6\"><span class=\"bumpedFont15\">, apresentemos uma fort\u00edssima<\/span><\/span> <span class=\"s6\"><span class=\"bumpedFont15\">plataforma ecotrabalhista<\/span><\/span><span class=\"s6\"><span class=\"bumpedFont15\">,<\/span><\/span><span class=\"s6\"><span class=\"bumpedFont15\">fundamentada<\/span><\/span><span class=\"s6\"><span class=\"bumpedFont15\"> na chamada Agenda 2030. <\/span><\/span><\/p>\n<p class=\"s8\"><span class=\"s6\"><span class=\"bumpedFont15\">O novo locus do<\/span><\/span> <span class=\"s6\"><span class=\"bumpedFont15\">Trabalhismo Brasileiro deve<\/span><\/span> <span class=\"s6\"><span class=\"bumpedFont15\">nos posicionar <\/span><\/span><span class=\"s6\"><span class=\"bumpedFont15\">ombro a ombro com<\/span><\/span><span class=\"s6\"><span class=\"bumpedFont15\"> as mais contempor\u00e2neas doutrinas pol\u00edticas<\/span><\/span><span class=\"s6\"><span class=\"bumpedFont15\"> para<\/span><\/span><span class=\"s6\"><span class=\"bumpedFont15\"> dete<\/span><\/span><span class=\"s6\"><span class=\"bumpedFont15\">r<\/span><\/span><span class=\"s6\"><span class=\"bumpedFont15\"> o avan\u00e7o da direita<\/span><\/span><span class=\"s6\"><span class=\"bumpedFont15\"> fascist<\/span><\/span><span class=\"s6\"><span class=\"bumpedFont15\">o<\/span><\/span><span class=\"s6\"><span class=\"bumpedFont15\">ide<\/span><\/span><span class=\"s6\"><span class=\"bumpedFont15\">, cujo ponto irradiador se situa em outro Continente. Esta \u00e9 uma miss\u00e3o para o presente, sem <\/span><\/span><span class=\"s6\"><span class=\"bumpedFont15\">nos <\/span><\/span><span class=\"s6\"><span class=\"bumpedFont15\">esquecer de olhar al\u00e9m<\/span><\/span><span class=\"s6\"><span class=\"bumpedFont15\">:<\/span><\/span><span class=\"s6\"><span class=\"bumpedFont15\">romp<\/span><\/span><span class=\"s6\"><span class=\"bumpedFont15\">er,<\/span><\/span><span class=\"s6\"><span class=\"bumpedFont15\"> sem medo<\/span><\/span><span class=\"s6\"><span class=\"bumpedFont15\">,<\/span><\/span> <span class=\"s6\"><span class=\"bumpedFont15\">com os estigmas da esquerda envelhecida<\/span><\/span><span class=\"s6\"><span class=\"bumpedFont15\"> \u2013<\/span><\/span> <span class=\"s6\"><span class=\"bumpedFont15\">inebriada <\/span><\/span><span class=\"s6\"><span class=\"bumpedFont15\">pelo discurso de um desenvolvimento que produz a destrui\u00e7\u00e3o da natureza<\/span><\/span><span class=\"s6\"><span class=\"bumpedFont15\"> e<\/span><\/span><span class=\"s6\"><span class=\"bumpedFont15\">,<\/span><\/span><span class=\"s6\"><span class=\"bumpedFont15\"> consequentemente<\/span><\/span><span class=\"s6\"><span class=\"bumpedFont15\">,<\/span><\/span><span class=\"s6\"><span class=\"bumpedFont15\"> seja insustent\u00e1vel<\/span><\/span><span class=\"s6\"><span class=\"bumpedFont15\">.<\/span><\/span><\/p>\n<p class=\"s8\"><span class=\"s6\"><span class=\"bumpedFont15\">Ao incorporar os Objetivos do Desenvolvimento Sustent\u00e1vel<\/span><\/span> <span class=\"s6\"><span class=\"bumpedFont15\">(ODS) em nossa prega\u00e7\u00e3o, filtra<\/span><\/span><span class=\"s6\"><span class=\"bumpedFont15\">remos tod<\/span><\/span><span class=\"s6\"><span class=\"bumpedFont15\">o<\/span><\/span><span class=\"s6\"><span class=\"bumpedFont15\"> nosso ide\u00e1rio que ser\u00e1 <\/span><\/span><span class=\"s6\"><span class=\"bumpedFont15\">reformulado com base em<\/span><\/span><span class=\"s6\"><span class=\"bumpedFont15\"> nov\u00edssimos arranjos p<\/span><\/span><span class=\"s6\"><span class=\"bumpedFont15\">ol\u00edticos, econ\u00f4micos e sociais de <\/span><\/span><span class=\"s6\"><span class=\"bumpedFont15\">demandas exig\u00edveis neste s\u00e9culo<\/span><\/span><span class=\"s6\"><span class=\"bumpedFont15\">. S\u00f3 assim entregaremos respostas que construam verdadeiramente <\/span><\/span><span class=\"s6\"><span class=\"bumpedFont15\">\u00e0 <\/span><\/span><span class=\"s6\"><span class=\"bumpedFont15\">t\u00e3o sonhada justi\u00e7a social, <\/span><\/span><span class=\"s6\"><span class=\"bumpedFont15\">que tamb\u00e9m incorpo<\/span><\/span><span class=\"s6\"><span class=\"bumpedFont15\">rar\u00e1 a<\/span><\/span><span class=\"s6\"><span class=\"bumpedFont15\"> dimens<\/span><\/span><span class=\"s6\"><span class=\"bumpedFont15\">\u00e3o <\/span><\/span><span class=\"s6\"><span class=\"bumpedFont15\">ambientais.<\/span><\/span><\/p>\n<p class=\"s8\"><span class=\"s6\"><span class=\"bumpedFont15\">Ao cabo<\/span><\/span><span class=\"s6\"><span class=\"bumpedFont15\">,<\/span><\/span> <span class=\"s6\"><span class=\"bumpedFont15\">toda esta nossa prega\u00e7\u00e3o vai no sentido de contribuir com<\/span><\/span> <span class=\"s6\"><span class=\"bumpedFont15\">o Projeto Nacional de Desenvolvimento, que tem sido defendido pelo nosso pr\u00e9-candidato a presidente Ciro<\/span><\/span><span class=\"s6\"><span class=\"bumpedFont15\"> Gomes e toda nossa milit\u00e2ncia.<\/span><\/span><\/p>\n<p class=\"s8\"><span class=\"s6\"><span class=\"bumpedFont15\">Ficamos felizes <\/span><\/span><span class=\"s6\"><span class=\"bumpedFont15\">em<\/span><\/span><span class=\"s6\"><span class=\"bumpedFont15\"> assist<\/span><\/span><span class=\"s6\"><span class=\"bumpedFont15\">ir <\/span><\/span><span class=\"s6\"><span class=\"bumpedFont15\">a <\/span><\/span><span class=\"s6\"><span class=\"bumpedFont15\">Ciro aponta<\/span><\/span><span class=\"s6\"><span class=\"bumpedFont15\">r<\/span><\/span><span class=\"s6\"><span class=\"bumpedFont15\">caminhos<\/span><\/span><span class=\"s6\"><span class=\"bumpedFont15\">,<\/span><\/span><span class=\"s6\"><span class=\"bumpedFont15\"> quando fala<\/span><\/span><span class=\"s6\"><span class=\"bumpedFont15\"> em transformar a Petrobr\u00e1<\/span><\/span><span class=\"s6\"><span class=\"bumpedFont15\">s<\/span><\/span><span class=\"s6\"><span class=\"bumpedFont15\">numa grande e<\/span><\/span><span class=\"s6\"><span class=\"bumpedFont15\">mpresa de energias sustent\u00e1veis \u2013<\/span><\/span><span class=\"s6\"><span class=\"bumpedFont15\">discurso completamente conectado com as necessidades do futuro<\/span><\/span><span class=\"s6\"><span class=\"bumpedFont15\">;<\/span><\/span><span class=\"s6\"><span class=\"bumpedFont15\"> e muito com uma boa perspectiva de transi\u00e7\u00e3o energ\u00e9tica. <\/span><\/span><\/p>\n<p class=\"s8\"><span class=\"s6\"><span class=\"bumpedFont15\">Ao dar centralidade <\/span><\/span><span class=\"s6\"><span class=\"bumpedFont15\">ao temas da sustentabilidade e inc<\/span><\/span><span class=\"s6\"><span class=\"bumpedFont15\">orporar o filtro da Agenda 2030, <\/span><\/span><span class=\"s6\"><span class=\"bumpedFont15\">acreditamos que \u00e9 poss\u00edvel <\/span><\/span><span class=\"s6\"><span class=\"bumpedFont15\">ampli<\/span><\/span><span class=\"s6\"><span class=\"bumpedFont15\">ar nosso programa<\/span><\/span><span class=\"s6\"><span class=\"bumpedFont15\">;<\/span><\/span><span class=\"s6\"><span class=\"bumpedFont15\"> e<\/span><\/span><span class=\"s6\"><span class=\"bumpedFont15\">,<\/span><\/span><span class=\"s6\"><span class=\"bumpedFont15\"> j\u00e1 nesta elei\u00e7\u00e3o<\/span><\/span><span class=\"s6\"><span class=\"bumpedFont15\">,<\/span><\/span><span class=\"s6\"><span class=\"bumpedFont15\"> garantir que a sustentabilidade seja uma dimens\u00e3o inserida ao PND, tornando-o um PND Sustent\u00e1vel.<\/span><\/span><\/p>\n<p class=\"s8\"><span class=\"s6\"><span class=\"bumpedFont15\">O PDT<\/span><\/span> <span class=\"s6\"><span class=\"bumpedFont15\">\u2013 <\/span><\/span><span class=\"s6\"><span class=\"bumpedFont15\">um partido <\/span><\/span><span class=\"s6\"><span class=\"bumpedFont15\">que tra<\/span><\/span><span class=\"s6\"><span class=\"bumpedFont15\">z<\/span><\/span><span class=\"s6\"><span class=\"bumpedFont15\"> consigo uma tradi\u00e7\u00e3o pol\u00edtica que j\u00e1 o diferencia dentre os demais da esquerda nacional<\/span><\/span><span class=\"s6\"><span class=\"bumpedFont15\"> \u2013 <\/span><\/span><span class=\"s6\"><span class=\"bumpedFont15\">ao incorporar a <\/span><\/span><span class=\"s6\"><span class=\"bumpedFont15\">Agenda <\/span><\/span><span class=\"s6\"><span class=\"bumpedFont15\">2030 e<\/span><\/span><span class=\"s6\"><span class=\"bumpedFont15\">,<\/span><\/span><span class=\"s6\"><span class=\"bumpedFont15\"> os princ\u00edpios ligados ao meio ambiente e a sustentabilidade<\/span><\/span><span class=\"s6\"><span class=\"bumpedFont15\">,<\/span><\/span><span class=\"s6\"><span class=\"bumpedFont15\"> certamente daremos um importante salto p<\/span><\/span><span class=\"s6\"><span class=\"bumpedFont15\">a<\/span><\/span><span class=\"s6\"><span class=\"bumpedFont15\">ra liderar um novo camin<\/span><\/span><span class=\"s6\"><span class=\"bumpedFont15\">ho <\/span><\/span><span class=\"s6\"><span class=\"bumpedFont15\">de real <\/span><\/span><span class=\"s6\"><span class=\"bumpedFont15\">progress<\/span><\/span><span class=\"s6\"><span class=\"bumpedFont15\">o nacional; <\/span><\/span><span class=\"s6\"><span class=\"bumpedFont15\">q<\/span><\/span><span class=\"s6\"><span class=\"bumpedFont15\">ue tenha seu alicerce em pilares radicalmente democr\u00e1ticos e <\/span><\/span><span class=\"s6\"><span class=\"bumpedFont15\">sustent\u00e1veis.<\/span><\/span><\/p>\n<p class=\"s8\"><strong><span class=\"s9\"><span class=\"bumpedFont15\">*Everton Gomes \u00e9 cientista<\/span><\/span><span class=\"s9\"><span class=\"bumpedFont15\">\u00a0pol\u00edtico, vice-presidente<\/span><\/span>\u00a0nacional do\u00a0<span class=\"s9\"><span class=\"bumpedFont15\">Ecotrabalhismo e s<\/span><\/span><span class=\"s9\"><span class=\"bumpedFont15\">ecret\u00e1rio nacional de Assuntos Econ\u00f4micos do PDT.<\/span><\/span><\/strong><\/p>\n<!-- AddThis Advanced Settings generic via filter on the_content --><!-- AddThis Share Buttons generic via filter on the_content -->","protected":false},"excerpt":{"rendered":"<p>Programas, projetos e candidaturas com uma agenda comprometida com o desenvolvimento sustent\u00e1vel \u201cA Rio\u201392, hoje, j\u00e1 merece outro nome: O Encontro da Esperan\u00e7a. At\u00e9 o fim desta semana, atingir\u00e1 seu ponto mais alto, com a presen\u00e7a de cerca de 120 Chefes de Estado. Estar\u00e3o juntos os respons\u00e1veis pelas mais importantes decis\u00f5es sobre os destinos do&#8230;<!-- AddThis Advanced Settings generic via filter on wp_trim_excerpt --><!-- AddThis Share Buttons generic via filter on wp_trim_excerpt --><\/p>\n","protected":false},"author":17,"featured_media":82051,"comment_status":"closed","ping_status":"closed","sticky":false,"template":"","format":"standard","meta":{"_monsterinsights_skip_tracking":false,"_monsterinsights_sitenote_active":false,"_monsterinsights_sitenote_note":"","_monsterinsights_sitenote_category":0,"_uf_show_specific_survey":0,"_uf_disable_surveys":false,"footnotes":""},"categories":[1390,1401],"tags":[],"class_list":["post-82043","post","type-post","status-publish","format-standard","has-post-thumbnail","hentry","category-editorias","category-nacional"],"acf":[],"_links":{"self":[{"href":"https:\/\/pdt-rj.org.br\/index.php\/wp-json\/wp\/v2\/posts\/82043","targetHints":{"allow":["GET"]}}],"collection":[{"href":"https:\/\/pdt-rj.org.br\/index.php\/wp-json\/wp\/v2\/posts"}],"about":[{"href":"https:\/\/pdt-rj.org.br\/index.php\/wp-json\/wp\/v2\/types\/post"}],"author":[{"embeddable":true,"href":"https:\/\/pdt-rj.org.br\/index.php\/wp-json\/wp\/v2\/users\/17"}],"replies":[{"embeddable":true,"href":"https:\/\/pdt-rj.org.br\/index.php\/wp-json\/wp\/v2\/comments?post=82043"}],"version-history":[{"count":6,"href":"https:\/\/pdt-rj.org.br\/index.php\/wp-json\/wp\/v2\/posts\/82043\/revisions"}],"predecessor-version":[{"id":82060,"href":"https:\/\/pdt-rj.org.br\/index.php\/wp-json\/wp\/v2\/posts\/82043\/revisions\/82060"}],"wp:featuredmedia":[{"embeddable":true,"href":"https:\/\/pdt-rj.org.br\/index.php\/wp-json\/wp\/v2\/media\/82051"}],"wp:attachment":[{"href":"https:\/\/pdt-rj.org.br\/index.php\/wp-json\/wp\/v2\/media?parent=82043"}],"wp:term":[{"taxonomy":"category","embeddable":true,"href":"https:\/\/pdt-rj.org.br\/index.php\/wp-json\/wp\/v2\/categories?post=82043"},{"taxonomy":"post_tag","embeddable":true,"href":"https:\/\/pdt-rj.org.br\/index.php\/wp-json\/wp\/v2\/tags?post=82043"}],"curies":[{"name":"wp","href":"https:\/\/api.w.org\/{rel}","templated":true}]}}