{"id":82029,"date":"2022-05-21T19:39:45","date_gmt":"2022-05-21T22:39:45","guid":{"rendered":"https:\/\/pdt-rj.org.br\/?p=82029"},"modified":"2022-05-29T18:20:40","modified_gmt":"2022-05-29T21:20:40","slug":"pdt-promove-dia-de-mobilizacao-com-rodrigo-neves-no-estado-do-rj","status":"publish","type":"post","link":"https:\/\/pdt-rj.org.br\/index.php\/pdt-promove-dia-de-mobilizacao-com-rodrigo-neves-no-estado-do-rj\/","title":{"rendered":"PDT promove \u201cDia de Mobiliza\u00e7\u00e3o com Rodrigo Neves\u201d no estado do RJ"},"content":{"rendered":"<p class=\"p1\"><span class=\"s1\"><b>Com lideran\u00e7as e militantes, a\u00e7\u00e3o para fortalecer pr\u00e9-candidatura ao governo ocupa ruas e pra\u00e7as<\/b><\/span><\/p>\n<p class=\"p1\"><span class=\"s1\">Para fortalecer a pr\u00e9-candidatura ao governo do Rio de Janeiro, o PDT promoveu, neste s\u00e1bado (21), o \u201cDia de Mobiliza\u00e7\u00e3o com Rodrigo Neves\u201d em todas as regi\u00f5es do estado. <\/span><\/p>\n<p class=\"p1\"><span class=\"s1\">Com bandeiras, adesivos e panfletos, a articula\u00e7\u00e3o trabalhista reuniu movimentos, parlamentares, lideran\u00e7as e militantes em centenas de ruas e pra\u00e7as das cidades.<\/span><\/p>\n<p class=\"p1\"><span class=\"s1\">\u201cHoje, tivemos o dia de mobiliza\u00e7\u00e3o da milit\u00e2ncia trabalhista e de muitos grupos e lideran\u00e7as e ativistas que querem reconstruir o estado do Rio. Muita conversa com a popula\u00e7\u00e3o sobre o projeto Estado do Rio que Queremos\u201d, exaltou Neves, ao percorrer diversos pontos de encontro.<\/span><\/p>\n<p class=\"p1\"><span class=\"s1\">\u201cNosso estado passa por um momento muito dif\u00edcil, mas tem solu\u00e7\u00e3o. Com muito trabalho, transpar\u00eancia, boa gest\u00e3o e compromisso com o povo, \u00e9 poss\u00edvel reconstruir e transformar o Rio de Janeiro!\u201d, acrescentou o ex-prefeito de Niter\u00f3i, que tamb\u00e9m prestigiou, na sede estadual do PDT, o 1\u00b0 Congresso Estadual da A\u00e7\u00e3o da Mulher Trabalhista do Rio de Janeiro. <\/span><\/p>\n<p class=\"p1\"><span class=\"s2\"><b>Representatividade <\/b><\/span><\/p>\n<p class=\"p1\"><span class=\"s1\"><img loading=\"lazy\" decoding=\"async\" class=\"aligncenter wp-image-82036 size-large\" src=\"https:\/\/pdt-rj.org.br\/wp-content\/uploads\/2022\/05\/7AC816A5-B9D8-4D49-8192-52085B3300B9-1024x795.jpeg\" alt=\"\" width=\"640\" height=\"497\" srcset=\"https:\/\/pdt-rj.org.br\/wp-content\/uploads\/2022\/05\/7AC816A5-B9D8-4D49-8192-52085B3300B9.jpeg 1024w, https:\/\/pdt-rj.org.br\/wp-content\/uploads\/2022\/05\/7AC816A5-B9D8-4D49-8192-52085B3300B9-300x233.jpeg 300w, https:\/\/pdt-rj.org.br\/wp-content\/uploads\/2022\/05\/7AC816A5-B9D8-4D49-8192-52085B3300B9-100x78.jpeg 100w, https:\/\/pdt-rj.org.br\/wp-content\/uploads\/2022\/05\/7AC816A5-B9D8-4D49-8192-52085B3300B9-768x596.jpeg 768w, https:\/\/pdt-rj.org.br\/wp-content\/uploads\/2022\/05\/7AC816A5-B9D8-4D49-8192-52085B3300B9-116x90.jpeg 116w\" sizes=\"auto, (max-width: 640px) 100vw, 640px\" \/><br \/>\nCom o apoio dos movimentos de coopera\u00e7\u00e3o do partido, a atividade esteve presente, na capital fluminense, em mais de 30 pontos, que contemplaram bairros como Centro, Copacabana, M\u00e9ier, Madureira, Anchieta, Penha, Jacarepagu\u00e1, Bangu, Campo Grande e Santa Cruz.<\/span><\/p>\n<p class=\"p1\"><span class=\"s1\">Na Regi\u00e3o Metropolitana, pedetistas, como o deputado federal Chico D\u2019Angelo, o ex-ministro do Trabalho e Emprego, Brizola Neto, e os vereadores de Niter\u00f3i e Maric\u00e1, Binho Guimar\u00e3es e J\u00falio Carolino, dialogaram com a popula\u00e7\u00e3o em dezenas de pontos, incluindo Niter\u00f3i, S\u00e3o Gon\u00e7alo, Maric\u00e1, Itagua\u00ed, S\u00e3o Jo\u00e3o de Meriti, Duque de Caxias e Nil\u00f3polis. <\/span><\/p>\n<p class=\"p1\"><span class=\"s1\"><img loading=\"lazy\" decoding=\"async\" class=\"aligncenter wp-image-82038 size-large\" src=\"https:\/\/pdt-rj.org.br\/wp-content\/uploads\/2022\/05\/76D007E4-2403-4132-B436-CCEAA83D5E3C-1024x576.jpeg\" alt=\"\" width=\"640\" height=\"360\" srcset=\"https:\/\/pdt-rj.org.br\/wp-content\/uploads\/2022\/05\/76D007E4-2403-4132-B436-CCEAA83D5E3C.jpeg 1024w, https:\/\/pdt-rj.org.br\/wp-content\/uploads\/2022\/05\/76D007E4-2403-4132-B436-CCEAA83D5E3C-300x169.jpeg 300w, https:\/\/pdt-rj.org.br\/wp-content\/uploads\/2022\/05\/76D007E4-2403-4132-B436-CCEAA83D5E3C-100x56.jpeg 100w, https:\/\/pdt-rj.org.br\/wp-content\/uploads\/2022\/05\/76D007E4-2403-4132-B436-CCEAA83D5E3C-768x432.jpeg 768w, https:\/\/pdt-rj.org.br\/wp-content\/uploads\/2022\/05\/76D007E4-2403-4132-B436-CCEAA83D5E3C-1536x864.jpeg 1536w, https:\/\/pdt-rj.org.br\/wp-content\/uploads\/2022\/05\/76D007E4-2403-4132-B436-CCEAA83D5E3C-160x90.jpeg 160w\" sizes=\"auto, (max-width: 640px) 100vw, 640px\" \/><br \/>\nNas demais regi\u00f5es, o trabalhismo tamb\u00e9m atuou para expandir o apoio a Rodrigo Neves em locais estrat\u00e9gicos. Em Campos dos Goytacazes e Cardoso Moreira, a deputada Martha Rocha realizou agendas integradas com lideran\u00e7as locais. <\/span><\/p>\n<p class=\"p1\"><span class=\"s1\">\u201cQuem deseja a reconstru\u00e7\u00e3o do Rio participou, neste s\u00e1bado, de caminhadas em diversas cidades do estado. Rodrigo Neves, estamos juntos!\u201d, destacou a parlamentar. <\/span><\/p>\n<!-- AddThis Advanced Settings generic via filter on the_content --><!-- AddThis Share Buttons generic via filter on the_content -->","protected":false},"excerpt":{"rendered":"<p>Com lideran\u00e7as e militantes, a\u00e7\u00e3o para fortalecer pr\u00e9-candidatura ao governo ocupa ruas e pra\u00e7as Para fortalecer a pr\u00e9-candidatura ao governo do Rio de Janeiro, o PDT promoveu, neste s\u00e1bado (21), o \u201cDia de Mobiliza\u00e7\u00e3o com Rodrigo Neves\u201d em todas as regi\u00f5es do estado. Com bandeiras, adesivos e panfletos, a articula\u00e7\u00e3o trabalhista reuniu movimentos, parlamentares, lideran\u00e7as&#8230;<!-- AddThis Advanced Settings generic via filter on wp_trim_excerpt --><!-- AddThis Share Buttons generic via filter on wp_trim_excerpt --><\/p>\n","protected":false},"author":17,"featured_media":82030,"comment_status":"closed","ping_status":"closed","sticky":false,"template":"","format":"standard","meta":{"_monsterinsights_skip_tracking":false,"_monsterinsights_sitenote_active":false,"_monsterinsights_sitenote_note":"","_monsterinsights_sitenote_category":0,"_uf_show_specific_survey":0,"_uf_disable_surveys":false,"footnotes":""},"categories":[1390,5414,5415],"tags":[],"class_list":["post-82029","post","type-post","status-publish","format-standard","has-post-thumbnail","hentry","category-editorias","category-estado","category-rodrigo-neves"],"acf":[],"_links":{"self":[{"href":"https:\/\/pdt-rj.org.br\/index.php\/wp-json\/wp\/v2\/posts\/82029","targetHints":{"allow":["GET"]}}],"collection":[{"href":"https:\/\/pdt-rj.org.br\/index.php\/wp-json\/wp\/v2\/posts"}],"about":[{"href":"https:\/\/pdt-rj.org.br\/index.php\/wp-json\/wp\/v2\/types\/post"}],"author":[{"embeddable":true,"href":"https:\/\/pdt-rj.org.br\/index.php\/wp-json\/wp\/v2\/users\/17"}],"replies":[{"embeddable":true,"href":"https:\/\/pdt-rj.org.br\/index.php\/wp-json\/wp\/v2\/comments?post=82029"}],"version-history":[{"count":9,"href":"https:\/\/pdt-rj.org.br\/index.php\/wp-json\/wp\/v2\/posts\/82029\/revisions"}],"predecessor-version":[{"id":82125,"href":"https:\/\/pdt-rj.org.br\/index.php\/wp-json\/wp\/v2\/posts\/82029\/revisions\/82125"}],"wp:featuredmedia":[{"embeddable":true,"href":"https:\/\/pdt-rj.org.br\/index.php\/wp-json\/wp\/v2\/media\/82030"}],"wp:attachment":[{"href":"https:\/\/pdt-rj.org.br\/index.php\/wp-json\/wp\/v2\/media?parent=82029"}],"wp:term":[{"taxonomy":"category","embeddable":true,"href":"https:\/\/pdt-rj.org.br\/index.php\/wp-json\/wp\/v2\/categories?post=82029"},{"taxonomy":"post_tag","embeddable":true,"href":"https:\/\/pdt-rj.org.br\/index.php\/wp-json\/wp\/v2\/tags?post=82029"}],"curies":[{"name":"wp","href":"https:\/\/api.w.org\/{rel}","templated":true}]}}