{"id":82023,"date":"2022-05-19T21:30:49","date_gmt":"2022-05-20T00:30:49","guid":{"rendered":"https:\/\/pdt-rj.org.br\/?p=82023"},"modified":"2022-05-22T19:06:10","modified_gmt":"2022-05-22T22:06:10","slug":"rodrigo-neves-convoca-mobilizacao-para-este-sabado-em-todo-o-estado-do-rio","status":"publish","type":"post","link":"https:\/\/pdt-rj.org.br\/index.php\/rodrigo-neves-convoca-mobilizacao-para-este-sabado-em-todo-o-estado-do-rio\/","title":{"rendered":"Rodrigo Neves convoca mobiliza\u00e7\u00e3o para este s\u00e1bado em todo o estado do Rio"},"content":{"rendered":"<p class=\"p1\"><strong><span class=\"s1\">Milit\u00e2ncia refor\u00e7a, nas ruas e pra\u00e7as, o apoio ao pr\u00e9-candidato do PDT<\/span><\/strong><\/p>\n<p class=\"p1\"><span class=\"s1\">A pr\u00e9-campanha do pedetista Rodrigo Neves ao governo do Rio de Janeiro realizar\u00e1 neste s\u00e1bado (21), das 9h \u00e0s 12h em todas as regi\u00f5es do estado, a \u201cA\u00e7\u00e3o de Mobiliza\u00e7\u00e3o com Rodrigo Neves\u201d. <\/span><\/p>\n<p class=\"p1\"><span class=\"s1\">A s\u00e9rie de atividades mobilizar\u00e1 lideran\u00e7as e militantes em ruas e pra\u00e7as dos munic\u00edpios fluminenses, com destaque para capital, que ter\u00e1 interven\u00e7\u00f5es nas zonas Central, Sul, Norte e Oeste.<\/span><\/p>\n<p class=\"p1\"><span class=\"s1\">&#8220;Convocamos todos os dirigentes, militantes, pr\u00e9-candidatos, filiados e apoiadores da nossa pr\u00e9-candidatura a participarem conosco\u201d, disse Neves, que \u00e9 ex-prefeito de Niter\u00f3i. <\/span><\/p>\n<p class=\"p1\"><span class=\"s1\">\u201c\u00c9 importante garantir nossa presen\u00e7a nas ruas para alavancar nossas pr\u00e9-candidaturas neste momento decisivo. Contamos com a presen\u00e7a de todos&#8221;, refor\u00e7ou.<\/span><\/p>\n<!-- AddThis Advanced Settings generic via filter on the_content --><!-- AddThis Share Buttons generic via filter on the_content -->","protected":false},"excerpt":{"rendered":"<p>Milit\u00e2ncia refor\u00e7a, nas ruas e pra\u00e7as, o apoio ao pr\u00e9-candidato do PDT A pr\u00e9-campanha do pedetista Rodrigo Neves ao governo do Rio de Janeiro realizar\u00e1 neste s\u00e1bado (21), das 9h \u00e0s 12h em todas as regi\u00f5es do estado, a \u201cA\u00e7\u00e3o de Mobiliza\u00e7\u00e3o com Rodrigo Neves\u201d. A s\u00e9rie de atividades mobilizar\u00e1 lideran\u00e7as e militantes em ruas&#8230;<!-- AddThis Advanced Settings generic via filter on wp_trim_excerpt --><!-- AddThis Share Buttons generic via filter on wp_trim_excerpt --><\/p>\n","protected":false},"author":17,"featured_media":82024,"comment_status":"closed","ping_status":"closed","sticky":false,"template":"","format":"standard","meta":{"_monsterinsights_skip_tracking":false,"_monsterinsights_sitenote_active":false,"_monsterinsights_sitenote_note":"","_monsterinsights_sitenote_category":0,"_uf_show_specific_survey":0,"_uf_disable_surveys":false,"footnotes":""},"categories":[1390,5414,5415],"tags":[],"class_list":["post-82023","post","type-post","status-publish","format-standard","has-post-thumbnail","hentry","category-editorias","category-estado","category-rodrigo-neves"],"acf":[],"_links":{"self":[{"href":"https:\/\/pdt-rj.org.br\/index.php\/wp-json\/wp\/v2\/posts\/82023","targetHints":{"allow":["GET"]}}],"collection":[{"href":"https:\/\/pdt-rj.org.br\/index.php\/wp-json\/wp\/v2\/posts"}],"about":[{"href":"https:\/\/pdt-rj.org.br\/index.php\/wp-json\/wp\/v2\/types\/post"}],"author":[{"embeddable":true,"href":"https:\/\/pdt-rj.org.br\/index.php\/wp-json\/wp\/v2\/users\/17"}],"replies":[{"embeddable":true,"href":"https:\/\/pdt-rj.org.br\/index.php\/wp-json\/wp\/v2\/comments?post=82023"}],"version-history":[{"count":2,"href":"https:\/\/pdt-rj.org.br\/index.php\/wp-json\/wp\/v2\/posts\/82023\/revisions"}],"predecessor-version":[{"id":82032,"href":"https:\/\/pdt-rj.org.br\/index.php\/wp-json\/wp\/v2\/posts\/82023\/revisions\/82032"}],"wp:featuredmedia":[{"embeddable":true,"href":"https:\/\/pdt-rj.org.br\/index.php\/wp-json\/wp\/v2\/media\/82024"}],"wp:attachment":[{"href":"https:\/\/pdt-rj.org.br\/index.php\/wp-json\/wp\/v2\/media?parent=82023"}],"wp:term":[{"taxonomy":"category","embeddable":true,"href":"https:\/\/pdt-rj.org.br\/index.php\/wp-json\/wp\/v2\/categories?post=82023"},{"taxonomy":"post_tag","embeddable":true,"href":"https:\/\/pdt-rj.org.br\/index.php\/wp-json\/wp\/v2\/tags?post=82023"}],"curies":[{"name":"wp","href":"https:\/\/api.w.org\/{rel}","templated":true}]}}