{"id":82020,"date":"2022-05-20T11:55:11","date_gmt":"2022-05-20T14:55:11","guid":{"rendered":"https:\/\/pdt-rj.org.br\/?p=82020"},"modified":"2022-05-20T11:55:11","modified_gmt":"2022-05-20T14:55:11","slug":"jose-bonifacio-entrega-novos-onibus-escolares-para-atender-alunos-de-tamoios-em-cabo-frio","status":"publish","type":"post","link":"https:\/\/pdt-rj.org.br\/index.php\/jose-bonifacio-entrega-novos-onibus-escolares-para-atender-alunos-de-tamoios-em-cabo-frio\/","title":{"rendered":"Jos\u00e9 Bonif\u00e1cio entrega novos \u00f4nibus escolares para atender alunos de Tamoios, em Cabo Frio"},"content":{"rendered":"<p><strong>Cinco ve\u00edculos v\u00e3o atender mais 500 estudantes da rede de ensino municipal<\/strong><\/p>\n<p>O prefeito de Cabo Frio, Jos\u00e9 Bonif\u00e1cio (PDT), entregou um grande refor\u00e7o para o transporte escolar de Tamoios. Alunos da rede municipal que residem no distrito cabo-friense j\u00e1 podem contar com cinco novos \u00f4nibus para fazer as rotas de transporte junto \u00e0s unidades de ensino. Com a chegada dos ve\u00edculos, ser\u00e3o atendidos mais 500 estudantes, somando um total de 3.000 alunos utilizando o transporte escolar em Tamoios.<\/p>\n<p>\u201cEssa entrega que estamos fazendo \u00e9 mais um benef\u00edcio para esses alunos, n\u00e3o \u00e9 um favor, mas sim mais uma obriga\u00e7\u00e3o nossa sendo cumprida. Vemos sempre os secret\u00e1rios trabalhando, mas \u00e9 muito importante agradecer a toda equipe que trabalhou arduamente para que pud\u00e9ssemos entregar os novos ve\u00edculos que v\u00eam para atender Tamoios, sendo custeados com recursos pr\u00f3prios\u201d, disse o prefeito Jos\u00e9 Bonif\u00e1cio.<\/p>\n<p>Os cinco novos \u00f4nibus foram adquiridos com recursos pr\u00f3prios, pelo valor de R$ 1.632.680,00, e ser\u00e3o adicionados \u00e0 frota que atualmente conta com 21 ve\u00edculos em regime de loca\u00e7\u00e3o, e outros cinco pr\u00f3prios, atendendo 2.500 alunos em Tamoios. Do total, quatro \u00f4nibus t\u00eam capacidade para transporte de 59 alunos, cada um, e um ve\u00edculo tem capacidade para atender 32 estudantes. Todos contam com elevadores para os alunos com necessidades especiais.<\/p>\n<p>A secret\u00e1ria de Educa\u00e7\u00e3o, Elic\u00e9a da Silveira, destacou o trabalho realizado com anteced\u00eancia e planejamento, para que a aquisi\u00e7\u00e3o dos ve\u00edculos pudesse ser concretizada.<\/p>\n<p>\u201cPara realizarmos essa entrega em maio, tivemos um trabalho que foi iniciado em setembro do ano passado, feito com seriedade e organiza\u00e7\u00e3o. S\u00e3o cinco ve\u00edculos pr\u00f3prios, \u00f4nibus novos que v\u00e3o diretamente para os alunos. Pe\u00e7o a colabora\u00e7\u00e3o dos monitores, alunos e dos motoristas, para que possamos utilizar esses ve\u00edculos, mas com conserva\u00e7\u00e3o e cuidado de cada um deles\u201d, destacou Elic\u00e9a.<\/p>\n<p>A cerim\u00f4nia contou com a presen\u00e7a da equipe da Secretaria Adjunta de Educa\u00e7\u00e3o em Tamoios, dos vereadores Oseias de Tamoios, Alexandra Code\u00e7o, Davi Souza, L\u00e9o Mendes, Jean da Autoescola e Adeir Novaes, do ex-deputado Janio Mendes, do secret\u00e1rio municipal de Governo, Betinho Ara\u00fajo, e do secret\u00e1rio municipal de Obras e Servi\u00e7os P\u00fablicos, Alan Nascimento.<\/p>\n<!-- AddThis Advanced Settings generic via filter on the_content --><!-- AddThis Share Buttons generic via filter on the_content -->","protected":false},"excerpt":{"rendered":"<p>Cinco ve\u00edculos v\u00e3o atender mais 500 estudantes da rede de ensino municipal O prefeito de Cabo Frio, Jos\u00e9 Bonif\u00e1cio (PDT), entregou um grande refor\u00e7o para o transporte escolar de Tamoios. Alunos da rede municipal que residem no distrito cabo-friense j\u00e1 podem contar com cinco novos \u00f4nibus para fazer as rotas de transporte junto \u00e0s unidades&#8230;<!-- AddThis Advanced Settings generic via filter on wp_trim_excerpt --><!-- AddThis Share Buttons generic via filter on wp_trim_excerpt --><\/p>\n","protected":false},"author":17,"featured_media":82021,"comment_status":"closed","ping_status":"closed","sticky":false,"template":"","format":"standard","meta":{"_monsterinsights_skip_tracking":false,"_monsterinsights_sitenote_active":false,"_monsterinsights_sitenote_note":"","_monsterinsights_sitenote_category":0,"_uf_show_specific_survey":0,"_uf_disable_surveys":false,"footnotes":""},"categories":[1390,1402],"tags":[],"class_list":["post-82020","post","type-post","status-publish","format-standard","has-post-thumbnail","hentry","category-editorias","category-cidades"],"acf":[],"_links":{"self":[{"href":"https:\/\/pdt-rj.org.br\/index.php\/wp-json\/wp\/v2\/posts\/82020","targetHints":{"allow":["GET"]}}],"collection":[{"href":"https:\/\/pdt-rj.org.br\/index.php\/wp-json\/wp\/v2\/posts"}],"about":[{"href":"https:\/\/pdt-rj.org.br\/index.php\/wp-json\/wp\/v2\/types\/post"}],"author":[{"embeddable":true,"href":"https:\/\/pdt-rj.org.br\/index.php\/wp-json\/wp\/v2\/users\/17"}],"replies":[{"embeddable":true,"href":"https:\/\/pdt-rj.org.br\/index.php\/wp-json\/wp\/v2\/comments?post=82020"}],"version-history":[{"count":1,"href":"https:\/\/pdt-rj.org.br\/index.php\/wp-json\/wp\/v2\/posts\/82020\/revisions"}],"predecessor-version":[{"id":82022,"href":"https:\/\/pdt-rj.org.br\/index.php\/wp-json\/wp\/v2\/posts\/82020\/revisions\/82022"}],"wp:featuredmedia":[{"embeddable":true,"href":"https:\/\/pdt-rj.org.br\/index.php\/wp-json\/wp\/v2\/media\/82021"}],"wp:attachment":[{"href":"https:\/\/pdt-rj.org.br\/index.php\/wp-json\/wp\/v2\/media?parent=82020"}],"wp:term":[{"taxonomy":"category","embeddable":true,"href":"https:\/\/pdt-rj.org.br\/index.php\/wp-json\/wp\/v2\/categories?post=82020"},{"taxonomy":"post_tag","embeddable":true,"href":"https:\/\/pdt-rj.org.br\/index.php\/wp-json\/wp\/v2\/tags?post=82020"}],"curies":[{"name":"wp","href":"https:\/\/api.w.org\/{rel}","templated":true}]}}