{"id":82014,"date":"2022-05-20T11:25:49","date_gmt":"2022-05-20T14:25:49","guid":{"rendered":"https:\/\/pdt-rj.org.br\/?p=82014"},"modified":"2022-05-20T11:25:49","modified_gmt":"2022-05-20T14:25:49","slug":"david-miranda-apresenta-projeto-que-institui-marco-legal-dos-povos-tradicionais-de-matriz-africana","status":"publish","type":"post","link":"https:\/\/pdt-rj.org.br\/index.php\/david-miranda-apresenta-projeto-que-institui-marco-legal-dos-povos-tradicionais-de-matriz-africana\/","title":{"rendered":"David Miranda apresenta projeto que institui marco legal dos povos tradicionais de matriz africana"},"content":{"rendered":"<p><strong>Com coautoria, texto complementa os direitos individuais e coletivos da comunidade negra<\/strong><\/p>\n<p>O deputado federal David Miranda (PDT-RJ) \u00e9 coautor do Projeto de Lei (<a href=\"https:\/\/www.camara.leg.br\/proposicoesWeb\/prop_mostrarintegra?codteor=2171336&amp;filename=PL+1279\/2022\">PL 1279\/22<\/a>) que institui o marco legal dos povos e comunidades tradicionais de matriz africana. Em tramita\u00e7\u00e3o na C\u00e2mara dos Deputados, o texto foi tamb\u00e9m assinado por outros 19 parlamentares.<\/p>\n<p>Entre os pontos da proposta, que possui 34 artigos, est\u00e1 a constitui\u00e7\u00e3o do Fundo Nacional de Repara\u00e7\u00e3o do Crime contra a Humanidade que foi a escravid\u00e3o, destinado a custear a\u00e7\u00f5es governamentais para o desenvolvimento dos povos e comunidades tradicionais de matriz africana.<\/p>\n<p>O texto visa complementar a legisla\u00e7\u00e3o sobre direitos individuais e coletivos da comunidade negra, e de combate ao racismo e \u00e0 intoler\u00e2ncia religiosa.<\/p>\n<p>O marco legal trata de aspectos fundamentais para os povos e comunidades de matriz africana, como princ\u00edpios para orientar as pol\u00edticas p\u00fablicas a eles destinadas. Nesse sentido, o projeto prev\u00ea uma s\u00e9rie de obriga\u00e7\u00f5es para o Estado.<\/p>\n<p>Entre elas, a ado\u00e7\u00e3o de pol\u00edticas a\u00e7\u00f5es afirmativas em \u00e1reas como habita\u00e7\u00e3o e seguran\u00e7a alimentar, para assegurar a sobreviv\u00eancia e o desenvolvimento sustent\u00e1vel dos povos tradicionais de matriz africana.<\/p>\n<p>Tamb\u00e9m determina enfoques \u00e9tnico-raciais e de g\u00eanero no planejamento, gest\u00e3o p\u00fablica e implementa\u00e7\u00e3o de pol\u00edticas p\u00fablicas, considerando as necessidades hist\u00f3ricas destes povos mediante consultas p\u00fablicas pr\u00e9vias.<\/p>\n<p>O Poder Executivo dever\u00e1 elaborar ainda um Plano Nacional de Desenvolvimento Sustent\u00e1vel dos Povos e Comunidades Tradicionais de Matriz Africana.<\/p>\n<p><strong>Territ\u00f3rios<\/strong><\/p>\n<p>O marco legal prev\u00ea tamb\u00e9m a inviolabilidade dos territ\u00f3rios tradicionais de matriz africana (como terreiros, barrac\u00f5es e casas de batuque), salvo mandado judicial.<\/p>\n<p>Outras medidas previstas no projeto s\u00e3o:<\/p>\n<p>\u2013 torna dever do poder p\u00fablico e da sociedade a ado\u00e7\u00e3o de a\u00e7\u00f5es voltadas para a valoriza\u00e7\u00e3o da ancestralidade africana no Brasil e para o enfrentamento ao racismo;<\/p>\n<p>\u2013 obriga o Executivo a realizar Campanha Nacional de Informa\u00e7\u00e3o e Valoriza\u00e7\u00e3o da Ancestralidade Africana no Brasil;<\/p>\n<p>\u2013 \u00a0determina ao poder p\u00fablico a realiza\u00e7\u00e3o de diagn\u00f3stico socioecon\u00f4mico e cultural dos povos e comunidades tradicionais de matriz africana; e<\/p>\n<p>\u2013 determina que a pol\u00edtica de seguran\u00e7a p\u00fablica dever\u00e1 conter medidas para coibir atos violentos ou de intoler\u00e2ncia contra os povos de matriz africana.<\/p>\n<!-- AddThis Advanced Settings generic via filter on the_content --><!-- AddThis Share Buttons generic via filter on the_content -->","protected":false},"excerpt":{"rendered":"<p>Com coautoria, texto complementa os direitos individuais e coletivos da comunidade negra O deputado federal David Miranda (PDT-RJ) \u00e9 coautor do Projeto de Lei (PL 1279\/22) que institui o marco legal dos povos e comunidades tradicionais de matriz africana. Em tramita\u00e7\u00e3o na C\u00e2mara dos Deputados, o texto foi tamb\u00e9m assinado por outros 19 parlamentares. Entre&#8230;<!-- AddThis Advanced Settings generic via filter on wp_trim_excerpt --><!-- AddThis Share Buttons generic via filter on wp_trim_excerpt --><\/p>\n","protected":false},"author":17,"featured_media":82015,"comment_status":"closed","ping_status":"closed","sticky":false,"template":"","format":"standard","meta":{"_monsterinsights_skip_tracking":false,"_monsterinsights_sitenote_active":false,"_monsterinsights_sitenote_note":"","_monsterinsights_sitenote_category":0,"_uf_show_specific_survey":0,"_uf_disable_surveys":false,"footnotes":""},"categories":[1390,1401],"tags":[],"class_list":["post-82014","post","type-post","status-publish","format-standard","has-post-thumbnail","hentry","category-editorias","category-nacional"],"acf":[],"_links":{"self":[{"href":"https:\/\/pdt-rj.org.br\/index.php\/wp-json\/wp\/v2\/posts\/82014","targetHints":{"allow":["GET"]}}],"collection":[{"href":"https:\/\/pdt-rj.org.br\/index.php\/wp-json\/wp\/v2\/posts"}],"about":[{"href":"https:\/\/pdt-rj.org.br\/index.php\/wp-json\/wp\/v2\/types\/post"}],"author":[{"embeddable":true,"href":"https:\/\/pdt-rj.org.br\/index.php\/wp-json\/wp\/v2\/users\/17"}],"replies":[{"embeddable":true,"href":"https:\/\/pdt-rj.org.br\/index.php\/wp-json\/wp\/v2\/comments?post=82014"}],"version-history":[{"count":1,"href":"https:\/\/pdt-rj.org.br\/index.php\/wp-json\/wp\/v2\/posts\/82014\/revisions"}],"predecessor-version":[{"id":82016,"href":"https:\/\/pdt-rj.org.br\/index.php\/wp-json\/wp\/v2\/posts\/82014\/revisions\/82016"}],"wp:featuredmedia":[{"embeddable":true,"href":"https:\/\/pdt-rj.org.br\/index.php\/wp-json\/wp\/v2\/media\/82015"}],"wp:attachment":[{"href":"https:\/\/pdt-rj.org.br\/index.php\/wp-json\/wp\/v2\/media?parent=82014"}],"wp:term":[{"taxonomy":"category","embeddable":true,"href":"https:\/\/pdt-rj.org.br\/index.php\/wp-json\/wp\/v2\/categories?post=82014"},{"taxonomy":"post_tag","embeddable":true,"href":"https:\/\/pdt-rj.org.br\/index.php\/wp-json\/wp\/v2\/tags?post=82014"}],"curies":[{"name":"wp","href":"https:\/\/api.w.org\/{rel}","templated":true}]}}