{"id":81991,"date":"2022-05-19T12:53:07","date_gmt":"2022-05-19T15:53:07","guid":{"rendered":"https:\/\/pdt-rj.org.br\/?p=81991"},"modified":"2022-05-19T12:53:07","modified_gmt":"2022-05-19T15:53:07","slug":"prefeitura-de-niteroi-promove-acao-para-acolhimento-emergencial-de-populacao-vulneravel","status":"publish","type":"post","link":"https:\/\/pdt-rj.org.br\/index.php\/prefeitura-de-niteroi-promove-acao-para-acolhimento-emergencial-de-populacao-vulneravel\/","title":{"rendered":"Prefeitura de Niter\u00f3i promove a\u00e7\u00e3o para acolhimento emergencial de popula\u00e7\u00e3o vulner\u00e1vel"},"content":{"rendered":"<p><strong>Por conta da onda de frio, a\u00e7\u00e3o preventiva da gest\u00e3o de Axel Grael oferece abrigo gratuito\u00a0<\/strong><\/p>\n<p>Administrada pelo PDT, a Prefeitura de Niter\u00f3i intensificou, nesta ter\u00e7a-feira (17), as rondas de abordagem da Secretaria Municipal de Assist\u00eancia Social e Economia Solid\u00e1ria (SMASES) nos locais que concentram a popula\u00e7\u00e3o em situa\u00e7\u00e3o de rua. Com a queda brusca na temperatura na cidade, o objetivo \u00e9 oferecer acolhimento emergencial.<\/p>\n<p>O secret\u00e1rio da SMASES, Elton Teixeira, destacou que essa \u00e9 uma a\u00e7\u00e3o preventiva da gest\u00e3o liderada pelo prefeito Axel Grael.<\/p>\n<p>\u201cCom a chegada dessa frente fria na cidade, estamos intensificando nossa a\u00e7\u00e3o de acolhimento em ruas da cidade com grande concentra\u00e7\u00e3o de pessoas em situa\u00e7\u00e3o de rua com o objetivo de ajud\u00e1-las a passar por essas noites de queda brusca da temperatura. Os acolhidos que tiverem interesse poder\u00e3o ser cadastrados para receber os servi\u00e7os disponibilizados pela Secretaria\u201d, disse.<\/p>\n<p>A a\u00e7\u00e3o aconteceu durante o fim da tarde e in\u00edcio da noite desta ter\u00e7a-feira (17), hor\u00e1rio em que a temperatura baixou. Dez pessoas aceitaram acolhimento tempor\u00e1rio e ir\u00e3o para um dos centros da Prefeitura. A a\u00e7\u00e3o est\u00e1 concentrada na regi\u00e3o central da cidade, por\u00e9m todos que precisarem de acolhimento podem procurar o Centro Pop (Rua Coronel Gomes Machado, 259 \u2013 Centro).\u00a0 Vale destacar que a legisla\u00e7\u00e3o brasileira n\u00e3o permite o acolhimento compuls\u00f3rio, a pessoa deve decidir ir para o abrigo voluntariamente.<\/p>\n<p>Niter\u00f3i possui uma rede de atendimento para popula\u00e7\u00e3o em situa\u00e7\u00e3o de rua que conta com equipes de abordagem social especializada, Centro de Refer\u00eancia Especializado para Popula\u00e7\u00e3o em Situa\u00e7\u00e3o de Rua (Centro Pop) e cinco unidades de acolhimento (abrigos). A Secretaria ampliou as vagas em acolhimento com a contrata\u00e7\u00e3o de hospedagem em hotel \u2013 aumento de 60% das vagas. Os hot\u00e9is e centros de acolhimento possuem, juntos, aproximadamente 300 vagas para pessoas em situa\u00e7\u00e3o de rua. O projeto de acolhimento emergencial em Hotel Popular, desde a sua contrata\u00e7\u00e3o em abril de 2020, j\u00e1 atendeu 2.151 pessoas em situa\u00e7\u00e3o de rua. S\u00f3 em 2022, 460 pessoas j\u00e1 passaram pelo hotel emergencial.<\/p>\n<p>Nas unidades de acolhimento, as pessoas recebem atendimento de assistentes sociais, psic\u00f3logos e orienta\u00e7\u00e3o jur\u00eddica, encaminhamento para servi\u00e7os de sa\u00fade, trabalho e renda e documenta\u00e7\u00e3o civil. O objetivo principal \u00e9 construir com os acolhidos um trabalho que culmine na sua autonomia e reinser\u00e7\u00e3o social. A organiza\u00e7\u00e3o desses servi\u00e7os garante privacidade, o respeito aos costumes, \u00e0s tradi\u00e7\u00f5es e \u00e0 diversidade de ciclos de vida, arranjos familiares, ra\u00e7a\/etnia, religi\u00e3o, g\u00eanero e orienta\u00e7\u00e3o sexual.<\/p>\n<p>A Secretaria tamb\u00e9m oferece o programa de recambiamento, que permite que a pessoa em situa\u00e7\u00e3o de rua resgate v\u00ednculos comunit\u00e1rios e familiares com sua terra natal e custeie o retorno ao seu estado de origem.<\/p>\n<!-- AddThis Advanced Settings generic via filter on the_content --><!-- AddThis Share Buttons generic via filter on the_content -->","protected":false},"excerpt":{"rendered":"<p>Por conta da onda de frio, a\u00e7\u00e3o preventiva da gest\u00e3o de Axel Grael oferece abrigo gratuito\u00a0 Administrada pelo PDT, a Prefeitura de Niter\u00f3i intensificou, nesta ter\u00e7a-feira (17), as rondas de abordagem da Secretaria Municipal de Assist\u00eancia Social e Economia Solid\u00e1ria (SMASES) nos locais que concentram a popula\u00e7\u00e3o em situa\u00e7\u00e3o de rua. Com a queda brusca&#8230;<!-- AddThis Advanced Settings generic via filter on wp_trim_excerpt --><!-- AddThis Share Buttons generic via filter on wp_trim_excerpt --><\/p>\n","protected":false},"author":17,"featured_media":81992,"comment_status":"closed","ping_status":"closed","sticky":false,"template":"","format":"standard","meta":{"_monsterinsights_skip_tracking":false,"_monsterinsights_sitenote_active":false,"_monsterinsights_sitenote_note":"","_monsterinsights_sitenote_category":0,"_uf_show_specific_survey":0,"_uf_disable_surveys":false,"footnotes":""},"categories":[1390,1402],"tags":[],"class_list":["post-81991","post","type-post","status-publish","format-standard","has-post-thumbnail","hentry","category-editorias","category-cidades"],"acf":[],"_links":{"self":[{"href":"https:\/\/pdt-rj.org.br\/index.php\/wp-json\/wp\/v2\/posts\/81991","targetHints":{"allow":["GET"]}}],"collection":[{"href":"https:\/\/pdt-rj.org.br\/index.php\/wp-json\/wp\/v2\/posts"}],"about":[{"href":"https:\/\/pdt-rj.org.br\/index.php\/wp-json\/wp\/v2\/types\/post"}],"author":[{"embeddable":true,"href":"https:\/\/pdt-rj.org.br\/index.php\/wp-json\/wp\/v2\/users\/17"}],"replies":[{"embeddable":true,"href":"https:\/\/pdt-rj.org.br\/index.php\/wp-json\/wp\/v2\/comments?post=81991"}],"version-history":[{"count":1,"href":"https:\/\/pdt-rj.org.br\/index.php\/wp-json\/wp\/v2\/posts\/81991\/revisions"}],"predecessor-version":[{"id":81993,"href":"https:\/\/pdt-rj.org.br\/index.php\/wp-json\/wp\/v2\/posts\/81991\/revisions\/81993"}],"wp:featuredmedia":[{"embeddable":true,"href":"https:\/\/pdt-rj.org.br\/index.php\/wp-json\/wp\/v2\/media\/81992"}],"wp:attachment":[{"href":"https:\/\/pdt-rj.org.br\/index.php\/wp-json\/wp\/v2\/media?parent=81991"}],"wp:term":[{"taxonomy":"category","embeddable":true,"href":"https:\/\/pdt-rj.org.br\/index.php\/wp-json\/wp\/v2\/categories?post=81991"},{"taxonomy":"post_tag","embeddable":true,"href":"https:\/\/pdt-rj.org.br\/index.php\/wp-json\/wp\/v2\/tags?post=81991"}],"curies":[{"name":"wp","href":"https:\/\/api.w.org\/{rel}","templated":true}]}}