{"id":81923,"date":"2022-05-19T20:40:36","date_gmt":"2022-05-19T23:40:36","guid":{"rendered":"https:\/\/pdt-rj.org.br\/?p=81923"},"modified":"2022-05-22T19:10:31","modified_gmt":"2022-05-22T22:10:31","slug":"lupi-ciro-e-antonio-neto-neto-debatem-revogacao-de-clausulas-da-reforma-trabalhista","status":"publish","type":"post","link":"https:\/\/pdt-rj.org.br\/index.php\/lupi-ciro-e-antonio-neto-neto-debatem-revogacao-de-clausulas-da-reforma-trabalhista\/","title":{"rendered":"Lupi, Ciro e Antonio Neto debatem revoga\u00e7\u00e3o de cl\u00e1usulas da reforma trabalhista"},"content":{"rendered":"<p><strong>Pedetistas criticam precariza\u00e7\u00e3o e subtra\u00e7\u00e3o de direitos nos governos de Michel Temer e Jair Bolsonaro<\/strong><\/p>\n<p>A revoga\u00e7\u00e3o de cl\u00e1usulas da reforma trabalhista esteve na pauta do debate entre o presidente nacional do PDT, Carlos Lupi, o pr\u00e9-candidato pedetista a presidente da Rep\u00fablica, Ciro Gomes, e o presidente da Central dos Sindicatos do Brasil (CSB), Antonio Neto, no Congresso Pensar Brasil. O encontro, que ocorreu nesta quinta-feira (12) no Museu do Amanh\u00e3, no Centro do Rio de Janeiro (RJ), analisou o impacto das medidas aprovadas no governo de Michel Temer e apoiadas por Jair Bolsonaro.<\/p>\n<p>Resgatando o progresso promovido por governos trabalhistas nos \u00faltimos 90 anos, como os de Get\u00falio Vargas e Jo\u00e3o Goulart, o ex-ministro do Trabalho e Emprego, Carlos Lupi, enfatizou a import\u00e2ncia de proteger direitos, incluindo a Consolida\u00e7\u00e3o das Leis do Trabalho (CLT), bem como o servi\u00e7o p\u00fablico, durante a mesa organizada pelo Sindicato dos Servidores do Poder Legislativo Federal e do Tribunal de Contas da Uni\u00e3o (Sindilegis).<\/p>\n<p>\u201cNunca essa na\u00e7\u00e3o esteve t\u00e3o aviltada nos seus direitos trabalhistas, na cidadania e no desrespeito \u00e0 ci\u00eancia. Precisamos unir a todos que amam o Brasil para defend\u00ea-lo do mal maior, que \u00e9 o desrespeito \u00e0 legisla\u00e7\u00e3o, o confronto e o \u00f3dio que est\u00e1 imperando no pa\u00eds\u201d, disse.<\/p>\n<p>\u201cN\u00f3s temos que pensar o Brasil. Sem servidor p\u00fablico n\u00e3o h\u00e1 na\u00e7\u00e3o. Quem constr\u00f3i e faz todo o papel do executivo, legislativo e judici\u00e1rio, que s\u00e3o poderes constitu\u00eddos, s\u00e3o os servidores p\u00fablicos. Penso que precisamos discutir, com profundidade, o Brasil que queremos\u201d, completou.<\/p>\n<p>Em a\u00e7\u00e3o propositiva para fortalecer o Projeto Nacional de Desenvolvimento (PND) liderado pelo presidenci\u00e1vel pedetista, Antonio Neto fomentou a revoga\u00e7\u00e3o de cl\u00e1usulas da reforma trabalhista que foram questionadas no Supremo Tribunal Federal (STF), al\u00e9m da cria\u00e7\u00e3o de um C\u00f3digo Brasileiro de Trabalho.<\/p>\n<p>\u201cH\u00e1 uma inseguran\u00e7a jur\u00eddica muito forte no mercado de trabalho questionando a reforma trabalhista de 2017. Primeiro: com a vit\u00f3ria de Ciro Gomes, revogar todas as quest\u00f5es que est\u00e3o sub judice no STF\u201d, indicou o sindicalista, que tamb\u00e9m preside o PDT na cidade de S\u00e3o Paulo.<\/p>\n<p>\u201cSegundo: ver tamb\u00e9m quais s\u00e3o aquelas cl\u00e1usulas que est\u00e3o pegando bastante pesado contra a classe oper\u00e1ria, contra o povo brasileiro, sejam eles p\u00fablicos ou privados\u201d, acrescentou.<\/p>\n<p>Na sequ\u00eancia, Lupi confirmou novamente a pr\u00e9-candidatura de Ciro ao Pal\u00e1cio do Planalto a partir de bases classificadas como diferenciadas em uma disputa influenciada, segundo ele, pelo \u00f3dio.<\/p>\n<p>\u201cN\u00f3s temos uma candidatura, e j\u00e1 aconteceu isso em 2018, que apresenta claramente para o Brasil um projeto [Nacional de Desenvolvimento] com come\u00e7o, meio e fim. [&#8230;] Com a coragem, \u00fanica, de enfrentar o que eu considero o c\u00e2ncer da sociedade moderna, que \u00e9 o sistema financeiro\u201d, argumentou.<\/p>\n<p><strong>Preju\u00edzos acumulados<\/strong><\/p>\n<p>Relatando a gravidade dos \u00edndices registrados pelo IBGE nos \u00faltimos anos, o ex-ministro da Fazenda Ciro Gomes chamou a aten\u00e7\u00e3o para o impacto cruzado de dois quesitos: informalidade e previd\u00eancia social.<\/p>\n<p>\u201c12 milh\u00f5es s\u00e3o os brasileiros desempregados, que o IBGE considera aqueles que, no m\u00eas passado, procuraram emprego e n\u00e3o conseguiram. [&#8230;] Algo, ao redor, de 50 milh\u00f5es de brasileiros est\u00e3o empurrados para a mais vil e selvagem informalidade da hist\u00f3ria brasileira\u201d, salientou.<\/p>\n<p>\u201cSabe o que \u00e9 informalidade? \u00c9 o cidad\u00e3o e cidad\u00e3 estarem induzidos a uma jornada de trabalho entre 60 e 70 horas sem descanso semanal para ir ao culto, templo ou igreja. Sem f\u00e9rias, 13\u00ba sal\u00e1rio. E mais grave: estamos produzindo um universo de 50 ou 60 milh\u00f5es de brasileiros que, para quem a velhice chegar\u00e1 daqui a 20 ou 30 anos, n\u00e3o ter\u00e1 nenhuma cobertura previdenci\u00e1ria\u201d, complementou.<\/p>\n<p>Com o sal\u00e1rio m\u00ednimo apresentando o pior poder de compra nos \u00faltimos 15 anos e a renda alcan\u00e7ando o pior valor m\u00e9dio desde o in\u00edcio das mensura\u00e7\u00f5es, Ciro faz complementar paralelo com o fator que julga determinante: a infla\u00e7\u00e3o, que \u00e9 pior desde 1995, se considerado o indicador de abril.<\/p>\n<p>\u201cA companheira, que me ajuda aqui em casa, estava me dizendo que gastou R$ 12 para comprar caf\u00e9 e a\u00e7\u00facar, com os olhos cheios de l\u00e1grimas. Esta \u00e9 a vida do nosso povo. Hoje, quem vive de combust\u00edvel, como taxistas, motoristas de aplicativos e de caminh\u00e3o, simplesmente enlouqueceram\u201d, descreveu.<\/p>\n<p>\u201cEst\u00e1 invi\u00e1vel por uma pol\u00edtica p\u00fablica controlada pelo governo. A Petrobras distribuiu R$ 102 bilh\u00f5es de lucro, no ano passado, e no trimestre agora, para esfregar no nariz de um povo desesperado, acumulou R$ 45 bilh\u00f5es\u201d, citou.<\/p>\n<p>Lupi alertou ainda para a t\u00e1tica bolsonarista de mudar o foco de assuntos essenciais, como a s\u00e9rie de crises no trabalho, sa\u00fade e infraestrutura, para gerar pol\u00eamicas vinculadas \u00e0s urnas eletr\u00f4nicas.<\/p>\n<p>\u201cHoje, o atual governo do profeta da ignor\u00e2ncia tenta desviar os assuntos que s\u00e3o verdadeiramente importantes para o Brasil. Agora, est\u00e1 se discutindo o TSE [Tribunal Superior Eleitoral], possibilidade de golpe e n\u00e3o se discute infla\u00e7\u00e3o, desmando, Covid, mortes, sa\u00fade p\u00fablica, investimento, descaso com o servidor, o mais baixo sal\u00e1rio m\u00ednimo nos \u00faltimos 15 anos, a maior infla\u00e7\u00e3o dos \u00faltimos 20 anos\u201d, elencou.<\/p>\n<p>Para assistir o evento, na \u00edntegra, clique <a href=\"https:\/\/www.youtube.com\/watch?v=h2ioTjXxcV4\">aqui<\/a>.<\/p>\n<!-- AddThis Advanced Settings generic via filter on the_content --><!-- AddThis Share Buttons generic via filter on the_content -->","protected":false},"excerpt":{"rendered":"<p>Pedetistas criticam precariza\u00e7\u00e3o e subtra\u00e7\u00e3o de direitos nos governos de Michel Temer e Jair Bolsonaro A revoga\u00e7\u00e3o de cl\u00e1usulas da reforma trabalhista esteve na pauta do debate entre o presidente nacional do PDT, Carlos Lupi, o pr\u00e9-candidato pedetista a presidente da Rep\u00fablica, Ciro Gomes, e o presidente da Central dos Sindicatos do Brasil (CSB), Antonio&#8230;<!-- AddThis Advanced Settings generic via filter on wp_trim_excerpt --><!-- AddThis Share Buttons generic via filter on wp_trim_excerpt --><\/p>\n","protected":false},"author":17,"featured_media":81927,"comment_status":"closed","ping_status":"closed","sticky":false,"template":"","format":"standard","meta":{"_monsterinsights_skip_tracking":false,"_monsterinsights_sitenote_active":false,"_monsterinsights_sitenote_note":"","_monsterinsights_sitenote_category":0,"_uf_show_specific_survey":0,"_uf_disable_surveys":false,"footnotes":""},"categories":[1390,5417,5416,1401],"tags":[],"class_list":["post-81923","post","type-post","status-publish","format-standard","has-post-thumbnail","hentry","category-editorias","category-carlos-lupi","category-ciro-gomes","category-nacional"],"acf":[],"_links":{"self":[{"href":"https:\/\/pdt-rj.org.br\/index.php\/wp-json\/wp\/v2\/posts\/81923","targetHints":{"allow":["GET"]}}],"collection":[{"href":"https:\/\/pdt-rj.org.br\/index.php\/wp-json\/wp\/v2\/posts"}],"about":[{"href":"https:\/\/pdt-rj.org.br\/index.php\/wp-json\/wp\/v2\/types\/post"}],"author":[{"embeddable":true,"href":"https:\/\/pdt-rj.org.br\/index.php\/wp-json\/wp\/v2\/users\/17"}],"replies":[{"embeddable":true,"href":"https:\/\/pdt-rj.org.br\/index.php\/wp-json\/wp\/v2\/comments?post=81923"}],"version-history":[{"count":9,"href":"https:\/\/pdt-rj.org.br\/index.php\/wp-json\/wp\/v2\/posts\/81923\/revisions"}],"predecessor-version":[{"id":82046,"href":"https:\/\/pdt-rj.org.br\/index.php\/wp-json\/wp\/v2\/posts\/81923\/revisions\/82046"}],"wp:featuredmedia":[{"embeddable":true,"href":"https:\/\/pdt-rj.org.br\/index.php\/wp-json\/wp\/v2\/media\/81927"}],"wp:attachment":[{"href":"https:\/\/pdt-rj.org.br\/index.php\/wp-json\/wp\/v2\/media?parent=81923"}],"wp:term":[{"taxonomy":"category","embeddable":true,"href":"https:\/\/pdt-rj.org.br\/index.php\/wp-json\/wp\/v2\/categories?post=81923"},{"taxonomy":"post_tag","embeddable":true,"href":"https:\/\/pdt-rj.org.br\/index.php\/wp-json\/wp\/v2\/tags?post=81923"}],"curies":[{"name":"wp","href":"https:\/\/api.w.org\/{rel}","templated":true}]}}