{"id":81861,"date":"2022-05-09T15:58:41","date_gmt":"2022-05-09T18:58:41","guid":{"rendered":"https:\/\/pdt-rj.org.br\/?p=81861"},"modified":"2022-05-09T15:59:30","modified_gmt":"2022-05-09T18:59:30","slug":"nota-de-repudio-da-prefeitura-de-cabo-frio-pela-acao-de-policiais-militares-na-batalha-de-rap","status":"publish","type":"post","link":"https:\/\/pdt-rj.org.br\/index.php\/nota-de-repudio-da-prefeitura-de-cabo-frio-pela-acao-de-policiais-militares-na-batalha-de-rap\/","title":{"rendered":"Nota de rep\u00fadio da Prefeitura de Cabo Frio pela a\u00e7\u00e3o de policiais militares"},"content":{"rendered":"<p><strong>Abusiva repress\u00e3o ocorreu em evento cultural realizado no bairro Manoel Corr\u00eaa<\/strong><\/p>\n<p>A prefeitura de Cabo Frio, atrav\u00e9s do prefeito Jos\u00e9 Bonif\u00e1cio (PDT), divulgou nota de rep\u00fadio contra a abusiva a\u00e7\u00e3o de represess\u00e3o promovida por policiais militares no evento &#8220;Batalha de Rap&#8221;, que ocorreu na \u00faltima quinta-feira (5), no bairro Manoel Corr\u00eaa.<\/p>\n<p>Confira o posicionamento, na \u00edntegra:<\/p>\n<p>&#8220;A Prefeitura de Cabo Frio repudia de forma veemente a a\u00e7\u00e3o de policiais militares que estiveram na noite de quinta-feira (5) na Batalha de Rap, no bairro Manoel Corr\u00eaa. A Prefeitura apoia a manifesta\u00e7\u00e3o art\u00edstica e presta solidariedade aos participantes, que foram reprimidos de maneira covarde pelos agentes de seguran\u00e7a.<\/p>\n<p>A a\u00e7\u00e3o desses policiais contraria todos os esfor\u00e7os feitos pelo Governo Municipal para garantir o acesso da popula\u00e7\u00e3o jovem \u00e0 cultura e ao lazer. As imagens demonstram uma atua\u00e7\u00e3o truculenta e violenta por parte daqueles que deveriam proteger a popula\u00e7\u00e3o.<\/p>\n<p>N\u00e3o podemos admitir que fam\u00edlias inteiras sejam humilhadas e expulsas do espa\u00e7o p\u00fablico. O disparo de tiros em um ambiente repleto de crian\u00e7as \u00e9 uma atitude irrespons\u00e1vel e que n\u00e3o pode ficar impune. O Estado deve garantir a liberdade dos cidad\u00e3os e preservar vidas, jamais atentar contra a sua pr\u00f3pria popula\u00e7\u00e3o.<\/p>\n<p>Representantes da Prefeitura de Cabo Frio j\u00e1 procuraram os organizadores do evento e se colocaram \u00e0 disposi\u00e7\u00e3o para colaborar com a comunidade afetada. O Governo Municipal est\u00e1 em contato com o comando do 25\u00ba Batalh\u00e3o de Pol\u00edcia Militar, solicitando rigorosa apura\u00e7\u00e3o dos fatos ocorridos, para que os respons\u00e1veis sejam punidos e para garantir que tal viol\u00eancia n\u00e3o se repita no munic\u00edpio.&#8221;<\/p>\n<!-- AddThis Advanced Settings generic via filter on the_content --><!-- AddThis Share Buttons generic via filter on the_content -->","protected":false},"excerpt":{"rendered":"<p>Abusiva repress\u00e3o ocorreu em evento cultural realizado no bairro Manoel Corr\u00eaa A prefeitura de Cabo Frio, atrav\u00e9s do prefeito Jos\u00e9 Bonif\u00e1cio (PDT), divulgou nota de rep\u00fadio contra a abusiva a\u00e7\u00e3o de represess\u00e3o promovida por policiais militares no evento &#8220;Batalha de Rap&#8221;, que ocorreu na \u00faltima quinta-feira (5), no bairro Manoel Corr\u00eaa. Confira o posicionamento, na&#8230;<!-- AddThis Advanced Settings generic via filter on wp_trim_excerpt --><!-- AddThis Share Buttons generic via filter on wp_trim_excerpt --><\/p>\n","protected":false},"author":17,"featured_media":81862,"comment_status":"closed","ping_status":"closed","sticky":false,"template":"","format":"standard","meta":{"_monsterinsights_skip_tracking":false,"_monsterinsights_sitenote_active":false,"_monsterinsights_sitenote_note":"","_monsterinsights_sitenote_category":0,"_uf_show_specific_survey":0,"_uf_disable_surveys":false,"footnotes":""},"categories":[1390,1402],"tags":[],"class_list":["post-81861","post","type-post","status-publish","format-standard","has-post-thumbnail","hentry","category-editorias","category-cidades"],"acf":[],"_links":{"self":[{"href":"https:\/\/pdt-rj.org.br\/index.php\/wp-json\/wp\/v2\/posts\/81861","targetHints":{"allow":["GET"]}}],"collection":[{"href":"https:\/\/pdt-rj.org.br\/index.php\/wp-json\/wp\/v2\/posts"}],"about":[{"href":"https:\/\/pdt-rj.org.br\/index.php\/wp-json\/wp\/v2\/types\/post"}],"author":[{"embeddable":true,"href":"https:\/\/pdt-rj.org.br\/index.php\/wp-json\/wp\/v2\/users\/17"}],"replies":[{"embeddable":true,"href":"https:\/\/pdt-rj.org.br\/index.php\/wp-json\/wp\/v2\/comments?post=81861"}],"version-history":[{"count":2,"href":"https:\/\/pdt-rj.org.br\/index.php\/wp-json\/wp\/v2\/posts\/81861\/revisions"}],"predecessor-version":[{"id":81864,"href":"https:\/\/pdt-rj.org.br\/index.php\/wp-json\/wp\/v2\/posts\/81861\/revisions\/81864"}],"wp:featuredmedia":[{"embeddable":true,"href":"https:\/\/pdt-rj.org.br\/index.php\/wp-json\/wp\/v2\/media\/81862"}],"wp:attachment":[{"href":"https:\/\/pdt-rj.org.br\/index.php\/wp-json\/wp\/v2\/media?parent=81861"}],"wp:term":[{"taxonomy":"category","embeddable":true,"href":"https:\/\/pdt-rj.org.br\/index.php\/wp-json\/wp\/v2\/categories?post=81861"},{"taxonomy":"post_tag","embeddable":true,"href":"https:\/\/pdt-rj.org.br\/index.php\/wp-json\/wp\/v2\/tags?post=81861"}],"curies":[{"name":"wp","href":"https:\/\/api.w.org\/{rel}","templated":true}]}}