{"id":81827,"date":"2022-05-04T23:32:36","date_gmt":"2022-05-05T02:32:36","guid":{"rendered":"https:\/\/pdt-rj.org.br\/?p=81827"},"modified":"2022-05-11T15:48:00","modified_gmt":"2022-05-11T18:48:00","slug":"acao-do-pdt-contra-bolsonaro-e-deferida-pelo-tse","status":"publish","type":"post","link":"https:\/\/pdt-rj.org.br\/index.php\/acao-do-pdt-contra-bolsonaro-e-deferida-pelo-tse\/","title":{"rendered":"A\u00e7\u00e3o do PDT contra Bolsonaro \u00e9 deferida pelo TSE"},"content":{"rendered":"<h3><strong>Ministro Alexandre de Moraes exigiu comprova\u00e7\u00e3o e destino de valores arrecadados com motociata<\/strong><\/h3>\n<p><em>\u00a0<\/em>A\u00e7\u00e3o movida pelo PDT no TSE teve decis\u00e3o favor\u00e1vel do ministro Alexandre de Moraes, na \u00faltima segunda-feira (2), exigindo publicidade e transpar\u00eancia dos valores arrecadados pela motociata, promovida por Jair Bolsonaro, no dia 15 de abril deste ano. O evento vendeu ingressos em favor da Associa\u00e7\u00e3o Mensagem de Esperan\u00e7a Campinas (AMEC), pessoa jur\u00eddica, o que pode configurar \u201ccaixa 2\u201d para campanha eleitoral.<\/p>\n<p>Na moticiata realizada no feriado de P\u00e1scoa, foram oferecidos ingressos a R$ 10 para quem quisesse assistir o evento em lugar privilegiado. Esse dinheiro pago por milhares de apoiadores de Bolsonaro foi depositado, via PIX, na conta da AMEC, contudo n\u00e3o se sabe o valor tampouco a finalidade do montante. O PDT argumenta que tal verba fica a margem da contabiliza\u00e7\u00e3o oficial da campanha, configurando a pr\u00e1tica de \u201ccaixa 2\u201d.<\/p>\n<p>\u201cO pagamento era realizado por meio do PIX ligado ao CNPJ n\u00ba 17.916.911\/0001-6\u2033, cuja conta banc\u00e1ria est\u00e1 vinculada \u00e0 Associa\u00e7\u00e3o Mensagem de Esperan\u00e7a, localizada em Campinas\/SP e pertencente \u00e0 igreja Assembleia de Deus Bom Retiro. Ap\u00f3s o pagamento, o participante recebe uma mensagem de confirma\u00e7\u00e3o acompanhada de uma foto do Senhor Jair Messias Bolsonaro\u201d, atestava a a\u00e7\u00e3o.<\/p>\n<p>De acordo com o documento pedetista, o presidente da Rep\u00fablica tem realizado atos de campanha, entre eles, \u201cmotociatas\u201d e discursos inflamados, para impulsionar a sua candidatura \u00e0 reelei\u00e7\u00e3o, o que \u00e9 proibido pela legisla\u00e7\u00e3o eleitoral. Os eventos com vi\u00e9s eleitoral, segundo o PDT, somam despesas or\u00e7adas em R$ 5 milh\u00f5es dos cofres p\u00fablicos.<\/p>\n<p>Dando raz\u00e3o \u00e0s argumenta\u00e7\u00f5es pedetistas, o ministro Alexandre de Moraes decidiu que a AMEC deve \u201cinformar e comprovar o montante financeiro que foi arrecadado ou direcionado para a motociata realizada no dia 15\/04\/2022, bem como para que informe se h\u00e1 algum tipo de vincula\u00e7\u00e3o com o Senhor Jair Messias Bolsonaro\u201d.<\/p>\n<p>Confira abaixo a \u00edntegra da decis\u00e3o.<\/p>\n<p><a href=\"https:\/\/www.pdt.org.br\/wp-content\/uploads\/2022\/05\/Tutela-Cautelar-Antecipada.pdf\" data-wpel-link=\"internal\">Tutela Cautelar Antecipada<\/a><\/p>\n<!-- AddThis Advanced Settings generic via filter on the_content --><!-- AddThis Share Buttons generic via filter on the_content -->","protected":false},"excerpt":{"rendered":"<p>Ministro Alexandre de Moraes exigiu comprova\u00e7\u00e3o e destino de valores arrecadados com motociata \u00a0A\u00e7\u00e3o movida pelo PDT no TSE teve decis\u00e3o favor\u00e1vel do ministro Alexandre de Moraes, na \u00faltima segunda-feira (2), exigindo publicidade e transpar\u00eancia dos valores arrecadados pela motociata, promovida por Jair Bolsonaro, no dia 15 de abril deste ano. O evento vendeu ingressos&#8230;<!-- AddThis Advanced Settings generic via filter on wp_trim_excerpt --><!-- AddThis Share Buttons generic via filter on wp_trim_excerpt --><\/p>\n","protected":false},"author":17,"featured_media":81832,"comment_status":"closed","ping_status":"closed","sticky":false,"template":"","format":"standard","meta":{"_monsterinsights_skip_tracking":false,"_monsterinsights_sitenote_active":false,"_monsterinsights_sitenote_note":"","_monsterinsights_sitenote_category":0,"_uf_show_specific_survey":0,"_uf_disable_surveys":false,"footnotes":""},"categories":[1390,1401],"tags":[],"class_list":["post-81827","post","type-post","status-publish","format-standard","has-post-thumbnail","hentry","category-editorias","category-nacional"],"acf":[],"_links":{"self":[{"href":"https:\/\/pdt-rj.org.br\/index.php\/wp-json\/wp\/v2\/posts\/81827","targetHints":{"allow":["GET"]}}],"collection":[{"href":"https:\/\/pdt-rj.org.br\/index.php\/wp-json\/wp\/v2\/posts"}],"about":[{"href":"https:\/\/pdt-rj.org.br\/index.php\/wp-json\/wp\/v2\/types\/post"}],"author":[{"embeddable":true,"href":"https:\/\/pdt-rj.org.br\/index.php\/wp-json\/wp\/v2\/users\/17"}],"replies":[{"embeddable":true,"href":"https:\/\/pdt-rj.org.br\/index.php\/wp-json\/wp\/v2\/comments?post=81827"}],"version-history":[{"count":3,"href":"https:\/\/pdt-rj.org.br\/index.php\/wp-json\/wp\/v2\/posts\/81827\/revisions"}],"predecessor-version":[{"id":81905,"href":"https:\/\/pdt-rj.org.br\/index.php\/wp-json\/wp\/v2\/posts\/81827\/revisions\/81905"}],"wp:featuredmedia":[{"embeddable":true,"href":"https:\/\/pdt-rj.org.br\/index.php\/wp-json\/wp\/v2\/media\/81832"}],"wp:attachment":[{"href":"https:\/\/pdt-rj.org.br\/index.php\/wp-json\/wp\/v2\/media?parent=81827"}],"wp:term":[{"taxonomy":"category","embeddable":true,"href":"https:\/\/pdt-rj.org.br\/index.php\/wp-json\/wp\/v2\/categories?post=81827"},{"taxonomy":"post_tag","embeddable":true,"href":"https:\/\/pdt-rj.org.br\/index.php\/wp-json\/wp\/v2\/tags?post=81827"}],"curies":[{"name":"wp","href":"https:\/\/api.w.org\/{rel}","templated":true}]}}