{"id":81576,"date":"2022-04-13T08:05:27","date_gmt":"2022-04-13T11:05:27","guid":{"rendered":"https:\/\/pdt-rj.org.br\/?p=81576"},"modified":"2022-04-14T13:15:50","modified_gmt":"2022-04-14T16:15:50","slug":"brasil-para-exportacao-por-bruna-werneck","status":"publish","type":"post","link":"https:\/\/pdt-rj.org.br\/index.php\/brasil-para-exportacao-por-bruna-werneck\/","title":{"rendered":"\u201cBrasil para exporta\u00e7\u00e3o\u201d, por Bruna Werneck"},"content":{"rendered":"<p><strong>Brazil Conference em Boston, nos Estados Unidos, ganha grande visibilidade na m\u00eddia brasileira<\/strong><\/p>\n<p><em>*Por Bruna Werneck<\/em><\/p>\n<p>O ano \u00e9 2022, ano de elei\u00e7\u00f5es presidenciais, e uma confer\u00eancia em Boston ganha grande visibilidade na m\u00eddia brasileira por reunir os principais postulantes a substituir Jair Bolsonaro na Presid\u00eancia da Rep\u00fablica. Marcaram presen\u00e7a, em ordem de participa\u00e7\u00e3o, S\u00e9rgio Moro, Jacques Wagner (representando a candidatura de Lula), Ciro Gomes, Simone Tebet e Jo\u00e3o Doria. Eduardo Leite, mesmo tendo perdido as pr\u00e9vias de seu partido (PSDB) para Doria, deixou antecipadamente o cargo de governador no Rio Grande do Sul para se manter habilitado a concorrer em uma chapa presidencial e tamb\u00e9m marcou presen\u00e7a. Foi um dos integrantes da mesa que fechou o evento: \u201cInstigando o Poder Econ\u00f4mico do Brasileiro\u201d.<\/p>\n<p>Trata-se da Brazil Conference, um evento anual que ocorre desde 2015, organizado por estudantes brasileiros, para \u201cpromover o encontro com l\u00edderes e representantes da diversidade do Brasil\u201d. De acordo com o site da confer\u00eancia, sua miss\u00e3o \u00e9 \u201cestabelecer um espa\u00e7o plural para o debate, criando ideias sobre o futuro do nosso pa\u00eds e fomentando as transforma\u00e7\u00f5es que melhorar\u00e3o as vidas do maior n\u00famero de brasileiros\u201d (BRAZIL CONFERENCE, 2022). A programa\u00e7\u00e3o contou tamb\u00e9m com parlamentares, lideran\u00e7as de organiza\u00e7\u00f5es da sociedade civil, empres\u00e1rios, professores universit\u00e1rios, profissionais que ocupam ou ocuparam cargos na gest\u00e3o p\u00fablica e jornalistas de grande renome no Brasil. Dentre as figuras de destaque, chamou a aten\u00e7\u00e3o e rendeu manchetes na imprensa nacional a participa\u00e7\u00e3o de Jorge Paulo Lemann, que reafirmou seu objetivo de melhorar a educa\u00e7\u00e3o no Brasil (BALAGO, 2022).<\/p>\n<p>A atua\u00e7\u00e3o de Lemann no campo da educa\u00e7\u00e3o foi meu objeto de pesquisa de mestrado e se desdobrou no livro \u201cO Projeto Lemann e a Educa\u00e7\u00e3o Brasileira\u201d, que est\u00e1 em preparo de sua segunda edi\u00e7\u00e3o. Desde ent\u00e3o, sigo acompanhando suas a\u00e7\u00f5es e a Brazil Conference se apresenta como uma vitrine que sintetiza a capacidade de Lemann de conformar o debate p\u00fablico no Brasil hoje.<\/p>\n<p>O primeiro aspecto que salta aos olhos \u00e9: como \u201cum grupo de estudantes\u201d consegue mobilizar tal capital pol\u00edtico e financeiro?<\/p>\n<p>Encontramos uma pista na p\u00e1gina de patrocinadores do site da Brazil Conference. Na categoria mais alta, Platinum, figura a Funda\u00e7\u00e3o Lemann. A categoria Bronze conta com Ambev e Americanas, empresas do grupo 3G Capital. Como apoio, aparecem a Funda\u00e7\u00e3o Estudar e os institutos David Rockefeller Center For Latin American Studies, da Universidade de Harvard, e o MIT Mangement Latin America Office, ambas universidades parceiras da Funda\u00e7\u00e3o Lemann. A segunda pista \u00e9 identifica\u00e7\u00e3o de um dos co-presidentes da Confer\u00eancia como bolsista da Funda\u00e7\u00e3o Estudar. Percebemos, ent\u00e3o, a rela\u00e7\u00e3o umbilical da Confer\u00eancia com a rede de influ\u00eancia Lemann.<\/p>\n<p>Entre o mundo empresarial e o terceiro setor, Lemann tem v\u00e1rias frentes de atua\u00e7\u00e3o. Tornou-se conhecido e alcan\u00e7ou o posto de homem mais rico do Brasil por seus investimentos em empresas de diferentes setores. Desde o in\u00edcio do s\u00e9culo, Lemann se aproximou da educa\u00e7\u00e3o e sua atua\u00e7\u00e3o nesse campo se articula, principalmente, em 4 institui\u00e7\u00f5es: a Gera Venture Capital, que \u00e9 um fundo de investimentos em escolas, produtos e servi\u00e7os educacionais; a Funda\u00e7\u00e3o Estudar, que oferece uma gama de servi\u00e7os aos jovens desde cursos de empreendedorismo e facilita\u00e7\u00e3o na entrada do mercado de trabalho at\u00e9 apoio e bolsas para quem deseja estudar no exterior; a Funda\u00e7\u00e3o Lemann, principal interface com o poder p\u00fablico brasileiro; e uma rede de universidades em diferentes pa\u00edses onde ele financia pesquisas e onde encontram-se os especialistas que legitimam as pol\u00edticas defendidas aqui.<\/p>\n<p>Tendo feito esse esclarecimento, retomamos e ampliamos uma das perguntas norteadoras da pesquisa que originou o livro: qual \u00e9 o projeto de Lemann n\u00e3o s\u00f3 para a educa\u00e7\u00e3o, mas para o futuro do Brasil?<\/p>\n<p>Apesar de Lemann reafirmar seu foco na educa\u00e7\u00e3o, o espectro de temas abordados na confer\u00eancia indica que seu interesse nos rumos do Brasil abarca um espectro bem mais amplo de temas. Por outro lado, se o escopo \u00e9 amplo, a profundidade das transforma\u00e7\u00f5es em \u00e2mbitos sociais e econ\u00f4micos se mostra limitada. Em dado momento, Lemann diz: \u201cA principal coisa que estou tentando \u00e9 melhorar a educa\u00e7\u00e3o em termos de tornar as pessoas capazes de participar da economia das startups ou mesmo de ser competitivos no mundo.\u201d Essa fala deixa claro que trata-se de uma educa\u00e7\u00e3o que se restringe a preparar os indiv\u00edduos para se integrar ao mundo que existe, sem question\u00e1-lo ou transform\u00e1-lo.<\/p>\n<p>Essa limita\u00e7\u00e3o fica ainda mais evidente no painel intitulado \u201cInstigando Caminhos para Reverter a Pobreza no Brasil\u201d (BALAGO, 2022). Nele, os convidados foram o coordenador da Pastoral do Povo da Rua de S\u00e3o Paulo, Padre Julio Lancellotti, o apresentador de TV Luciano Huck, o deputado estadual e ex- Secret\u00e1rio de Educa\u00e7\u00e3o do Rio de Janeiro Renan Ferreirinha, e o presidente do G10 Favelas, Gilson Rodrigues. S\u00e3o figuras de proemin\u00eancia em cada um de seus campos, por\u00e9m \u00e9 gritante a falta de uma fala mais contundente sobre as estruturas da sociedade que levam \u00e0 pobreza, que apresente propostas para solu\u00e7\u00e3o em escala ou que questione nosso sistema tribut\u00e1rio e a (m\u00e1) distribui\u00e7\u00e3o de riquezas em nosso pa\u00eds.<\/p>\n<p>O que Lemann parece, sim, interessado em transformar no Brasil \u00e9 o debate p\u00fablico, que passa a ser privatizado. Se muitos criticam a constru\u00e7\u00e3o de Bras\u00edlia, por ter afastado o centro de poder do povo, o que dizer de uma confer\u00eancia para debater os rumos do Brasil em Boston? Que outra organiza\u00e7\u00e3o conseguiu reunir todas as pr\u00e9-candidaturas de oposi\u00e7\u00e3o ao Bolsonaro em 2022? Por que estar dispon\u00edvel para uma discuss\u00e3o sobre os rumos do Brasil nos Estados Unidos \u00e9 t\u00e3o importante que n\u00e3o se pode deixar de ir?<\/p>\n<p>A transfer\u00eancia do l\u00f3cus de discuss\u00e3o pol\u00edtica promovida pelo ecossistema Lemann do Brasil para os Estados Unidos n\u00e3o se inicia com a Brazil Conference. Foi em Yale que se deram as reuni\u00f5es embrion\u00e1rias que levaram \u00e0 constru\u00e7\u00e3o do Movimento Pela Base. Al\u00e9m disso, houve em novembro de 2018, logo ap\u00f3s as elei\u00e7\u00f5es de Jair Bolsonaro e dos parlamentares ex-bolsistas Lemann (T\u00e1bata Amaral, Felipe Rigoni, Thiago Mitraud), um encontro em Oxford para debater gest\u00e3o p\u00fablica e educa\u00e7\u00e3o (FUNDA\u00c7\u00c3O LEMANN, 2018). Triste ainda constatar que a Brazil Conference sequer \u00e9 \u00fanica ou inovadora. The India Conference (INDIA CONFERENCE, 2022) est\u00e1 em sua 19\u00aa edi\u00e7\u00e3o, em 2022. H\u00e1 tamb\u00e9m a Mexico Conference (MEXICO CONFERENCE, 2022) e poss\u00edveis outras.<\/p>\n<p>Vale ressaltar que essas confer\u00eancias n\u00e3o s\u00e3o iniciativas de Harvard ou do MIT ou de qualquer outra institui\u00e7\u00e3o acad\u00eamica de refer\u00eancia. A curadoria de convidados e temas n\u00e3o \u00e9 definida pelos pesquisadores e professores dessas institui\u00e7\u00f5es, mas pelo crivo dos estudantes em Boston \u2013 que se utilizam de seus v\u00ednculos para emprestar prest\u00edgio ao evento \u2013 e dos patrocinadores. O Brasil figura, ent\u00e3o, como apenas mais um produto em exibi\u00e7\u00e3o para consumo externo: um recorte que atende a interesses espec\u00edficos apresentado em um palco internacional e que \u00e9 recebido de volta no Brasil como tendo uma valida\u00e7\u00e3o cient\u00edfica ou acad\u00eamica de excel\u00eancia. Constatar que esse evento produzido por estudantes se torna imprescind\u00edvel para nossos principais l\u00edderes pol\u00edticos nos obriga a lidar com a realidade brutal de que ainda estamos muito distantes de nosso ideal de pa\u00eds soberano.<\/p>\n<p>Retomo e adapto, ent\u00e3o, outra das perguntas norteadoras de minha pesquisa: como a Brazil Conference se legitima como esse espa\u00e7o de debate sobre os rumos do pa\u00eds?<\/p>\n<p>Mais uma vez a confer\u00eancia exp\u00f5e uma tecnologia de legitima\u00e7\u00e3o que vem sendo utilizada e aprimorada pela Funda\u00e7\u00e3o Lemann em seus 20 anos de exist\u00eancia. Al\u00e9m dos pr\u00f3prios convidados gerarem um justificado interesse, vemos a articula\u00e7\u00e3o de jornalistas e ve\u00edculos de imprensa para ampliar a visibilidade da Confer\u00eancia. Os pain\u00e9is foram transmitidos ao vivo pelo canal do Estad\u00e3o no YouTube e v\u00e1rios deles moderados por jornalistas do grupo Globo, como Vera Magalh\u00e3es, Natuza Nery e Eliane Cantanh\u00eade (BRAZIL CONFERENCE, 2022).<\/p>\n<p>A Brazil Conference conta ainda com uma s\u00e9rie de programas sat\u00e9lite (BRAZIL CONFERENCE, 2022):<\/p>\n<p>. O BC Comunidades \u00e9 focado em lideran\u00e7as comunit\u00e1rias, professores do ensino regular e alunos do ensino superior no Brasil e tem como objetivo apoiar projetos locais com vistas a proposi\u00e7\u00e3o de pol\u00edticas p\u00fablicas;<\/p>\n<p>. Di\u00e1logos s\u00e3o encontros locais no Brasil, que se estruturam em torno da transmiss\u00e3o ao vivo de algum dos pain\u00e9is da Brazil Conference e promovem o debate aqui em solo brasileiro;<\/p>\n<p>. O programa Documentaristas oferece acesso de bastidores a estudantes universit\u00e1rios que queiram fazer a cobertura da Brazil Conference em texto ou audiovisual;<\/p>\n<p>. O programa Embaixadores tem o prop\u00f3sito de criar lideran\u00e7as; e<\/p>\n<p>. O HackBrazil que tem a miss\u00e3o de apoiar startups \u201cque resolvam grandes problemas brasileiros\u201d.<\/p>\n<p>S\u00e3o iniciativas v\u00e1lidas e objetivos nobres. Mas e a estrutura desigual de nossa sociedade? At\u00e9 quando vamos aceitar um Estado subfinanciado e depender das boas inten\u00e7\u00f5es de quem det\u00e9m boa parte de nossas riquezas? Em que momento abrimos m\u00e3o da no\u00e7\u00e3o de cidadania, em que temos todos direitos iguais, e nos contentamos com uma sociedade dividida entre quem doa (e define o uso dos recursos) e quem depende de doa\u00e7\u00e3o (e precisa se adequar aos interesses do doador)?<\/p>\n<p>\u00c9 preciso urgentemente que a esfera p\u00fablica ofere\u00e7a caminhos alternativos para o desenvolvimento pessoal e profissional das pessoas que pensam transforma\u00e7\u00f5es estruturais do pa\u00eds. Universidades, escolas de governo e ag\u00eancias de financiamento t\u00eam um papel a cumprir, oferecendo meios para que essas ambi\u00e7\u00f5es individuais se alinhem ao interesse p\u00fablico de um Estado que atenda \u00e0s necessidades da popula\u00e7\u00e3o.<\/p>\n<p>Toda democracia \u00e9 constantemente manipulada por aqueles que det\u00e9m a maior parte da riqueza e do poder, com vistas a manter seu status e impedir transforma\u00e7\u00f5es estruturantes. A Brazil Conference, financiada e apoiada pelo homem mais rico do Brasil, exp\u00f5e orgulhosamente toda a fraqueza da nossa.<\/p>\n<p><strong>*Bruna Werneck \u00e9 mestre em Ci\u00eancia Pol\u00edtica, integrante da Funda\u00e7\u00e3o Leonel Brizola &#8211; Alberto Pasqualini\u00a0 (FLB-AP) e autora do livro \u201cO projeto Lemann e a Educa\u00e7\u00e3o Brasileira\u201d.<\/strong><\/p>\n<p><strong>Refer\u00eancias:<\/strong><\/p>\n<p>BALAGO, Rafael. <a href=\"https:\/\/www1.folha.uol.com.br\/mercado\/2022\/04\/teremos-um-novo-presidente-no-brasil-ano-que-vem-diz-jorge-paulo-lemann.shtml\">\u2018Teremos um novo presidente no Brasil ano que vem\u2019, diz Jorge Paulo Lemann<\/a>. 9 abr. 2022. Acesso em: 11 abr. 2022.<br \/>\nBRAZIL CONFERENCE.\u00a0<a href=\"https:\/\/www.brazilconference.org\/\">Site institucional<\/a>. Acesso em: 11 abr. 2022.<br \/>\nCANABRAVA, Bruna Werneck. O Projeto Lemann e a Educa\u00e7\u00e3o Brasileira. Rio de Janeiro: Oficina Raquel, 2021.<br \/>\nFUNDA\u00c7\u00c3O LEMANN.\u00a0<a href=\"https:\/\/fundacaolemann.org.br\/noticias\/autoridades-brasileiras-debatem-gestao-publica-e-educacao\">Autoridades brasileiras debatem gest\u00e3o p\u00fablica e educa\u00e7\u00e3o.<\/a>\u00a024 nov. 2018. Acesso em: 11 abr. 2022.<br \/>\nINDIA CONFERENCE.\u00a0<a href=\"https:\/\/indiaconference-2022.com\/\">Site institucional<\/a>. Acesso em: 11 abr. 2022.<br \/>\nMEXICO CONFERENCE.\u00a0<a href=\"https:\/\/themexicoconference.com\/\">Site institucional<\/a>. Acesso em: 11 abr. 2022.<\/p>\n<!-- AddThis Advanced Settings generic via filter on the_content --><!-- AddThis Share Buttons generic via filter on the_content -->","protected":false},"excerpt":{"rendered":"<p>Brazil Conference em Boston, nos Estados Unidos, ganha grande visibilidade na m\u00eddia brasileira *Por Bruna Werneck O ano \u00e9 2022, ano de elei\u00e7\u00f5es presidenciais, e uma confer\u00eancia em Boston ganha grande visibilidade na m\u00eddia brasileira por reunir os principais postulantes a substituir Jair Bolsonaro na Presid\u00eancia da Rep\u00fablica. Marcaram presen\u00e7a, em ordem de participa\u00e7\u00e3o, S\u00e9rgio&#8230;<!-- AddThis Advanced Settings generic via filter on wp_trim_excerpt --><!-- AddThis Share Buttons generic via filter on wp_trim_excerpt --><\/p>\n","protected":false},"author":17,"featured_media":81577,"comment_status":"closed","ping_status":"closed","sticky":false,"template":"","format":"standard","meta":{"_monsterinsights_skip_tracking":false,"_monsterinsights_sitenote_active":false,"_monsterinsights_sitenote_note":"","_monsterinsights_sitenote_category":0,"_uf_show_specific_survey":0,"_uf_disable_surveys":false,"footnotes":""},"categories":[1584,1390],"tags":[],"class_list":["post-81576","post","type-post","status-publish","format-standard","has-post-thumbnail","hentry","category-artigos","category-editorias"],"acf":[],"_links":{"self":[{"href":"https:\/\/pdt-rj.org.br\/index.php\/wp-json\/wp\/v2\/posts\/81576","targetHints":{"allow":["GET"]}}],"collection":[{"href":"https:\/\/pdt-rj.org.br\/index.php\/wp-json\/wp\/v2\/posts"}],"about":[{"href":"https:\/\/pdt-rj.org.br\/index.php\/wp-json\/wp\/v2\/types\/post"}],"author":[{"embeddable":true,"href":"https:\/\/pdt-rj.org.br\/index.php\/wp-json\/wp\/v2\/users\/17"}],"replies":[{"embeddable":true,"href":"https:\/\/pdt-rj.org.br\/index.php\/wp-json\/wp\/v2\/comments?post=81576"}],"version-history":[{"count":11,"href":"https:\/\/pdt-rj.org.br\/index.php\/wp-json\/wp\/v2\/posts\/81576\/revisions"}],"predecessor-version":[{"id":81588,"href":"https:\/\/pdt-rj.org.br\/index.php\/wp-json\/wp\/v2\/posts\/81576\/revisions\/81588"}],"wp:featuredmedia":[{"embeddable":true,"href":"https:\/\/pdt-rj.org.br\/index.php\/wp-json\/wp\/v2\/media\/81577"}],"wp:attachment":[{"href":"https:\/\/pdt-rj.org.br\/index.php\/wp-json\/wp\/v2\/media?parent=81576"}],"wp:term":[{"taxonomy":"category","embeddable":true,"href":"https:\/\/pdt-rj.org.br\/index.php\/wp-json\/wp\/v2\/categories?post=81576"},{"taxonomy":"post_tag","embeddable":true,"href":"https:\/\/pdt-rj.org.br\/index.php\/wp-json\/wp\/v2\/tags?post=81576"}],"curies":[{"name":"wp","href":"https:\/\/api.w.org\/{rel}","templated":true}]}}