{"id":81561,"date":"2022-04-14T09:51:07","date_gmt":"2022-04-14T12:51:07","guid":{"rendered":"https:\/\/pdt-rj.org.br\/?p=81561"},"modified":"2022-04-18T16:21:09","modified_gmt":"2022-04-18T19:21:09","slug":"pdt-lamenta-o-falecimento-de-edir-inacio","status":"publish","type":"post","link":"https:\/\/pdt-rj.org.br\/index.php\/pdt-lamenta-o-falecimento-de-edir-inacio\/","title":{"rendered":"PDT do Rio de Janeiro lamenta o falecimento de Edir In\u00e1cio"},"content":{"rendered":"<p><strong>L\u00edderanca pedetista contribuiu com os governos de Leonel Brizola e enfrentou a ditadura militar<\/strong><\/p>\n<p>A Dire\u00e7\u00e3o Estadual do PDT do Rio de Janeiro informa, com profundo pesar, o falecimento de Edir In\u00e1cio nesta quinta-feira (14). Companheiro de Eva Ramos, uma das fundadoras da sigla, o pedetista foi membro efetivo dos diret\u00f3rios de Niter\u00f3i e do Rio, al\u00e9m de presidente do Conselho Previdenci\u00e1rio do Movimento dos Aposentados e Idosos do PDT (Mapi).<\/p>\n<p>No setor p\u00fablico, ocupou os cargos de subsecret\u00e1rio de Minas e Energia e de presidente do DETRAN nos governos de Leonel Brizola no Rio de Janeiro, bem como de secret\u00e1rio de Administra\u00e7\u00e3o na gest\u00e3o de Jorge Roberto Silveira, em Niter\u00f3i.<\/p>\n<p>L\u00edder metal\u00fargico de Volta Redonda, enfrentou a ditadura militar. Como preso pol\u00edtico, suportou a tortura em instala\u00e7\u00f5es existentes em Barra Mansa, no Sul fluminense.<\/p>\n<p>Nossos sinceros sentimentos e solidariedade \u00e0 fam\u00edlia, amigos e companheiros.<\/p>\n<p><strong>Carlos Lupi<\/strong><\/p>\n<p>Presidente nacional do PDT<\/p>\n<p><strong>Ismael Lisboa<\/strong><\/p>\n<p>Secret\u00e1rio-geral do PDT do Rio de Janeiro<\/p>\n<!-- AddThis Advanced Settings generic via filter on the_content --><!-- AddThis Share Buttons generic via filter on the_content -->","protected":false},"excerpt":{"rendered":"<p>L\u00edderanca pedetista contribuiu com os governos de Leonel Brizola e enfrentou a ditadura militar A Dire\u00e7\u00e3o Estadual do PDT do Rio de Janeiro informa, com profundo pesar, o falecimento de Edir In\u00e1cio nesta quinta-feira (14). Companheiro de Eva Ramos, uma das fundadoras da sigla, o pedetista foi membro efetivo dos diret\u00f3rios de Niter\u00f3i e do&#8230;<!-- AddThis Advanced Settings generic via filter on wp_trim_excerpt --><!-- AddThis Share Buttons generic via filter on wp_trim_excerpt --><\/p>\n","protected":false},"author":17,"featured_media":81562,"comment_status":"closed","ping_status":"closed","sticky":false,"template":"","format":"standard","meta":{"_monsterinsights_skip_tracking":false,"_monsterinsights_sitenote_active":false,"_monsterinsights_sitenote_note":"","_monsterinsights_sitenote_category":0,"_uf_show_specific_survey":0,"_uf_disable_surveys":false,"footnotes":""},"categories":[1390,5417,1402],"tags":[],"class_list":["post-81561","post","type-post","status-publish","format-standard","has-post-thumbnail","hentry","category-editorias","category-carlos-lupi","category-cidades"],"acf":[],"_links":{"self":[{"href":"https:\/\/pdt-rj.org.br\/index.php\/wp-json\/wp\/v2\/posts\/81561","targetHints":{"allow":["GET"]}}],"collection":[{"href":"https:\/\/pdt-rj.org.br\/index.php\/wp-json\/wp\/v2\/posts"}],"about":[{"href":"https:\/\/pdt-rj.org.br\/index.php\/wp-json\/wp\/v2\/types\/post"}],"author":[{"embeddable":true,"href":"https:\/\/pdt-rj.org.br\/index.php\/wp-json\/wp\/v2\/users\/17"}],"replies":[{"embeddable":true,"href":"https:\/\/pdt-rj.org.br\/index.php\/wp-json\/wp\/v2\/comments?post=81561"}],"version-history":[{"count":5,"href":"https:\/\/pdt-rj.org.br\/index.php\/wp-json\/wp\/v2\/posts\/81561\/revisions"}],"predecessor-version":[{"id":81589,"href":"https:\/\/pdt-rj.org.br\/index.php\/wp-json\/wp\/v2\/posts\/81561\/revisions\/81589"}],"wp:featuredmedia":[{"embeddable":true,"href":"https:\/\/pdt-rj.org.br\/index.php\/wp-json\/wp\/v2\/media\/81562"}],"wp:attachment":[{"href":"https:\/\/pdt-rj.org.br\/index.php\/wp-json\/wp\/v2\/media?parent=81561"}],"wp:term":[{"taxonomy":"category","embeddable":true,"href":"https:\/\/pdt-rj.org.br\/index.php\/wp-json\/wp\/v2\/categories?post=81561"},{"taxonomy":"post_tag","embeddable":true,"href":"https:\/\/pdt-rj.org.br\/index.php\/wp-json\/wp\/v2\/tags?post=81561"}],"curies":[{"name":"wp","href":"https:\/\/api.w.org\/{rel}","templated":true}]}}