{"id":81532,"date":"2022-04-13T10:11:26","date_gmt":"2022-04-13T13:11:26","guid":{"rendered":"https:\/\/pdt-rj.org.br\/?p=81532"},"modified":"2022-04-14T11:38:49","modified_gmt":"2022-04-14T14:38:49","slug":"projeto-calcada-limpa-vai-combater-poluicao-visual-e-ocupacao-desordenada-em-cabo-frio","status":"publish","type":"post","link":"https:\/\/pdt-rj.org.br\/index.php\/projeto-calcada-limpa-vai-combater-poluicao-visual-e-ocupacao-desordenada-em-cabo-frio\/","title":{"rendered":"Projeto Cal\u00e7ada Limpa combate polui\u00e7\u00e3o visual e ocupa\u00e7\u00e3o desordenada em Cabo Frio"},"content":{"rendered":"<p><strong>Equipes de fiscaliza\u00e7\u00e3o da Prefeitura v\u00e3o retirar placas, banners, adesivos e qualquer outro material em locais n\u00e3o permitidos<\/strong><\/p>\n<p>A Prefeitura de Cabo Frio, administrada pelo PDT, vai dar in\u00edcio ao Projeto Cal\u00e7ada Limpa, que tem como objetivo combater a polui\u00e7\u00e3o visual e a ocupa\u00e7\u00e3o desordenada do passeio p\u00fablico no munic\u00edpio. A partir do dia 2 de maio, fiscais de Posturas e de Mobilidade Urbana v\u00e3o retirar placas, adesivos, banners, wind flags e qualquer outro material colocado de forma irregular em postes, cal\u00e7adas ou em outros pontos das vias p\u00fablicas.<\/p>\n<p>A a\u00e7\u00e3o ser\u00e1 coordenada pela Secretaria Municipal de Mobilidade Urbana, em parceria com a Secretaria de Obras e Servi\u00e7os P\u00fablicos, com apoio da Fiscaliza\u00e7\u00e3o de Posturas, que j\u00e1 realiza trabalho de ordenamento das cal\u00e7adas.<\/p>\n<p>De acordo com a secret\u00e1ria de Mobilidade Urbana, Tita Calvet, os alvos da a\u00e7\u00e3o ser\u00e3o placas e outros materiais colocados fora da \u00e1rea permitida pela Prefeitura, como postes, canteiros e \u00e1rvores. Al\u00e9m disso, as equipes de fiscaliza\u00e7\u00e3o estar\u00e3o atentas aos com\u00e9rcios que obstruem as cal\u00e7adas com material de venda.<\/p>\n<p>\u201cNosso objetivo \u00e9 manter a cidade mais organizada, livre da polui\u00e7\u00e3o visual provocada por placas posicionadas fora dos locais permitidos. Nestes casos, a fiscaliza\u00e7\u00e3o vai passar e recolher esses materiais. Al\u00e9m disso, estaremos atentos \u00e0s wind flags, que s\u00e3o as bandeiras que muitos com\u00e9rcios usam para divulgar os servi\u00e7os e produtos. Se esses materiais estiverem obstruindo as cal\u00e7adas, ser\u00e3o retirados\u201d, explica a secret\u00e1ria.<\/p>\n<p><strong>Ordenamento das cal\u00e7adas<\/strong><\/p>\n<p>A Fiscaliza\u00e7\u00e3o de Posturas tem realizado trabalho de orienta\u00e7\u00e3o sobre as regras de ordenamento das cal\u00e7adas no munic\u00edpio. Os fiscais j\u00e1 estiveram em diversos bairros, entre eles o Per\u00f3 e o Jardim Esperan\u00e7a, onde notificaram alguns comerciantes para n\u00e3o obstru\u00edrem o passeio p\u00fablico com produtos.<\/p>\n<p>Todos os comerciantes s\u00e3o orientados a n\u00e3o colocarem prateleiras, mesas, cadeiras, caixas de cerveja ou qualquer outro produto ou material nas cal\u00e7adas, deixando as mesmas livres para a circula\u00e7\u00e3o de pedestres.<\/p>\n<p>\u201cNosso objetivo \u00e9 orientar o comerciante sobre o ordenamento p\u00fablico, informando que n\u00e3o \u00e9 permitida a coloca\u00e7\u00e3o de material de venda nas cal\u00e7adas. O passeio p\u00fablico deve estar livre para a circula\u00e7\u00e3o de pedestres e o com\u00e9rcio que descumprir poder\u00e1 ser autuado\u201d, informa o secret\u00e1rio municipal de Obras e Servi\u00e7os P\u00fablicos, Alan Nascimento.<\/p>\n<!-- AddThis Advanced Settings generic via filter on the_content --><!-- AddThis Share Buttons generic via filter on the_content -->","protected":false},"excerpt":{"rendered":"<p>Equipes de fiscaliza\u00e7\u00e3o da Prefeitura v\u00e3o retirar placas, banners, adesivos e qualquer outro material em locais n\u00e3o permitidos A Prefeitura de Cabo Frio, administrada pelo PDT, vai dar in\u00edcio ao Projeto Cal\u00e7ada Limpa, que tem como objetivo combater a polui\u00e7\u00e3o visual e a ocupa\u00e7\u00e3o desordenada do passeio p\u00fablico no munic\u00edpio. A partir do dia 2&#8230;<!-- AddThis Advanced Settings generic via filter on wp_trim_excerpt --><!-- AddThis Share Buttons generic via filter on wp_trim_excerpt --><\/p>\n","protected":false},"author":17,"featured_media":81533,"comment_status":"closed","ping_status":"closed","sticky":false,"template":"","format":"standard","meta":{"_monsterinsights_skip_tracking":false,"_monsterinsights_sitenote_active":false,"_monsterinsights_sitenote_note":"","_monsterinsights_sitenote_category":0,"_uf_show_specific_survey":0,"_uf_disable_surveys":false,"footnotes":""},"categories":[1390,1402],"tags":[],"class_list":["post-81532","post","type-post","status-publish","format-standard","has-post-thumbnail","hentry","category-editorias","category-cidades"],"acf":[],"_links":{"self":[{"href":"https:\/\/pdt-rj.org.br\/index.php\/wp-json\/wp\/v2\/posts\/81532","targetHints":{"allow":["GET"]}}],"collection":[{"href":"https:\/\/pdt-rj.org.br\/index.php\/wp-json\/wp\/v2\/posts"}],"about":[{"href":"https:\/\/pdt-rj.org.br\/index.php\/wp-json\/wp\/v2\/types\/post"}],"author":[{"embeddable":true,"href":"https:\/\/pdt-rj.org.br\/index.php\/wp-json\/wp\/v2\/users\/17"}],"replies":[{"embeddable":true,"href":"https:\/\/pdt-rj.org.br\/index.php\/wp-json\/wp\/v2\/comments?post=81532"}],"version-history":[{"count":3,"href":"https:\/\/pdt-rj.org.br\/index.php\/wp-json\/wp\/v2\/posts\/81532\/revisions"}],"predecessor-version":[{"id":81572,"href":"https:\/\/pdt-rj.org.br\/index.php\/wp-json\/wp\/v2\/posts\/81532\/revisions\/81572"}],"wp:featuredmedia":[{"embeddable":true,"href":"https:\/\/pdt-rj.org.br\/index.php\/wp-json\/wp\/v2\/media\/81533"}],"wp:attachment":[{"href":"https:\/\/pdt-rj.org.br\/index.php\/wp-json\/wp\/v2\/media?parent=81532"}],"wp:term":[{"taxonomy":"category","embeddable":true,"href":"https:\/\/pdt-rj.org.br\/index.php\/wp-json\/wp\/v2\/categories?post=81532"},{"taxonomy":"post_tag","embeddable":true,"href":"https:\/\/pdt-rj.org.br\/index.php\/wp-json\/wp\/v2\/tags?post=81532"}],"curies":[{"name":"wp","href":"https:\/\/api.w.org\/{rel}","templated":true}]}}