{"id":81484,"date":"2022-04-11T11:46:35","date_gmt":"2022-04-11T14:46:35","guid":{"rendered":"https:\/\/pdt-rj.org.br\/?p=81484"},"modified":"2022-04-14T11:57:29","modified_gmt":"2022-04-14T14:57:29","slug":"cidades-contra-o-aquecimento-global-por-axel-grael","status":"publish","type":"post","link":"https:\/\/pdt-rj.org.br\/index.php\/cidades-contra-o-aquecimento-global-por-axel-grael\/","title":{"rendered":"&#8220;Cidades contra o aquecimento global&#8221;, por Axel Grael"},"content":{"rendered":"<p><strong>Munic\u00edpios t\u00eam um desafio planet\u00e1rio que vem sendo tratado pelas na\u00e7\u00f5es de forma, no m\u00ednimo, complacente<\/strong><\/p>\n<p>O s\u00e9culo 21 ser\u00e1, sem d\u00favida, dominado pelas cidades, disse Sadiq Khan, prefeito de Londres, durante reuni\u00e3o de que participei com o secret\u00e1rio-geral da Organiza\u00e7\u00e3o das Na\u00e7\u00f5es Unidas (ONU), o portugu\u00eas Ant\u00f3nio Guterres, e outros oito prefeitos de diferentes pa\u00edses. Khan constatou, no encontro da COP 26, em Glasgow, Esc\u00f3cia, em novembro do ano passado, que ap\u00f3s os s\u00e9culos 19, dos Imp\u00e9rios, e 20, das grandes pot\u00eancias, chegou a hora e a vez das cidades.<\/p>\n<p>As cidades t\u00eam um desafio planet\u00e1rio que vem sendo tratado pelas na\u00e7\u00f5es de forma, no m\u00ednimo, complacente. Recentemente, o Painel Intergovernamental de Mudan\u00e7as Clim\u00e1ticas (IPCC) da ONU divulgou relat\u00f3rio no qual faz forte alerta quanto \u00e0 possibilidade de n\u00e3o cumprimento do Acordo de Paris, de 2015, quando se concordou que o n\u00edvel de aquecimento global n\u00e3o poderia passar do limite de 1,5 C\u00b0 at\u00e9 2100. Se tudo continuar como est\u00e1, deve chegar a 3,2 C\u00b0. O s\u00e9culo das cidades est\u00e1 em xeque.<\/p>\n<p>Pa\u00edses desenvolvidos s\u00e3o os maiores emissores, com destaque para os Estados Unidos e China. O Brasil est\u00e1 entre os que mais emitem carbono na atmosfera, devido \u00e0s queimadas e ao desmatamento. A posi\u00e7\u00e3o brasileira hoje, infelizmente, \u00e9 totalmente retr\u00f3grada a respeito das mudan\u00e7as clim\u00e1ticas.<\/p>\n<p>No n\u00edvel municipal, sofremos os efeitos catastr\u00f3ficos do uso de fontes de energia sujas, do desmatamento e do negacionismo. Tivemos dil\u00favios sem registro na Hist\u00f3ria, como em Petr\u00f3polis e Angra dos Reis. Grandes secas amea\u00e7aram a seguran\u00e7a alimentar, o abastecimento urbano, a produ\u00e7\u00e3o industrial e a gera\u00e7\u00e3o de energia hidrel\u00e9trica. A estiagem provocou inc\u00eandios, como o que destruiu o Pantanal.<\/p>\n<p>N\u00e3o h\u00e1 futuro sem sustentabilidade. Ainda temos tempo e espa\u00e7o para a corrigir o rumo. Ser\u00e1 preciso virar a chave, da postura reativa para a agenda propositiva, e superar o ceticismo e os lobbies contr\u00e1rios \u00e0 mudan\u00e7a. Mesmo vil\u00f5es, EUA e China t\u00eam mostrado avan\u00e7o, vide o caso da Calif\u00f3rnia. A China fabrica a maioria das placas fotovoltaicas do mundo e promove o maior esfor\u00e7o de reflorestamento do planeta.<\/p>\n<p>Alemanha, Fran\u00e7a e Gr\u00e3-Bretanha baseiam planos de retomada econ\u00f4mica p\u00f3s-pandemia de Covid-19 em a\u00e7\u00f5es de sustentabilidade e uso de energia limpa. Economia e responsabilidade ambiental e clim\u00e1tica precisam caminhar juntas.<\/p>\n<p>Nos munic\u00edpios, Niter\u00f3i criou a primeira Secretaria Municipal do Clima h\u00e1 um ano. Lan\u00e7amos, por ocasi\u00e3o dos 450 anos da cidade, ano que vem, pacote de R$ 700 milh\u00f5es at\u00e9 2024 em medidas que levar\u00e3o \u00e0 neutraliza\u00e7\u00e3o das emiss\u00f5es de gases, como a instala\u00e7\u00e3o de pain\u00e9is solares e a eletrifica\u00e7\u00e3o da frota de ve\u00edculos. Desde 2013, privilegiamos programas de replantio e conserva\u00e7\u00e3o da \u00e1rea verde. Niter\u00f3i tem mais da metade do territ\u00f3rio protegido. Fazemos a nossa parte.<\/p>\n<p>O maior custo \u00e9 o da in\u00e9rcia. Ao assumir senso de urg\u00eancia, a compreens\u00e3o do tamanho e da severidade do risco, temos capacidade de encontrar a solu\u00e7\u00e3o que nos garanta um futuro sustent\u00e1vel e pr\u00f3spero.<\/p>\n<p><strong>*Engenheiro florestal e ambientalista, Axel Grael \u00e9 prefeito de Niter\u00f3i (PDT) e vice-presidente de Objetivos de Desenvolvimento Sustent\u00e1vel (ODS) da Frente Nacional de Prefeitos (FNP)<\/strong><\/p>\n<!-- AddThis Advanced Settings generic via filter on the_content --><!-- AddThis Share Buttons generic via filter on the_content -->","protected":false},"excerpt":{"rendered":"<p>Munic\u00edpios t\u00eam um desafio planet\u00e1rio que vem sendo tratado pelas na\u00e7\u00f5es de forma, no m\u00ednimo, complacente O s\u00e9culo 21 ser\u00e1, sem d\u00favida, dominado pelas cidades, disse Sadiq Khan, prefeito de Londres, durante reuni\u00e3o de que participei com o secret\u00e1rio-geral da Organiza\u00e7\u00e3o das Na\u00e7\u00f5es Unidas (ONU), o portugu\u00eas Ant\u00f3nio Guterres, e outros oito prefeitos de diferentes&#8230;<!-- AddThis Advanced Settings generic via filter on wp_trim_excerpt --><!-- AddThis Share Buttons generic via filter on wp_trim_excerpt --><\/p>\n","protected":false},"author":17,"featured_media":81485,"comment_status":"closed","ping_status":"closed","sticky":false,"template":"","format":"standard","meta":{"_monsterinsights_skip_tracking":false,"_monsterinsights_sitenote_active":false,"_monsterinsights_sitenote_note":"","_monsterinsights_sitenote_category":0,"_uf_show_specific_survey":0,"_uf_disable_surveys":false,"footnotes":""},"categories":[1584,1390],"tags":[],"class_list":["post-81484","post","type-post","status-publish","format-standard","has-post-thumbnail","hentry","category-artigos","category-editorias"],"acf":[],"_links":{"self":[{"href":"https:\/\/pdt-rj.org.br\/index.php\/wp-json\/wp\/v2\/posts\/81484","targetHints":{"allow":["GET"]}}],"collection":[{"href":"https:\/\/pdt-rj.org.br\/index.php\/wp-json\/wp\/v2\/posts"}],"about":[{"href":"https:\/\/pdt-rj.org.br\/index.php\/wp-json\/wp\/v2\/types\/post"}],"author":[{"embeddable":true,"href":"https:\/\/pdt-rj.org.br\/index.php\/wp-json\/wp\/v2\/users\/17"}],"replies":[{"embeddable":true,"href":"https:\/\/pdt-rj.org.br\/index.php\/wp-json\/wp\/v2\/comments?post=81484"}],"version-history":[{"count":10,"href":"https:\/\/pdt-rj.org.br\/index.php\/wp-json\/wp\/v2\/posts\/81484\/revisions"}],"predecessor-version":[{"id":81575,"href":"https:\/\/pdt-rj.org.br\/index.php\/wp-json\/wp\/v2\/posts\/81484\/revisions\/81575"}],"wp:featuredmedia":[{"embeddable":true,"href":"https:\/\/pdt-rj.org.br\/index.php\/wp-json\/wp\/v2\/media\/81485"}],"wp:attachment":[{"href":"https:\/\/pdt-rj.org.br\/index.php\/wp-json\/wp\/v2\/media?parent=81484"}],"wp:term":[{"taxonomy":"category","embeddable":true,"href":"https:\/\/pdt-rj.org.br\/index.php\/wp-json\/wp\/v2\/categories?post=81484"},{"taxonomy":"post_tag","embeddable":true,"href":"https:\/\/pdt-rj.org.br\/index.php\/wp-json\/wp\/v2\/tags?post=81484"}],"curies":[{"name":"wp","href":"https:\/\/api.w.org\/{rel}","templated":true}]}}